{"id":172046,"date":"2025-06-13T00:09:08","date_gmt":"2025-06-13T00:09:08","guid":{"rendered":"https:\/\/www.europesays.com\/fr\/172046\/"},"modified":"2025-06-13T00:09:08","modified_gmt":"2025-06-13T00:09:08","slug":"previsions-du-vendredi-13-juin-2025-6","status":"publish","type":"post","link":"https:\/\/www.europesays.com\/fr\/172046\/","title":{"rendered":"pr\u00e9visions du vendredi 13 juin 2025"},"content":{"rendered":"<p>\u00c0 Rennes les temp\u00e9ratures seront comprises entre 14 et 28\u00b0C aujourd&rsquo;hui. Le ciel va s&rsquo;\u00e9claircir dans la matin\u00e9e. Il fera 21\u00b0C en moyenne. Un vent de nord-est rafra\u00eechira un peu l&rsquo;atmosph\u00e8re. L&rsquo;apr\u00e8s-midi, des nuages pars\u00e8meront le ciel, retardant ainsi l&rsquo;apparition du soleil. Des orages de faible intensit\u00e9 gagneront la ville. D&rsquo;un autre c\u00f4t\u00e9, c&rsquo;est une hausse de plusieurs degr\u00e9s que vont enregistrer les temp\u00e9ratures. Les valeurs s&rsquo;\u00e9chelonneront de 23 \u00e0 28\u00b0C. Les r\u00e9sidents devront se mettre \u00e0 l&rsquo;abri des orages qui \u00e9clateront dans la soir\u00e9e. On pr\u00e9voit des temp\u00e9ratures avoisinant 19\u00b0C. C&rsquo;est un ciel brumeux que conna\u00eetra la nuit de vendredi \u00e0 samedi.<\/p>\n<p>Demain, le vent va peu \u00e0 peu chasser la grisaille \u00e0 Rennes. Les temp\u00e9ratures vont descendre de quelques degr\u00e9s. Les valeurs afficheront entre 12 et 22\u00b0C. Un modeste vent de sud-ouest sera ressenti par les habitants. Les temp\u00e9ratures tourneront autour des 18\u00b0C au cours de la matin\u00e9e. Un temps plus chaud est attendu demain apr\u00e8s-midi \u00e9tant donn\u00e9 que le mercure va conna\u00eetre une augmentation. Les maximales iront jusqu&rsquo;\u00e0 22\u00b0C et les minimales seront de 21\u00b0C. Demain soir, le thermom\u00e8tre affichera 18\u00b0C en moyenne.<\/p>\n<p>Les jours qui suivent s&rsquo;annoncent identiques. Pr\u00e9voyez 18\u00b0C en moyenne qui accompagneront des journ\u00e9es ensoleill\u00e9es.<\/p>\n<p><\/p>\n","protected":false},"excerpt":{"rendered":"\u00c0 Rennes les temp\u00e9ratures seront comprises entre 14 et 28\u00b0C aujourd&rsquo;hui. Le ciel va s&rsquo;\u00e9claircir dans la matin\u00e9e.&hellip;\n","protected":false},"author":2,"featured_media":172047,"comment_status":"","ping_status":"","sticky":false,"template":"","format":"standard","meta":{"footnotes":""},"categories":[2821],"tags":[1111,11,829,1777,674,1011,27,848,12,2119,584,25],"class_list":{"0":"post-172046","1":"post","2":"type-post","3":"status-publish","4":"format-standard","5":"has-post-thumbnail","7":"category-rennes","8":"tag-actu","9":"tag-actualites","10":"tag-bretagne","11":"tag-eu","12":"tag-europe","13":"tag-fr","14":"tag-france","15":"tag-ille-et-vilaine","16":"tag-news","17":"tag-previsions-meteo","18":"tag-rennes","19":"tag-republique-francaise"},"share_on_mastodon":{"url":"https:\/\/pubeurope.com\/@fr\/114673153705002931","error":""},"_links":{"self":[{"href":"https:\/\/www.europesays.com\/fr\/wp-json\/wp\/v2\/posts\/172046","targetHints":{"allow":["GET"]}}],"collection":[{"href":"https:\/\/www.europesays.com\/fr\/wp-json\/wp\/v2\/posts"}],"about":[{"href":"https:\/\/www.europesays.com\/fr\/wp-json\/wp\/v2\/types\/post"}],"author":[{"embeddable":true,"href":"https:\/\/www.europesays.com\/fr\/wp-json\/wp\/v2\/users\/2"}],"replies":[{"embeddable":true,"href":"https:\/\/www.europesays.com\/fr\/wp-json\/wp\/v2\/comments?post=172046"}],"version-history":[{"count":0,"href":"https:\/\/www.europesays.com\/fr\/wp-json\/wp\/v2\/posts\/172046\/revisions"}],"wp:featuredmedia":[{"embeddable":true,"href":"https:\/\/www.europesays.com\/fr\/wp-json\/wp\/v2\/media\/172047"}],"wp:attachment":[{"href":"https:\/\/www.europesays.com\/fr\/wp-json\/wp\/v2\/media?parent=172046"}],"wp:term":[{"taxonomy":"category","embeddable":true,"href":"https:\/\/www.europesays.com\/fr\/wp-json\/wp\/v2\/categories?post=172046"},{"taxonomy":"post_tag","embeddable":true,"href":"https:\/\/www.europesays.com\/fr\/wp-json\/wp\/v2\/tags?post=172046"}],"curies":[{"name":"wp","href":"https:\/\/api.w.org\/{rel}","templated":true}]}}