{"id":172049,"date":"2025-06-13T00:11:10","date_gmt":"2025-06-13T00:11:10","guid":{"rendered":"https:\/\/www.europesays.com\/fr\/172049\/"},"modified":"2025-06-13T00:11:10","modified_gmt":"2025-06-13T00:11:10","slug":"previsions-du-vendredi-13-juin-2025-7","status":"publish","type":"post","link":"https:\/\/www.europesays.com\/fr\/172049\/","title":{"rendered":"pr\u00e9visions du vendredi 13 juin 2025"},"content":{"rendered":"<p>\u00c0 Strasbourg les temp\u00e9ratures afficheront entre 17 et 31\u00b0C durant la journ\u00e9e. Un vent de nord-est soufflera un peu, avec 7 km\/h. Le temps va doucement s&rsquo;am\u00e9liorer dans la matin\u00e9e et laisser place \u00e0 des \u00e9claircies. Le soleil sera dominant, la garantie d&rsquo;un magnifique apr\u00e8s-midi ! L&rsquo;air ambiant va se r\u00e9chauffer avec une augmentation de plusieurs degr\u00e9s. La ville va conna\u00eetre un passage de fortes chaleurs avec des valeurs qui rejoindront parfois les 31\u00b0C. Les maximales pourront atteindre 31\u00b0C tandis que les minimales seront de 29\u00b0C. Le soir, on pr\u00e9voit des temp\u00e9ratures avoisinant 26\u00b0C. Une nuit claire vous attendra entre vendredi et samedi.<\/p>\n<p>Un beau soleil est pr\u00e9vu demain \u00e0 Strasbourg. Une m\u00e9t\u00e9o plus chaude est attendue puisque le mercure va conna\u00eetre une hausse. Prenez garde \u00e0 la vague de chaud. Des valeurs de 18 \u00e0 33\u00b0C sont pr\u00e9vues. Les temp\u00e9ratures s&rsquo;\u00e9chelonneront entre 18 et 33\u00b0C. Un vent de sud-est rafra\u00eechira sensiblement l&rsquo;atmosph\u00e8re. Le matin, de tr\u00e8s grosses chaleurs (entre 21\u00b0C et 30\u00b0C) sont annonc\u00e9es. Les temp\u00e9ratures vont monter pendant l&rsquo;apr\u00e8s-midi de plusieurs degr\u00e9s. Les importantes chaleurs sont install\u00e9es. Avec des valeurs comprises entre 30 et 33\u00b0C. Dans la soir\u00e9e, les temp\u00e9ratures seront de 27\u00b0C.<\/p>\n<p>Une m\u00e9t\u00e9o instable est pr\u00e9vue pour les jours \u00e0 venir. Les conditions m\u00e9t\u00e9orologiques seront pluvieuses dimanche mais elles conna\u00eetront une am\u00e9lioration lundi.<\/p>\n<p><\/p>\n","protected":false},"excerpt":{"rendered":"\u00c0 Strasbourg les temp\u00e9ratures afficheront entre 17 et 31\u00b0C durant la journ\u00e9e. Un vent de nord-est soufflera un&hellip;\n","protected":false},"author":2,"featured_media":172050,"comment_status":"","ping_status":"","sticky":false,"template":"","format":"standard","meta":{"footnotes":""},"categories":[2820],"tags":[1111,11,2389,2649,1777,674,1011,27,775,12,2119,25,640],"class_list":{"0":"post-172049","1":"post","2":"type-post","3":"status-publish","4":"format-standard","5":"has-post-thumbnail","7":"category-strasbourg","8":"tag-actu","9":"tag-actualites","10":"tag-alsace","11":"tag-bas-rhin","12":"tag-eu","13":"tag-europe","14":"tag-fr","15":"tag-france","16":"tag-grand-est","17":"tag-news","18":"tag-previsions-meteo","19":"tag-republique-francaise","20":"tag-strasbourg"},"share_on_mastodon":{"url":"https:\/\/pubeurope.com\/@fr\/114673161575785741","error":""},"_links":{"self":[{"href":"https:\/\/www.europesays.com\/fr\/wp-json\/wp\/v2\/posts\/172049","targetHints":{"allow":["GET"]}}],"collection":[{"href":"https:\/\/www.europesays.com\/fr\/wp-json\/wp\/v2\/posts"}],"about":[{"href":"https:\/\/www.europesays.com\/fr\/wp-json\/wp\/v2\/types\/post"}],"author":[{"embeddable":true,"href":"https:\/\/www.europesays.com\/fr\/wp-json\/wp\/v2\/users\/2"}],"replies":[{"embeddable":true,"href":"https:\/\/www.europesays.com\/fr\/wp-json\/wp\/v2\/comments?post=172049"}],"version-history":[{"count":0,"href":"https:\/\/www.europesays.com\/fr\/wp-json\/wp\/v2\/posts\/172049\/revisions"}],"wp:featuredmedia":[{"embeddable":true,"href":"https:\/\/www.europesays.com\/fr\/wp-json\/wp\/v2\/media\/172050"}],"wp:attachment":[{"href":"https:\/\/www.europesays.com\/fr\/wp-json\/wp\/v2\/media?parent=172049"}],"wp:term":[{"taxonomy":"category","embeddable":true,"href":"https:\/\/www.europesays.com\/fr\/wp-json\/wp\/v2\/categories?post=172049"},{"taxonomy":"post_tag","embeddable":true,"href":"https:\/\/www.europesays.com\/fr\/wp-json\/wp\/v2\/tags?post=172049"}],"curies":[{"name":"wp","href":"https:\/\/api.w.org\/{rel}","templated":true}]}}