{"id":172053,"date":"2025-06-13T00:13:10","date_gmt":"2025-06-13T00:13:10","guid":{"rendered":"https:\/\/www.europesays.com\/fr\/172053\/"},"modified":"2025-06-13T00:13:10","modified_gmt":"2025-06-13T00:13:10","slug":"lun-des-villages-les-plus-celebres-de-la-cote-dazur-a-decide-de-reprendre-le-bureau-de-la-poste-qui-devait-fermer","status":"publish","type":"post","link":"https:\/\/www.europesays.com\/fr\/172053\/","title":{"rendered":"L&rsquo;un des villages les plus c\u00e9l\u00e8bres de la C\u00f4te d&rsquo;Azur a d\u00e9cid\u00e9 de reprendre le bureau de La Poste qui devait fermer"},"content":{"rendered":"<p>La Poste laisse la main \u00e0 la Ville. L\u2019ancien bureau au c\u0153ur du village de Saint-Paul-de-Vence, va devenir une agence de poste communale. Une d\u00e9cision \u2013 qui a suscit\u00e9 un grand int\u00e9r\u00eat aupr\u00e8s des \u00e9lus et des habitants \u2013 act\u00e9e lors du dernier conseil municipal dans le cadre de l\u2019am\u00e9nagement du territoire. Une transformation qui s\u2019op\u00e8re en raison de nombreux services r\u00e9duits pour le public, comme le retrait du distributeur de billets automatique (DAB).<\/p>\n<p>\u00ab\u00a0\u00c7a nous pendait au nez\u00a0\u00bb<\/p>\n<p>Afin de maintenir un service de proximit\u00e9, la commune va travailler en partenariat avec le groupe La Poste. \u00ab\u00a0Ca nous pendait au nez. J\u2019ai pr\u00e9f\u00e9r\u00e9 anticiper, car le d\u00e9sengagement de La Poste est clair\u00a0\u00bb, a tacl\u00e9 le maire (sans \u00e9tiquette) saint-paulois, Jean-Pierre Camilla. Et d\u2019expliquer: \u00ab\u00a0Nous votons une convention qui permettra de r\u00e9fl\u00e9chir sur l\u2019am\u00e9nagement de ce projet et de solliciter des devis de r\u00e9fection des bureaux. La Poste pourra participer au financement des travaux \u00e0 hauteur de 50.000 euros\u00a0\u00bb.<\/p>\n<p>Ladite convention doit s\u2019\u00e9taler sur 9 ans et pr\u00e9voit une ouverture \u00e0 raison de 12 heures par semaine. Une indemnit\u00e9 forfaitaire mensuelle de 1.200 euros sera vers\u00e9e par l\u2019entreprise fran\u00e7aise \u00e0 la municipalit\u00e9. Dans le d\u00e9tail: \u00ab\u00a0Nous allons recruter un agent municipal qui sera form\u00e9 par la Poste et pendant l\u2019autre partie de son temps de travail, cette personne assurera une mission mairie. L\u2019urgence est aussi de remettre en place un DAB\u00a0\u00bb. Le contrat pourrait prendre effet \u00e0 la fin d\u2019ann\u00e9e.<\/p>\n<p>La Ville participe au d\u00e9sendettement de l\u2019\u00c9tat<\/p>\n<p>Dilico pour dispositif de lissage conjoncturel. Six lettres qui ont inqui\u00e9t\u00e9 les maires de France. Six lettres qui ont enflamm\u00e9 la s\u00e9ance municipale de Saint-Paul-de-Vence.<\/p>\n<p>Cette ann\u00e9e, certaines communes en France, les plus riches, doivent s\u2019acquitter d\u2019une nouvelle taxe, c\u2019est le fameux Dilico. Objectif: participer au d\u00e9sendettement de l\u2019\u00c9tat. Parmi les 1924 collectivit\u00e9s territoriales concern\u00e9es en France: Saint-Paul-de-Vence. L\u2019adjoint au maire, Pascal Stacini, a donc, pr\u00e9sent\u00e9 une d\u00e9cision modificative au budget primitif afin d\u2019inscrire le versement de ce Dilico envers l\u2019\u00c9tat pour un montant de 125.403 euros.<\/p>\n<p>Aussit\u00f4t, le conseiller municipal d\u2019opposition, Jean-Paul Faure a interrog\u00e9 le maire, Jean-Pierre Camilla: \u00ab\u00a0Pourquoi cela n\u2019a pas \u00e9t\u00e9 pr\u00e9vu au budget?\u00a0\u00bb. Le premier magistrat saint-paulois s\u2019est d\u00e9fendu: \u00a0\u00bb Cela nous est tomb\u00e9 dessus \u00e0 15 jours de voter le budget, mais sans conna\u00eetre le montant exact, c\u2019\u00e9tait flou avec plusieurs montants \u00e9voqu\u00e9s. Il s\u2019agit d\u2019une contribution calcul\u00e9e sur la richesse des habitants, au vu de leurs d\u00e9clarations et impositions des revenus. Cette taxe que la commune paie n\u2019est en aucun cas \u00e9valu\u00e9e sur les ressources de la Ville\u00a0\u00bb.<\/p>\n<p>Saint-Paul-de-Vence se classe \u00e0 la 6e position sur les 20 plus hautes contributions du d\u00e9partement des Alpes-Maritimes.<\/p>\n","protected":false},"excerpt":{"rendered":"La Poste laisse la main \u00e0 la Ville. L\u2019ancien bureau au c\u0153ur du village de Saint-Paul-de-Vence, va devenir&hellip;\n","protected":false},"author":2,"featured_media":172054,"comment_status":"","ping_status":"","sticky":false,"template":"","format":"standard","meta":{"footnotes":""},"categories":[2819],"tags":[1111,11,1777,674,1011,27,12,2401,882,25,3366],"class_list":{"0":"post-172053","1":"post","2":"type-post","3":"status-publish","4":"format-standard","5":"has-post-thumbnail","7":"category-nice","8":"tag-actu","9":"tag-actualites","10":"tag-eu","11":"tag-europe","12":"tag-fr","13":"tag-france","14":"tag-news","15":"tag-nice","16":"tag-provence-alpes-cote-dazur","17":"tag-republique-francaise","18":"tag-vie-locale"},"share_on_mastodon":{"url":"https:\/\/pubeurope.com\/@fr\/114673169548123409","error":""},"_links":{"self":[{"href":"https:\/\/www.europesays.com\/fr\/wp-json\/wp\/v2\/posts\/172053","targetHints":{"allow":["GET"]}}],"collection":[{"href":"https:\/\/www.europesays.com\/fr\/wp-json\/wp\/v2\/posts"}],"about":[{"href":"https:\/\/www.europesays.com\/fr\/wp-json\/wp\/v2\/types\/post"}],"author":[{"embeddable":true,"href":"https:\/\/www.europesays.com\/fr\/wp-json\/wp\/v2\/users\/2"}],"replies":[{"embeddable":true,"href":"https:\/\/www.europesays.com\/fr\/wp-json\/wp\/v2\/comments?post=172053"}],"version-history":[{"count":0,"href":"https:\/\/www.europesays.com\/fr\/wp-json\/wp\/v2\/posts\/172053\/revisions"}],"wp:featuredmedia":[{"embeddable":true,"href":"https:\/\/www.europesays.com\/fr\/wp-json\/wp\/v2\/media\/172054"}],"wp:attachment":[{"href":"https:\/\/www.europesays.com\/fr\/wp-json\/wp\/v2\/media?parent=172053"}],"wp:term":[{"taxonomy":"category","embeddable":true,"href":"https:\/\/www.europesays.com\/fr\/wp-json\/wp\/v2\/categories?post=172053"},{"taxonomy":"post_tag","embeddable":true,"href":"https:\/\/www.europesays.com\/fr\/wp-json\/wp\/v2\/tags?post=172053"}],"curies":[{"name":"wp","href":"https:\/\/api.w.org\/{rel}","templated":true}]}}