{"id":172057,"date":"2025-06-13T00:15:15","date_gmt":"2025-06-13T00:15:15","guid":{"rendered":"https:\/\/www.europesays.com\/fr\/172057\/"},"modified":"2025-06-13T00:15:15","modified_gmt":"2025-06-13T00:15:15","slug":"la-directrice-de-lecole-a-ete-ecartee","status":"publish","type":"post","link":"https:\/\/www.europesays.com\/fr\/172057\/","title":{"rendered":"la directrice de l&rsquo;\u00e9cole a \u00e9t\u00e9 \u00e9cart\u00e9e"},"content":{"rendered":"<p>            Par<br \/>\n        <strong><br \/>\n            <a href=\"https:\/\/actu.fr\/auteur\/laure-gentil\" title=\"Consulter tous les articles de Laure Gentil\" target=\"_blank\" rel=\"noopener\">Laure Gentil<\/a><br \/>\n        <\/strong><\/p>\n<p>        Publi\u00e9 le<\/p>\n<p>            12 juin 2025 \u00e0 16h45        <\/p>\n<p>Les parents d\u2019\u00e9l\u00e8ves de l\u2019\u00e9cole publique de<strong> Port Boyer<\/strong>, \u00e0 <a href=\"https:\/\/actu.fr\/nantes\" target=\"_blank\" rel=\"noopener\">Nantes<\/a>, ne comprennent pas le choix fait par l\u2019Acad\u00e9mie. Dans le cadre d\u2019une fusion entre la maternelle et l\u2019\u00e9l\u00e9mentaire, les parents et les enseignants ont vot\u00e9 en faveur d\u2019<strong>Aur\u00e9lie H<\/strong>., la directrice de l\u2019\u00e9cole maternelle, pour diriger la nouvelle structure. La direction acad\u00e9mique (Dasen) en a d\u00e9cid\u00e9 autrement.<\/p>\n<p class=\" wall-content\"><strong>\u00c9tienne Dormeuil<\/strong>, repr\u00e9sentant des parents d\u2019\u00e9l\u00e8ves et p\u00e8re de deux enfants scolaris\u00e9s \u00e0 Port Boyer, a choisi de manifester avec les autres parents et les professeurs, en gr\u00e8ve, devant les grilles de l\u2019\u00e9cole ce <strong>jeudi 12\u00a0juin 2025<\/strong>. Aupr\u00e8s d\u2019actu Nantes il ne cache pas sa col\u00e8re face \u00e0 cette d\u00e9cision.<\/p>\n<p>La directrice en arr\u00eat maladie<\/p>\n<p class=\" wall-content\">Voil\u00e0 maintenant <strong>cinq ans<\/strong> que Port Boyer se pr\u00e9pare \u00e0 cette <strong>fusion<\/strong>, un projet enti\u00e8rement port\u00e9 et pr\u00e9par\u00e9 par Aur\u00e9lie H. selon \u00c9tienne Dormeuil. Il \u00e9tait donc naturel, explique-t-il, que celle qui \u00e9tait directrice de la maternelle, devienne directrice de cette nouvelle structure.<\/p>\n<p class=\" wall-content\">\u00ab\u2009Elle a men\u00e9 une d\u00e9marche de renouveau de l\u2019\u00e9cole et a soutenu plein de projets, assure-t-il.\u2009Il y a eu un <strong>vote au conseil d\u2019\u00e9cole<\/strong> en mars durant lequel nous nous sommes prononc\u00e9s en faveur de sa nomination.\u2009\u00bb<\/p>\n<p class=\" wall-content\">Parents et \u00e9quipe \u00e9ducative ont tent\u00e9 de comprendre\u2009: \u00ab\u2009On a fait des courriers aupr\u00e8s de la Dasen pour comprendre et faire part de notre stupeur.\u2009\u00bb En vain. Depuis l\u2019annonce de la nomination d\u2019une autre personne au poste, <strong>Aur\u00e9lie H. est en arr\u00eat<\/strong>. \u00ab\u2009Tout le monde est un peu sous le choc\u2009\u00bb, avoue \u00c9tienne Dormeuil.<\/p>\n<p class=\" wall-content\">Il en est s\u00fbr,<strong> la Dasen n\u2019a pas fait \u00ab\u2009d\u2019\u00e9tude de terrain\u2009\u00bb<\/strong> et ne s\u2019est pas pench\u00e9e sur les efforts et le travail accompli par la directrice de la maternelle.<\/p>\n<p class=\" wall-content\">\u00ab\u2009Il reste un mois avant la fin de l\u2019ann\u00e9e scolaire, <strong>le temps joue contre nous\u2009\u00bb,<\/strong> soupire ce p\u00e8re de famille qui craint de ne pas \u00eatre entendu.<\/p>\n<p>Une p\u00e9tition en ligne<\/p>\n<p class=\" wall-content\"><a href=\"https:\/\/www.change.org\/p\/p%C3%A9tition-pour-la-nomination-de-mme-aur%C3%A9lie-helmer-%C3%A0-la-direction-de-l-%C3%A9cole-port-boyer\" target=\"_blank\" rel=\"noopener\">Une p\u00e9tition en ligne a \u00e9t\u00e9 lanc\u00e9e sur Change.org<\/a>\u00a0dans l\u2019espoir de faire changer la d\u00e9cision de nommer quelqu\u2019un d\u2019autre qu\u2019Aur\u00e9lie H. Elle a r\u00e9colt\u00e9, \u00e0 l\u2019heure o\u00f9 sont \u00e9crites ces lignes, <strong>420 signatures.<\/strong><\/p>\n<p class=\" wall-content\">Suivez toute l\u2019actualit\u00e9 de vos villes et m\u00e9dias favoris en vous inscrivant \u00e0 <a href=\"https:\/\/moncompte.actu.fr\" title=\"D\u00e9couvez Mon Actu\" rel=\"nofollow noopener\" data-trk=\"{&quot;cta&quot;:{&quot;action&quot;:&quot;https:\\\/\\\/moncompte.actu.fr&quot;,&quot;category&quot;:&quot;mon compte&quot;,&quot;from&quot;:&quot;article footer&quot;,&quot;name&quot;:&quot;Mon actu&quot;,&quot;type&quot;:&quot;cta&quot;}}\" target=\"_blank\">Mon Actu<\/a>.<\/p>\n","protected":false},"excerpt":{"rendered":"Par Laure Gentil Publi\u00e9 le 12 juin 2025 \u00e0 16h45 Les parents d\u2019\u00e9l\u00e8ves de l\u2019\u00e9cole publique de Port&hellip;\n","protected":false},"author":2,"featured_media":172058,"comment_status":"","ping_status":"","sticky":false,"template":"","format":"standard","meta":{"footnotes":""},"categories":[2818],"tags":[1111,11,4019,1719,1777,674,1011,27,1272,766,12,2636,25,104],"class_list":{"0":"post-172057","1":"post","2":"type-post","3":"status-publish","4":"format-standard","5":"has-post-thumbnail","7":"category-nantes","8":"tag-actu","9":"tag-actualites","10":"tag-ecoles","11":"tag-enfants","12":"tag-eu","13":"tag-europe","14":"tag-fr","15":"tag-france","16":"tag-manifestations","17":"tag-nantes","18":"tag-news","19":"tag-pays-de-la-loire","20":"tag-republique-francaise","21":"tag-societe"},"share_on_mastodon":{"url":"https:\/\/pubeurope.com\/@fr\/114673177418682168","error":""},"_links":{"self":[{"href":"https:\/\/www.europesays.com\/fr\/wp-json\/wp\/v2\/posts\/172057","targetHints":{"allow":["GET"]}}],"collection":[{"href":"https:\/\/www.europesays.com\/fr\/wp-json\/wp\/v2\/posts"}],"about":[{"href":"https:\/\/www.europesays.com\/fr\/wp-json\/wp\/v2\/types\/post"}],"author":[{"embeddable":true,"href":"https:\/\/www.europesays.com\/fr\/wp-json\/wp\/v2\/users\/2"}],"replies":[{"embeddable":true,"href":"https:\/\/www.europesays.com\/fr\/wp-json\/wp\/v2\/comments?post=172057"}],"version-history":[{"count":0,"href":"https:\/\/www.europesays.com\/fr\/wp-json\/wp\/v2\/posts\/172057\/revisions"}],"wp:featuredmedia":[{"embeddable":true,"href":"https:\/\/www.europesays.com\/fr\/wp-json\/wp\/v2\/media\/172058"}],"wp:attachment":[{"href":"https:\/\/www.europesays.com\/fr\/wp-json\/wp\/v2\/media?parent=172057"}],"wp:term":[{"taxonomy":"category","embeddable":true,"href":"https:\/\/www.europesays.com\/fr\/wp-json\/wp\/v2\/categories?post=172057"},{"taxonomy":"post_tag","embeddable":true,"href":"https:\/\/www.europesays.com\/fr\/wp-json\/wp\/v2\/tags?post=172057"}],"curies":[{"name":"wp","href":"https:\/\/api.w.org\/{rel}","templated":true}]}}