{"id":172059,"date":"2025-06-13T00:16:17","date_gmt":"2025-06-13T00:16:17","guid":{"rendered":"https:\/\/www.europesays.com\/fr\/172059\/"},"modified":"2025-06-13T00:16:17","modified_gmt":"2025-06-13T00:16:17","slug":"la-reponse-dabline-a-la-sortie-musclee-de-kita-et-a-linteret-de-lom-2","status":"publish","type":"post","link":"https:\/\/www.europesays.com\/fr\/172059\/","title":{"rendered":"la r\u00e9ponse d&rsquo;Abline \u00e0 la sortie muscl\u00e9e de Kita et \u00e0 l&rsquo;int\u00e9r\u00eat de l&rsquo;OM"},"content":{"rendered":"<p>Il fut l\u2019un des grands artisans du maintien nantais en Ligue 1. En grande souffrance tout au long de la saison, le FCN a au moins pu compter sur l\u2019efficacit\u00e9 de Matthis Abline, buteur \u00e0 neuf reprises en 34 matchs, et l\u2019un des rares avec Moses Simon \u00e0 apporter un peu de lumi\u00e8re aux supporters. Avant de viser plus haut?<\/p>\n<p><a href=\"https:\/\/rmcsport.bfmtv.com\/football\/transferts\/direct-mercato-suivez-en-live-toutes-les-infos-et-rumeurs-du-12-juin-2025_LN-202506120132.html\" rel=\"nofollow noopener\" target=\"_blank\" data-ylk=\"slk:&gt;&gt; Les infos mercato EN DIRECT;elm:context_link;itc:0;sec:content-canvas\" class=\"link \">&gt;&gt; Les infos mercato EN DIRECT<\/a><\/p>\n<p>\u00ab\u00a0\u00c9norm\u00e9ment de trucs me tentent\u00a0\u00bb<\/p>\n<p>Comme expliqu\u00e9 <a href=\"https:\/\/fr.news.yahoo.com\/sport\/mercato-int%C3%A9r%C3%AAt-r%C3%A9ciproque-entre-lom-183440120.html\" data-ylk=\"slk:par RMC Sport;elm:context_link;itc:0;sec:content-canvas;outcm:mb_qualified_link;_E:mb_qualified_link;ct:story;\" class=\"link  yahoo-link\" target=\"_blank\" rel=\"noopener\">par RMC Sport<\/a>, l\u2019ancien Rennais n\u2019est pas insensible \u00e0 l\u2019int\u00e9r\u00eat de l\u2019OM, et \u00e0 l\u2019id\u00e9e de d\u00e9couvrir la Ligue des champions du haut de ses 22 ans. Mais les n\u00e9gociations s\u2019annoncent serr\u00e9es avec les caciques nantais. Au cours d\u2019une interview donn\u00e9e \u00e0 <a href=\"https:\/\/www.lequipe.fr\/Football\/Actualites\/-abline-n-ira-pas-a-l-om-sauf-s-ils-paient-une-fortune-waldemar-kita-envoie-un-message-a-marseille\/1569475\" rel=\"nofollow noopener\" target=\"_blank\" data-ylk=\"slk:L\u2019\u00c9quipe;elm:context_link;itc:0;sec:content-canvas\" class=\"link \">L\u2019\u00c9quipe<\/a> ce jeudi, Waldemar Kita a donn\u00e9 le ton, sans faire dans la langue de bois: \u00ab\u00a0Abline n&rsquo;ira pas \u00e0 l&rsquo;OM, sauf s&rsquo;ils paient une fortune, 50 millions d\u2019euros. Ils n&rsquo;ont pas tant d&rsquo;argent que \u00e7a. Mais j&rsquo;aimerais qu&rsquo;il reste.\u00a0\u00bb<\/p>\n<p>Invit\u00e9 par <a href=\"https:\/\/www.lequipe.fr\/Football\/Actualites\/-enormement-de-trucs-me-tentent-sourit-matthis-abline-interroge-sur-son-avenir\/1569595\" rel=\"nofollow noopener\" target=\"_blank\" data-ylk=\"slk:L\u2019\u00c9quipe;elm:context_link;itc:0;sec:content-canvas\" class=\"link \">L\u2019\u00c9quipe<\/a> \u00e0 commenter la sortie offensive de son pr\u00e9sident, Abline a laiss\u00e9 \u00e9chapper un rire. \u00ab\u00a0Ouais, j&rsquo;ai vu \u00e7a&#8230; Je ne sais pas trop comment r\u00e9agir. Il a son avis, et voil\u00e0\u00a0\u00bb, a d\u00e9clar\u00e9 l\u2019attaquant, actuellement en Slovaquie o\u00f9 il dispute l\u2019Euro Espoirs avec les Bleuets. \u00ab\u00a0L\u2019int\u00e9r\u00eat de l\u2019OM? \u00c9norm\u00e9ment de trucs me tentent (sourire). Aujourd&rsquo;hui, je ne me projette pas. Je suis \u00e0 l&rsquo;Euro et c&rsquo;est tout\u00a0\u00bb, a-t-il clarifi\u00e9, pr\u00e9cisant ne pas avoir encore eu d\u2019\u00e9change avec <a href=\"https:\/\/fr.news.yahoo.com\/sport\/mercato-nantes-trouve-accord-dunkerque-110638984.html\" data-ylk=\"slk:Luis Castro;elm:context_link;itc:0;sec:content-canvas;outcm:mb_qualified_link;_E:mb_qualified_link;ct:story;\" class=\"link  yahoo-link\" target=\"_blank\" rel=\"noopener\">Luis Castro<\/a>.<\/p>\n<p>Le Portugais, parvenu \u00e0 guider Dunkerque \u00e0 la quatri\u00e8me place de la Ligue 2 cette saison, est attendu \u00e0 Nantes pour prendre la succession d\u2019Antoine Kombouar\u00e9.<\/p>\n<p><a href=\"https:\/\/rmcsport.bfmtv.com\/football\/transferts\/nantes-la-reponse-d-abline-a-la-sortie-musclee-de-kita-et-a-l-interet-de-l-om_AV-202506120604.html#xtor=AL-68\" rel=\"nofollow noopener\" target=\"_blank\" data-ylk=\"slk:Article original publi\u00e9 sur RMC Sport;elm:context_link;itc:0;sec:content-canvas\" class=\"link \">Article original publi\u00e9 sur RMC Sport<\/a><\/p>\n","protected":false},"excerpt":{"rendered":"Il fut l\u2019un des grands artisans du maintien nantais en Ligue 1. En grande souffrance tout au long&hellip;\n","protected":false},"author":2,"featured_media":172060,"comment_status":"","ping_status":"","sticky":false,"template":"","format":"standard","meta":{"footnotes":""},"categories":[2818],"tags":[1111,11,1777,674,1011,27,4056,66,13295,13298,766,12,2636,25,30694],"class_list":{"0":"post-172059","1":"post","2":"type-post","3":"status-publish","4":"format-standard","5":"has-post-thumbnail","7":"category-nantes","8":"tag-actu","9":"tag-actualites","10":"tag-eu","11":"tag-europe","12":"tag-fr","13":"tag-france","14":"tag-lom","15":"tag-ligue-1","16":"tag-matthis-abline","17":"tag-moses-simon","18":"tag-nantes","19":"tag-news","20":"tag-pays-de-la-loire","21":"tag-republique-francaise","22":"tag-waldemar-kita"},"share_on_mastodon":{"url":"https:\/\/pubeurope.com\/@fr\/114673181305551703","error":""},"_links":{"self":[{"href":"https:\/\/www.europesays.com\/fr\/wp-json\/wp\/v2\/posts\/172059","targetHints":{"allow":["GET"]}}],"collection":[{"href":"https:\/\/www.europesays.com\/fr\/wp-json\/wp\/v2\/posts"}],"about":[{"href":"https:\/\/www.europesays.com\/fr\/wp-json\/wp\/v2\/types\/post"}],"author":[{"embeddable":true,"href":"https:\/\/www.europesays.com\/fr\/wp-json\/wp\/v2\/users\/2"}],"replies":[{"embeddable":true,"href":"https:\/\/www.europesays.com\/fr\/wp-json\/wp\/v2\/comments?post=172059"}],"version-history":[{"count":0,"href":"https:\/\/www.europesays.com\/fr\/wp-json\/wp\/v2\/posts\/172059\/revisions"}],"wp:featuredmedia":[{"embeddable":true,"href":"https:\/\/www.europesays.com\/fr\/wp-json\/wp\/v2\/media\/172060"}],"wp:attachment":[{"href":"https:\/\/www.europesays.com\/fr\/wp-json\/wp\/v2\/media?parent=172059"}],"wp:term":[{"taxonomy":"category","embeddable":true,"href":"https:\/\/www.europesays.com\/fr\/wp-json\/wp\/v2\/categories?post=172059"},{"taxonomy":"post_tag","embeddable":true,"href":"https:\/\/www.europesays.com\/fr\/wp-json\/wp\/v2\/tags?post=172059"}],"curies":[{"name":"wp","href":"https:\/\/api.w.org\/{rel}","templated":true}]}}