{"id":172071,"date":"2025-06-13T00:22:22","date_gmt":"2025-06-13T00:22:22","guid":{"rendered":"https:\/\/www.europesays.com\/fr\/172071\/"},"modified":"2025-06-13T00:22:22","modified_gmt":"2025-06-13T00:22:22","slug":"francis-encyclo-du-tour-dans-la-region-actualites","status":"publish","type":"post","link":"https:\/\/www.europesays.com\/fr\/172071\/","title":{"rendered":"Francis, encyclo du Tour dans la r\u00e9gion \/ Actualit\u00e9s"},"content":{"rendered":"<p>Dans les ann\u00e9es 1960, le Tour de France n\u2019\u00e9tait retransmis qu\u2019une dizaine de minutes, le soir, par une t\u00e9l\u00e9vision en noir et blanc. \u00ab\u00a0<strong>Avec mon p\u00e8re et mes deux fr\u00e8res, on attendait impatiemment chaque r\u00e9sum\u00e9 de l\u2019\u00e9tape\u00a0<\/strong>\u00bb, se souvient Francis Taquet. C\u2019est avec son papa qu\u2019il soutenait Poulidor et qu\u2019il s\u2019enthousiasmait d\u2019aller voir la course Paris-Bruxelles qui passait, une fois par an, pr\u00e8s de la maison familiale.\u00a0<\/p>\n<p>\u00c0 ne pas manquer !\u00a0<\/p>\n<p>Francis \u00e9voque aussi la premi\u00e8re \u00e9tape du Tour de France \u00e0 laquelle il a assist\u00e9, le Roubaix-Reims, en 1973. Sa passion pour le cyclisme, et cette \u00e9preuve en particulier, ne vont plus le l\u00e2cher. <strong>Inutile donc de dire la joie de ce passionn\u00e9 qui va pouvoir assister au grand d\u00e9part<\/strong> de l\u2019\u00e9dition 2025 qui se tiendra \u00e0 Lille le <a href=\"https:\/\/www.lille.fr\/Actualites\/Tour-de-France-2025-depart-a-Lille\" target=\"_blank\" class=\"lien_interne\" rel=\"nofollow noopener\">5 juillet<\/a>\u00a0!\u00a0<\/p>\n<p>S\u2019il a recens\u00e9, dans la r\u00e9gion, 221 \u00e9tapes de ce Tour cr\u00e9\u00e9 en 1903, Francis rappelle que <strong>deux grands d\u00e9parts seulement sont partis de Lille, en 1960 et 1994<\/strong>. Cette troisi\u00e8me fois appara\u00eet donc comme un \u00e9v\u00e9nement pour les amoureux du cyclisme en g\u00e9n\u00e9ral, et de la Grande Boucle en particulier.<\/p>\n<p>Un d\u00e9clic pour trois tomes<\/p>\n<p>Lui est incollable sur ses \u00e9tapes dans les Hauts-de-France, auteur de trois tomes qui en font le r\u00e9cit, <strong>\u00e9toff\u00e9 de nombreux visuels d\u2019\u00e9poque et d\u2019anecdotes. Il raconte de fa\u00e7on chronologique<\/strong>, d\u2019abord de 1906 \u00e0 1938, puis de 1947 \u00e0 1977, et le dernier sorti, de 1978 \u00e0 2022.<\/p>\n<p>Un d\u00e9clic lui a donn\u00e9 envie d\u2019\u00e9crire ces histoires\u00a0: une photo du peloton du Tour, rue Nationale, dans les ann\u00e9es 1930. Il l\u2019a d\u00e9couverte dans une revue ancienne, de celles qu\u2019il aime collectionner.<\/p>\n<p>Des heures de bibli !<\/p>\n<p>Comme les recherches n\u00e9cessitent du temps, <strong>il a attendu d\u2019\u00eatre \u00e0 la retraite pour se lancer.<\/strong><\/p>\n<p>Et quand il n\u2019enfourchait pas lui-m\u00eame sa petite reine, il collectait d\u2019innombrables informations \u00e0 la Biblioth\u00e8que municipale de Lille qui poss\u00e8de quotidiens et magazines d\u2019\u00e9poque \u00ab\u00a0<strong>d\u2019une grande qualit\u00e9 de conservation\u00a0<\/strong>\u00bb. Il est pass\u00e9 aussi par les biblioth\u00e8ques de Roubaix, Dunkerque, Amiens ou encore Paris.\u00a0<\/p>\n<p>Chacun des tomes est <strong>pr\u00e9fac\u00e9 par des noms<\/strong>\u00a0: Jean-Marie Leblanc, ancien directeur du Tour de France, et Serge Laget, grand historien du cyclisme, Bernard Th\u00e9venet, ancien coureur, double vainqueur de la Grande Boucle, et Christian Prudhomme, son actuel directeur. De quoi valider, si besoin en \u00e9tait, la qualit\u00e9 de leur contenu\u00a0!<\/p>\n<p>Par Val\u00e9rie Pfahl<\/p>\n<p><strong>\u00c0 l&rsquo;occasion du grand d\u00e9part du 5 juillet, une exposition attend les amateurs dans le hall du si\u00e8ge de la R\u00e9gion Hauts-de-France. Cette exposition in\u00e9dite a \u00e9t\u00e9 con\u00e7ue en collaboration avec Francis Taquet et \u00c9ric Caron, collectionneur lui aussi passionn\u00e9. Le premier y partage de nombreux contenus et le second des objets embl\u00e9matiques.<\/strong><\/p>\n<p>. Jusqu&rsquo;au 27 juillet, entr\u00e9e gratuite aux horaires d&rsquo;ouverture du si\u00e8ge, 151 Ave du Pr\u00e9sident Hoover<\/p>\n","protected":false},"excerpt":{"rendered":"Dans les ann\u00e9es 1960, le Tour de France n\u2019\u00e9tait retransmis qu\u2019une dizaine de minutes, le soir, par une&hellip;\n","protected":false},"author":2,"featured_media":172072,"comment_status":"","ping_status":"","sticky":false,"template":"","format":"standard","meta":{"footnotes":""},"categories":[2815],"tags":[1111,11,4763,1777,674,1011,27,811,1307,5415,12,25],"class_list":{"0":"post-172071","1":"post","2":"type-post","3":"status-publish","4":"format-standard","5":"has-post-thumbnail","7":"category-lille","8":"tag-actu","9":"tag-actualites","10":"tag-agenda","11":"tag-eu","12":"tag-europe","13":"tag-fr","14":"tag-france","15":"tag-hauts-de-france","16":"tag-lille","17":"tag-mairie","18":"tag-news","19":"tag-republique-francaise"},"share_on_mastodon":{"url":"https:\/\/pubeurope.com\/@fr\/114673204828119697","error":""},"_links":{"self":[{"href":"https:\/\/www.europesays.com\/fr\/wp-json\/wp\/v2\/posts\/172071","targetHints":{"allow":["GET"]}}],"collection":[{"href":"https:\/\/www.europesays.com\/fr\/wp-json\/wp\/v2\/posts"}],"about":[{"href":"https:\/\/www.europesays.com\/fr\/wp-json\/wp\/v2\/types\/post"}],"author":[{"embeddable":true,"href":"https:\/\/www.europesays.com\/fr\/wp-json\/wp\/v2\/users\/2"}],"replies":[{"embeddable":true,"href":"https:\/\/www.europesays.com\/fr\/wp-json\/wp\/v2\/comments?post=172071"}],"version-history":[{"count":0,"href":"https:\/\/www.europesays.com\/fr\/wp-json\/wp\/v2\/posts\/172071\/revisions"}],"wp:featuredmedia":[{"embeddable":true,"href":"https:\/\/www.europesays.com\/fr\/wp-json\/wp\/v2\/media\/172072"}],"wp:attachment":[{"href":"https:\/\/www.europesays.com\/fr\/wp-json\/wp\/v2\/media?parent=172071"}],"wp:term":[{"taxonomy":"category","embeddable":true,"href":"https:\/\/www.europesays.com\/fr\/wp-json\/wp\/v2\/categories?post=172071"},{"taxonomy":"post_tag","embeddable":true,"href":"https:\/\/www.europesays.com\/fr\/wp-json\/wp\/v2\/tags?post=172071"}],"curies":[{"name":"wp","href":"https:\/\/api.w.org\/{rel}","templated":true}]}}