{"id":172073,"date":"2025-06-13T00:23:14","date_gmt":"2025-06-13T00:23:14","guid":{"rendered":"https:\/\/www.europesays.com\/fr\/172073\/"},"modified":"2025-06-13T00:23:14","modified_gmt":"2025-06-13T00:23:14","slug":"une-mineure-de-13-ans-victime-dune-agression-sexuelle-alors-quelle-se-baignait-aux-catalans-a-marseille","status":"publish","type":"post","link":"https:\/\/www.europesays.com\/fr\/172073\/","title":{"rendered":"Une mineure de 13 ans victime d&rsquo;une agression sexuelle alors qu&rsquo;elle se baignait aux Catalans \u00e0 Marseille"},"content":{"rendered":"<p>Le dispositif de <a href=\"https:\/\/www.laprovence.com\/article\/faits-divers-justice\/1845443704166514\/le-littoral-sous-haute-surveillance-cet-ete-a-marseille-pres-de-300-policiers-veilleront-au-grain\" target=\"_blank\" rel=\"noopener\">s\u00e9curisation du littoral<\/a> qui s\u2019est officiellement d\u00e9ploy\u00e9 mercredi 11\u00a0juin pour toute la dur\u00e9e de la saison estivale, n\u2019est manifestement pas arriv\u00e9 aux oreilles d\u2019un individu qui est all\u00e9 jusque dans l\u2019eau pour assouvir ses pulsions sexuelles sur une jeune mineure.<\/p>\n<p>Mercredi apr\u00e8s-midi, alors qu\u2019elle se baignait \u00e0 la <a href=\"https:\/\/www.laprovence.com\/article\/region\/6516604767640814\/fouilles-renovation-des-equipements-a-marseille-la-plage-des-catalans-en-chantier-jusqua-mercredi\" target=\"_blank\" rel=\"noopener\">plage des Catalans<\/a>, une adolescente de 13\u00a0ans a subi les assauts d\u2019un jeune homme qui serait all\u00e9 jusqu\u2019\u00e0 lui passer la main dans l\u2019entrejambe.<\/p>\n<p>\u00c2g\u00e9 de 17 ans, l\u2019auteur pr\u00e9sum\u00e9 s\u2019est rendu, escort\u00e9 de son \u00e9ducateur<\/p>\n<p>Se voyant rep\u00e9r\u00e9 par des baigneurs et des plagistes scandalis\u00e9s qui ont bruyamment manifest\u00e9 leur d\u00e9sapprobation, le peloteur amphibie a pr\u00e9cipitamment quitt\u00e9 la plage, abandonnant l\u00e0 ses affaires sur le sable.<\/p>\n<p>Il se serait toutefois pr\u00e9sent\u00e9 quelques heures plus tard au commissariat de <a href=\"https:\/\/www.laprovence.com\/article\/societe\/58042237418831\/le-quartier-de-noailles-vu-par-ceux-qui-y-vivent-et-y-travaillent\" target=\"_blank\" rel=\"noopener\">Noailles<\/a>. \u00c9tait-ce de son plein gr\u00e9 ou sur les recommandations de l\u2019\u00e9ducateur qui l\u2019accompagnait ? Toujours est-il que ce jeune homme de 17 ans a \u00e9t\u00e9 plac\u00e9 en garde \u00e0 vue. Quant \u00e0 la victime, elle a d\u00e9pos\u00e9 plainte pour agression sexuelle.<\/p>\n","protected":false},"excerpt":{"rendered":"Le dispositif de s\u00e9curisation du littoral qui s\u2019est officiellement d\u00e9ploy\u00e9 mercredi 11\u00a0juin pour toute la dur\u00e9e de la&hellip;\n","protected":false},"author":2,"featured_media":172074,"comment_status":"","ping_status":"","sticky":false,"template":"","format":"standard","meta":{"footnotes":""},"categories":[2814],"tags":[17,1111,11,1120,1764,4440,1777,674,274,1011,27,884,30695,12,882,25,19684,96,9418],"class_list":{"0":"post-172073","1":"post","2":"type-post","3":"status-publish","4":"format-standard","5":"has-post-thumbnail","7":"category-marseille","8":"tag-17","9":"tag-actu","10":"tag-actualites","11":"tag-agression","12":"tag-ans","13":"tag-dune","14":"tag-eu","15":"tag-europe","16":"tag-faits-divers-justice","17":"tag-fr","18":"tag-france","19":"tag-marseille","20":"tag-mineure","21":"tag-news","22":"tag-provence-alpes-cote-dazur","23":"tag-republique-francaise","24":"tag-sexuelle","25":"tag-une","26":"tag-victime"},"share_on_mastodon":{"url":"https:\/\/pubeurope.com\/@fr\/114673208919019582","error":""},"_links":{"self":[{"href":"https:\/\/www.europesays.com\/fr\/wp-json\/wp\/v2\/posts\/172073","targetHints":{"allow":["GET"]}}],"collection":[{"href":"https:\/\/www.europesays.com\/fr\/wp-json\/wp\/v2\/posts"}],"about":[{"href":"https:\/\/www.europesays.com\/fr\/wp-json\/wp\/v2\/types\/post"}],"author":[{"embeddable":true,"href":"https:\/\/www.europesays.com\/fr\/wp-json\/wp\/v2\/users\/2"}],"replies":[{"embeddable":true,"href":"https:\/\/www.europesays.com\/fr\/wp-json\/wp\/v2\/comments?post=172073"}],"version-history":[{"count":0,"href":"https:\/\/www.europesays.com\/fr\/wp-json\/wp\/v2\/posts\/172073\/revisions"}],"wp:featuredmedia":[{"embeddable":true,"href":"https:\/\/www.europesays.com\/fr\/wp-json\/wp\/v2\/media\/172074"}],"wp:attachment":[{"href":"https:\/\/www.europesays.com\/fr\/wp-json\/wp\/v2\/media?parent=172073"}],"wp:term":[{"taxonomy":"category","embeddable":true,"href":"https:\/\/www.europesays.com\/fr\/wp-json\/wp\/v2\/categories?post=172073"},{"taxonomy":"post_tag","embeddable":true,"href":"https:\/\/www.europesays.com\/fr\/wp-json\/wp\/v2\/tags?post=172073"}],"curies":[{"name":"wp","href":"https:\/\/api.w.org\/{rel}","templated":true}]}}