{"id":172077,"date":"2025-06-13T00:25:17","date_gmt":"2025-06-13T00:25:17","guid":{"rendered":"https:\/\/www.europesays.com\/fr\/172077\/"},"modified":"2025-06-13T00:25:17","modified_gmt":"2025-06-13T00:25:17","slug":"mions-lancement-du-pup-aux-pierres","status":"publish","type":"post","link":"https:\/\/www.europesays.com\/fr\/172077\/","title":{"rendered":"Mions : lancement du PUP \u00ab Aux pierres \u00bb"},"content":{"rendered":"<p><img width=\"487\" height=\"298\" src=\"https:\/\/www.europesays.com\/fr\/wp-content\/uploads\/2025\/06\/MetropolevueGaribaldi2.jpg\" class=\"attachment-post-thumbnail size-post-thumbnail wp-post-image\" alt=\"\" decoding=\"async\" fetchpriority=\"high\" \/><\/p>\n<p>(SdH\/LPI)<\/p>\n<p><strong>La M\u00e9tropole de Lyon a annonc\u00e9 lancer ce projet urbain partenarial qui sera d\u00e9velopp\u00e9 sur la commune de Mions.<\/strong><\/p>\n<p>La M\u00e9tropole de Lyon a annonc\u00e9 ce jeudi avoir approuv\u00e9 la convention avec les soci\u00e9t\u00e9s Promoval et Edelis en vue de la r\u00e9alisation d\u2019un projet urbain partenarial \u00e0 Mions. L\u2019op\u00e9ration permettra de ainsi de cr\u00e9er 132 logements, de nouveaux espaces publics et des commerces et services. Celui-ci prendra place sur le t\u00e8nement du secteur \u00ab Aux Pierres \u00bb, de 5,1 hectares. Celui-ci se situe au sud-ouest de la commune de Mions.<\/p>\n<p>Les soci\u00e9t\u00e9s Promoval et Edelis projettent de r\u00e9aliser un ensemble immobilier de plus de 13.000 m\u00b2 de surface de plancher (SDP) comprenant 132 logements aux formes b\u00e2ties diversifi\u00e9es. Il mixera ainsi l\u2019habitat collectif, interm\u00e9diaire et individuel. Les logements sont r\u00e9partis entre 30% de logements locatifs sociaux, 10 % d\u2019accession en BRS (Bail r\u00e9el solitaire) et 60% d\u2019accession libre. Des commerces et des services sont \u00e9galement projet\u00e9s, pr\u00e9cisent les collectivit\u00e9s.<\/p>\n<p>Deux placettes<\/p>\n<p>La M\u00e9tropole de Lyon indique accompagner ce projet avec la r\u00e9alisation des espaces publics sur pr\u00e8s d\u2019un hectare pour connecter le programme au reste du quartier et offrir des espaces v\u00e9g\u00e9talis\u00e9s et perm\u00e9ables. Deux placettes devraient \u00eatre r\u00e9alis\u00e9es, avec une placette nord pour connecter la nouvelle op\u00e9ration au quartier et une placette sud sur le chemin du Charbonnier en compl\u00e9ment de l\u2019\u00e9largissement des trottoirs existants le long de l\u2019op\u00e9ration.<\/p>\n<p>Le projet pr\u00e9voit en outre un corridor paysager et \u00e9cologique au sein duquel un sentier nature partag\u00e9 pour les pi\u00e9tons et cyclistes sera cr\u00e9\u00e9 \u00e0 l\u2019ouest du nouveau quartier sur un axe nord-sud. Les placettes, trottoirs \u00e9largis et le corridor paysager seront r\u00e9alis\u00e9s par la M\u00e9tropole de Lyon.<\/p>\n<p>L\u2019investissement de la M\u00e9tropole de Lyon sur ce projet se monte \u00e0 2,5 millions d\u2019euros (\u00e9tudes, travaux, foncier). La convention de PUP sera sign\u00e9e entre les diff\u00e9rents parties prenantes en ce mois de juin, permettant de financer les diff\u00e9rents \u00e9quipements publics de la ville de Mions et de la M\u00e9tropole de Lyon, g\u00e9n\u00e9r\u00e9s par l\u2019op\u00e9ration.<\/p>\n<blockquote class=\"wp-block-quote is-layout-flow wp-block-quote-is-layout-flow\">\n<p>\u00ab La M\u00e9tropole de Lyon accompagne, partout sur son territoire, des projets de logements diversifi\u00e9s r\u00e9pondant aux besoins des grands lyonnais, en veillant \u00e0 l\u2019insertion des projets et \u00e0 une mixit\u00e9 de formes b\u00e2ties. A Mions, gr\u00e2ce \u00e0 un partenariat public-priv\u00e9, 132 logements vont \u00eatre cr\u00e9\u00e9s sur le secteur Aux Pierres, permettant ainsi de compl\u00e9ter l\u2019offre r\u00e9sidentielle \u00e0 l\u2019ouest de la commune et accompagnant Mions dans ses objectifs de production de logements sociaux, pour respecter la loi SRU. Ce projet permettra aussi de d\u00e9velopper avec la Ville toutes les am\u00e9nit\u00e9s n\u00e9cessaires aux futurs habitants : commerces, services, \u00e9quipements, espaces publics.\u00bb<\/p>\n<p>B\u00e9atrice Vessiller, vice-pr\u00e9sidente de la M\u00e9tropole de Lyon en charge de l\u2019urbanisme et du cadre de vie<\/p><\/blockquote>\n<p><strong>Si vous avez appr\u00e9ci\u00e9 cet article, s&rsquo;il vous plait, prenez le temps de <a href=\"#comments\">laisser un commentaire<\/a> ou de <a href=\"http:\/\/www.lyonpoleimmo.com\/feed\/\" rel=\"nofollow noopener\" target=\"_blank\">souscrire au flux<\/a> afin de recevoir les futurs articles directement dans votre lecteur de flux.<br \/>\n    <\/strong><\/p>\n<p>\t<a href=\"http:\/\/www.lyonpoleimmo.com\/2025\/06\/11\/91230\/lancement-du-reseau-de-chaleur-et-de-froid-de-la-saulaie\/\" rel=\"bookmark nofollow noopener\" title=\"Lien Permanent vers Lancement du r\u00e9seau de chaleur et de froid de La Saulaie\" target=\"_blank\">Lancement du r\u00e9seau de chaleur et de froid de La Saulaie<\/a><\/p>\n<p>\t<a href=\"http:\/\/www.lyonpoleimmo.com\/2025\/06\/11\/91230\/lancement-du-reseau-de-chaleur-et-de-froid-de-la-saulaie\/\" rel=\"bookmark nofollow noopener\" title=\"Lien Permanent vers Lancement du r\u00e9seau de chaleur et de froid de La Saulaie\" target=\"_blank\"><\/p>\n<p><img decoding=\"async\" src=\"https:\/\/www.europesays.com\/fr\/wp-content\/uploads\/2025\/06\/1e-pierre-reseau-chaleur-froid-Saulaie.jpg\" alt=\"null\" \/>\u00c9lus et professionnels ont pos\u00e9 la premi\u00e8re pierre du projet de boucle temp\u00e9r\u00e9e du quartier, laquelle valorise l\u2019\u00e9nergie renouvelable et locale des eaux us\u00e9es pour chauffer, produire l\u2019eau chaude sanitaire et rafra\u00eechir les b\u00e2timents.<\/p>\n<p><\/a><\/p>\n<p>\t<a href=\"http:\/\/www.lyonpoleimmo.com\/2025\/06\/10\/91202\/un-chantier-participatif-ce-11-juin-sur-le-parc-gisele-halimi\/\" rel=\"bookmark nofollow noopener\" title=\"Lien Permanent vers Un chantier participatif ce 11 juin sur le parc Gis\u00e8le-Halimi\" target=\"_blank\">Un chantier participatif ce 11 juin sur le parc Gis\u00e8le-Halimi<\/a><\/p>\n<p>\t<a href=\"http:\/\/www.lyonpoleimmo.com\/2025\/06\/10\/91202\/un-chantier-participatif-ce-11-juin-sur-le-parc-gisele-halimi\/\" rel=\"bookmark nofollow noopener\" title=\"Lien Permanent vers Un chantier participatif ce 11 juin sur le parc Gis\u00e8le-Halimi\" target=\"_blank\"><\/p>\n<p>Le grand public est invit\u00e9 \u00e0 un chantier participatif ce mercredi sur ce futur espace public du quartier Grandcl\u00e9ment.<\/p>\n<p><\/a><\/p>\n<p>\t<a href=\"http:\/\/www.lyonpoleimmo.com\/2025\/06\/10\/91193\/la-passerelle-de-la-ruette-mulet-inauguree-a-francheville\/\" rel=\"bookmark nofollow noopener\" title=\"Lien Permanent vers La passerelle de la Ruette-Mulet inaugur\u00e9e \u00e0 Francheville\" target=\"_blank\">La passerelle de la Ruette-Mulet inaugur\u00e9e \u00e0 Francheville<\/a><\/p>\n<p>\t<a href=\"http:\/\/www.lyonpoleimmo.com\/2025\/06\/10\/91193\/la-passerelle-de-la-ruette-mulet-inauguree-a-francheville\/\" rel=\"bookmark nofollow noopener\" title=\"Lien Permanent vers La passerelle de la Ruette-Mulet inaugur\u00e9e \u00e0 Francheville\" target=\"_blank\"><\/p>\n<p><img decoding=\"async\" src=\"https:\/\/www.europesays.com\/fr\/wp-content\/uploads\/2025\/06\/inauguration-passerelle-Ruelle-Mulet.jpg\" alt=\"null\" \/>La M\u00e9tropole de Lyon et la commune de Francheville ont inaugur\u00e9 ce nouvel \u00e9quipement qui avait \u00e9t\u00e9 pos\u00e9 il y a quelques semaines.<br \/><a href=\"http:\/\/www.lyonpoleimmo.com\/2025\/02\/17\/89504\/la-passerelle-de-la-ruette-mulet-nouveau-lien-entre-quartiers-de-francheville\/\" rel=\"nofollow noopener\" target=\"_blank\"><strong>\u00bb La passerelle de la Ruette Mulet, nouveau lien entre deux quartiers de Francheville<\/strong><\/a><\/p>\n<p><\/a><\/p>\n<p>\t<a href=\"http:\/\/www.lyonpoleimmo.com\/2025\/06\/04\/91147\/lopposition-de-droite-saisit-la-prefete-sur-les-permis-de-construire\/\" rel=\"bookmark nofollow noopener\" title=\"Lien Permanent vers L\u2019opposition de droite saisit la pr\u00e9f\u00e8te sur les permis de construire\" target=\"_blank\">L\u2019opposition de droite saisit la pr\u00e9f\u00e8te sur les permis de construire<\/a><\/p>\n<p>\t<a href=\"http:\/\/www.lyonpoleimmo.com\/2025\/06\/04\/91147\/lopposition-de-droite-saisit-la-prefete-sur-les-permis-de-construire\/\" rel=\"bookmark nofollow noopener\" title=\"Lien Permanent vers L\u2019opposition de droite saisit la pr\u00e9f\u00e8te sur les permis de construire\" target=\"_blank\"><\/p>\n<p>\u00abLa M\u00e9tro positive\u00bb a indiqu\u00e9 avoir saisi la pr\u00e9f\u00e8te sur la comp\u00e9tence urbanisme des communes de la M\u00e9tropole, cette derni\u00e8re cherchant, selon le groupe d\u2019opposition, \u00e0 imposer un avis unique et contraignant sur les permis de construire qui pourrait lui permettre de bloquer ou d\u2019orienter les projets.<\/p>\n<p><\/a><\/p>\n<p>\t<a href=\"http:\/\/www.lyonpoleimmo.com\/2025\/06\/03\/91112\/une-deviation-pour-le-contournement-nord-de-saint-laurent-de-chamousset\/\" rel=\"bookmark nofollow noopener\" title=\"Lien Permanent vers Une d\u00e9viation pour le contournement nord de Saint-Laurent-de-Chamousset\" target=\"_blank\">Une d\u00e9viation pour le contournement nord de Saint-Laurent-de-Chamousset<\/a><\/p>\n<p>\t<a href=\"http:\/\/www.lyonpoleimmo.com\/2025\/06\/03\/91112\/une-deviation-pour-le-contournement-nord-de-saint-laurent-de-chamousset\/\" rel=\"bookmark nofollow noopener\" title=\"Lien Permanent vers Une d\u00e9viation pour le contournement nord de Saint-Laurent-de-Chamousset\" target=\"_blank\"><\/p>\n<p>Le D\u00e9partement du Rh\u00f4ne a annonc\u00e9 financer l\u2019am\u00e9nagement d\u2019une d\u00e9viation pour ce contournement qui sera am\u00e9nag\u00e9 entre les RD81 et RD4.<\/p>\n<p><\/a><\/p>\n<p>\t<a href=\"http:\/\/www.lyonpoleimmo.com\/2025\/05\/27\/91037\/vernaison-requalification-de-la-place-centrale\/\" rel=\"bookmark nofollow noopener\" title=\"Lien Permanent vers Vernaison\u00a0: requalification de la place centrale\" target=\"_blank\">Vernaison\u00a0: requalification de la place centrale<\/a><\/p>\n<p>\t<a href=\"http:\/\/www.lyonpoleimmo.com\/2025\/05\/27\/91037\/vernaison-requalification-de-la-place-centrale\/\" rel=\"bookmark nofollow noopener\" title=\"Lien Permanent vers Vernaison\u00a0: requalification de la place centrale\" target=\"_blank\"><\/p>\n<p><img decoding=\"async\" src=\"https:\/\/www.europesays.com\/fr\/wp-content\/uploads\/2025\/05\/Vernaison-Place11-Novembre-1918-8-Mai-1945.jpg\" alt=\"null\" \/>La M\u00e9tropole de Lyon s\u2019engage dans cette op\u00e9ration de transformation de la place centrale de la ville situ\u00e9e au sud de Lyon.<\/p>\n<p><\/a><\/p>\n<p>\t<a href=\"http:\/\/www.lyonpoleimmo.com\/2025\/05\/25\/90999\/le-projet-de-reamenagement-du-boulevard-de-la-croix-rousse-a-ete-presente\/\" rel=\"bookmark nofollow noopener\" title=\"Lien Permanent vers Le projet de r\u00e9am\u00e9nagement du boulevard de la Croix-Rousse pr\u00e9sent\u00e9\" target=\"_blank\">Le projet de r\u00e9am\u00e9nagement du boulevard de la Croix-Rousse pr\u00e9sent\u00e9<\/a><\/p>\n<p>\t<a href=\"http:\/\/www.lyonpoleimmo.com\/2025\/05\/25\/90999\/le-projet-de-reamenagement-du-boulevard-de-la-croix-rousse-a-ete-presente\/\" rel=\"bookmark nofollow noopener\" title=\"Lien Permanent vers Le projet de r\u00e9am\u00e9nagement du boulevard de la Croix-Rousse pr\u00e9sent\u00e9\" target=\"_blank\"><\/p>\n<p><img decoding=\"async\" src=\"https:\/\/www.europesays.com\/fr\/wp-content\/uploads\/2025\/05\/boulevardCroixRousse.jpg\" alt=\"null\" \/>La M\u00e9tropole et la Ville de Lyon ont fait part vendredi du sc\u00e9nario retenu pour le r\u00e9am\u00e9nagement du boulevard de la Croix-Rousse, axe majeur du quartier.<\/p>\n<p><\/a><\/p>\n<p>\t<a href=\"http:\/\/www.lyonpoleimmo.com\/2025\/05\/22\/90975\/renovation-urbaine-lecheance-de-livraison-des-operations-portee-a-2032\/\" rel=\"bookmark nofollow noopener\" title=\"Lien Permanent vers R\u00e9novation urbaine : l\u2019\u00e9ch\u00e9ance de livraison des op\u00e9rations port\u00e9e \u00e0 2032\" target=\"_blank\">R\u00e9novation urbaine : l\u2019\u00e9ch\u00e9ance de livraison des op\u00e9rations port\u00e9e \u00e0 2032<\/a><\/p>\n<p>\t<a href=\"http:\/\/www.lyonpoleimmo.com\/2025\/05\/22\/90975\/renovation-urbaine-lecheance-de-livraison-des-operations-portee-a-2032\/\" rel=\"bookmark nofollow noopener\" title=\"Lien Permanent vers R\u00e9novation urbaine : l\u2019\u00e9ch\u00e9ance de livraison des op\u00e9rations port\u00e9e \u00e0 2032\" target=\"_blank\"><\/p>\n<p>La ministre charg\u00e9e du Logement, Val\u00e9rie L\u00e9tard, \u00e9tait mardi en visite \u00e0 l\u2019agence nationale pour la r\u00e9novation urbaine dans le cadre de la revue nationale des projets du NPNRU.<\/p>\n<p><\/a><\/p>\n<p>\t<a href=\"http:\/\/www.lyonpoleimmo.com\/2025\/05\/22\/90970\/le-premier-espace-test-agricole-metropolitain-a-ete-inaugure\/\" rel=\"bookmark nofollow noopener\" title=\"Lien Permanent vers Le premier espace-test agricole m\u00e9tropolitain a \u00e9t\u00e9 inaugur\u00e9\" target=\"_blank\">Le premier espace-test agricole m\u00e9tropolitain a \u00e9t\u00e9 inaugur\u00e9<\/a><\/p>\n<p>\t<a href=\"http:\/\/www.lyonpoleimmo.com\/2025\/05\/22\/90970\/le-premier-espace-test-agricole-metropolitain-a-ete-inaugure\/\" rel=\"bookmark nofollow noopener\" title=\"Lien Permanent vers Le premier espace-test agricole m\u00e9tropolitain a \u00e9t\u00e9 inaugur\u00e9\" target=\"_blank\"><\/p>\n<p>Bruno Bernard, pr\u00e9sident de la M\u00e9tropole de Lyon, et H\u00e9l\u00e8ne Geoffroy, maire de Vaulx-en-Velin, ont inaugur\u00e9 hier l\u2019espace-test mara\u00eecher install\u00e9 depuis l\u2019automne dernier sur les Terres du Velin.<\/p>\n<p><\/a><\/p>\n<p>\t<a href=\"http:\/\/www.lyonpoleimmo.com\/2025\/05\/15\/90892\/la-proposition-de-loi-de-simplification-de-lurbanisme-et-du-logement-adoptee\/\" rel=\"bookmark nofollow noopener\" title=\"Lien Permanent vers La proposition de loi de simplification de l\u2019urbanisme et du logement adopt\u00e9e\" target=\"_blank\">La proposition de loi de simplification de l\u2019urbanisme et du logement adopt\u00e9e<\/a><\/p>\n<p>\t<a href=\"http:\/\/www.lyonpoleimmo.com\/2025\/05\/15\/90892\/la-proposition-de-loi-de-simplification-de-lurbanisme-et-du-logement-adoptee\/\" rel=\"bookmark nofollow noopener\" title=\"Lien Permanent vers La proposition de loi de simplification de l\u2019urbanisme et du logement adopt\u00e9e\" target=\"_blank\"><\/p>\n<p>L\u2019Assembl\u00e9e nationale a adopt\u00e9 la proposition de loi de simplification de l\u2019urbanisme et du logement. Le minist\u00e8re charg\u00e9 du logement salue \u00abun pas concret vers la relance de la production de logement par la facilitation des proc\u00e9dures\u00bb.<\/p>\n<p><\/a><\/p>\n<p>\t<a href=\"http:\/\/www.lyonpoleimmo.com\/2025\/05\/14\/90856\/la-grande-transformation-du-mas-du-taureau\/\" rel=\"bookmark nofollow noopener\" title=\"Lien Permanent vers La grande transformation du Mas du Taureau\" target=\"_blank\">La grande transformation du Mas du Taureau<\/a><\/p>\n<p>\t<a href=\"http:\/\/www.lyonpoleimmo.com\/2025\/05\/14\/90856\/la-grande-transformation-du-mas-du-taureau\/\" rel=\"bookmark nofollow noopener\" title=\"Lien Permanent vers La grande transformation du Mas du Taureau\" target=\"_blank\"><\/p>\n<p><img decoding=\"async\" src=\"https:\/\/www.europesays.com\/fr\/wp-content\/uploads\/2025\/05\/grande-ile.jpg\" alt=\"null\" \/>En attendant l\u2019arriv\u00e9e tant attendue du tramway T9, cette partie de Vaulx-en-Velin conna\u00eet une mue d\u2019ampleur, marqu\u00e9e par l\u2019arriv\u00e9e d\u2019\u00e9quipements publics et de nouveaux programmes de logements.<\/p>\n<p><\/a><\/p>\n<p>\t<a href=\"http:\/\/www.lyonpoleimmo.com\/2025\/05\/11\/90828\/la-place-hubert-mounier-nouveau-coeur-culturel-de-la-confluence\/\" rel=\"bookmark nofollow noopener\" title=\"Lien Permanent vers La place Hubert Mounier, nouveau coeur culturel de la Confluence\" target=\"_blank\">La place Hubert Mounier, nouveau coeur culturel de la Confluence<\/a><\/p>\n<p>\t<a href=\"http:\/\/www.lyonpoleimmo.com\/2025\/05\/11\/90828\/la-place-hubert-mounier-nouveau-coeur-culturel-de-la-confluence\/\" rel=\"bookmark nofollow noopener\" title=\"Lien Permanent vers La place Hubert Mounier, nouveau coeur culturel de la Confluence\" target=\"_blank\"><\/p>\n<p><img decoding=\"async\" src=\"https:\/\/www.europesays.com\/fr\/wp-content\/uploads\/2025\/05\/placeHubertMounier.jpg\" \/>L\u2019espace public a \u00e9t\u00e9 inaugur\u00e9 lundi en pr\u00e9sence de la famille du chanteur de l\u2019affaire Luis Trio, de plusieurs \u00e9lus, de Kent et de Benjamin Biolay.<\/p>\n<p><\/a><\/p>\n<p>\t<a href=\"http:\/\/www.lyonpoleimmo.com\/2025\/05\/07\/90796\/urbanisme-des-elus-critiquent-lingerence-de-la-metropole-dans-les-affaires-communales\/\" rel=\"bookmark nofollow noopener\" title=\"Lien Permanent vers Urbanisme : des \u00e9lus critiquent l\u2019 \u00abing\u00e9rence\u00bb de la M\u00e9tropole  dans les affaires communales\" target=\"_blank\">Urbanisme : des \u00e9lus critiquent l\u2019 \u00abing\u00e9rence\u00bb de la M\u00e9tropole  dans les affaires communales<\/a><\/p>\n<p>\t<a href=\"http:\/\/www.lyonpoleimmo.com\/2025\/05\/07\/90796\/urbanisme-des-elus-critiquent-lingerence-de-la-metropole-dans-les-affaires-communales\/\" rel=\"bookmark nofollow noopener\" title=\"Lien Permanent vers Urbanisme : des \u00e9lus critiquent l\u2019 \u00abing\u00e9rence\u00bb de la M\u00e9tropole  dans les affaires communales\" target=\"_blank\"><\/p>\n<p>Les pr\u00e9sidents de trois groupes d\u2019opposition \u00e0 la M\u00e9tropole de Lyon accusent dans un communiqu\u00e9 la collectivit\u00e9 d\u2019ing\u00e9rence des affaires communales en mati\u00e8re d\u2019urbanisme.<\/p>\n<p><\/a><\/p>\n<p>\t<a href=\"http:\/\/www.lyonpoleimmo.com\/2025\/05\/05\/90740\/evasyon-ou-la-mue-reussie-dun-ensemble-tertiaire-au-coeur-du-quartier-sans-souci\/\" rel=\"bookmark nofollow noopener\" title=\"Lien Permanent vers \u00ab\u00a0EvasYon\u00a0\u00bb ou la mue r\u00e9ussie d\u2019un ensemble tertiaire au c\u0153ur du quartier Sans Souci\" target=\"_blank\">\u00ab\u00a0EvasYon\u00a0\u00bb ou la mue r\u00e9ussie d\u2019un ensemble tertiaire au c\u0153ur du quartier Sans Souci<\/a><\/p>\n<p>\t<a href=\"http:\/\/www.lyonpoleimmo.com\/2025\/05\/05\/90740\/evasyon-ou-la-mue-reussie-dun-ensemble-tertiaire-au-coeur-du-quartier-sans-souci\/\" rel=\"bookmark nofollow noopener\" title=\"Lien Permanent vers \u00ab\u00a0EvasYon\u00a0\u00bb ou la mue r\u00e9ussie d\u2019un ensemble tertiaire au c\u0153ur du quartier Sans Souci\" target=\"_blank\"><\/p>\n<p>L\u2019op\u00e9ration inaugur\u00e9e fin mars par Vinci Immobilier, int\u00e8gre le premier Bikube, nouvelle marque de coliving au concept hybride, mais aussi un nouvel immeuble tertiaire et une r\u00e9sidence \u00e9tudiante.<\/p>\n<p><\/a><\/p>\n<p>\t<a href=\"http:\/\/www.lyonpoleimmo.com\/2025\/04\/29\/90696\/confluence-lilot-e4-nord-attribue-au-groupement-porte-par-vinci\/\" rel=\"bookmark nofollow noopener\" title=\"Lien Permanent vers Confluence\u00a0: l\u2019\u00eelot E4 Nord attribu\u00e9 au groupement port\u00e9 par Vinci\" target=\"_blank\">Confluence\u00a0: l\u2019\u00eelot E4 Nord attribu\u00e9 au groupement port\u00e9 par Vinci<\/a><\/p>\n<p>\t<a href=\"http:\/\/www.lyonpoleimmo.com\/2025\/04\/29\/90696\/confluence-lilot-e4-nord-attribue-au-groupement-porte-par-vinci\/\" rel=\"bookmark nofollow noopener\" title=\"Lien Permanent vers Confluence\u00a0: l\u2019\u00eelot E4 Nord attribu\u00e9 au groupement port\u00e9 par Vinci\" target=\"_blank\"><\/p>\n<p><img decoding=\"async\" src=\"https:\/\/www.europesays.com\/fr\/wp-content\/uploads\/2025\/05\/IlotE4Nord2.jpg\" \/>Vinci Immobilier, Lipsky+Rollet AE et Tectoniques ont \u00e9t\u00e9 d\u00e9sign\u00e9s laur\u00e9ats pour la r\u00e9alisation de cet \u00eelot qui comprendra un gymnase municipal omnisport avec une salle d\u2019escalade, une r\u00e9sidence \u00e9tudiante sociale, des logements, des bureaux et des commerces.<\/p>\n<p><\/a><\/p>\n","protected":false},"excerpt":{"rendered":"(SdH\/LPI) La M\u00e9tropole de Lyon a annonc\u00e9 lancer ce projet urbain partenarial qui sera d\u00e9velopp\u00e9 sur la commune&hellip;\n","protected":false},"author":2,"featured_media":172078,"comment_status":"","ping_status":"","sticky":false,"template":"","format":"standard","meta":{"footnotes":""},"categories":[1889],"tags":[1111,11,2430,1777,674,1011,27,2428,12,25,1352],"class_list":{"0":"post-172077","1":"post","2":"type-post","3":"status-publish","4":"format-standard","5":"has-post-thumbnail","7":"category-lyon","8":"tag-actu","9":"tag-actualites","10":"tag-auvergne-rhone-alpes","11":"tag-eu","12":"tag-europe","13":"tag-fr","14":"tag-france","15":"tag-lyon","16":"tag-news","17":"tag-republique-francaise","18":"tag-urbanisme"},"share_on_mastodon":{"url":"https:\/\/pubeurope.com\/@fr\/114673216764439025","error":""},"_links":{"self":[{"href":"https:\/\/www.europesays.com\/fr\/wp-json\/wp\/v2\/posts\/172077","targetHints":{"allow":["GET"]}}],"collection":[{"href":"https:\/\/www.europesays.com\/fr\/wp-json\/wp\/v2\/posts"}],"about":[{"href":"https:\/\/www.europesays.com\/fr\/wp-json\/wp\/v2\/types\/post"}],"author":[{"embeddable":true,"href":"https:\/\/www.europesays.com\/fr\/wp-json\/wp\/v2\/users\/2"}],"replies":[{"embeddable":true,"href":"https:\/\/www.europesays.com\/fr\/wp-json\/wp\/v2\/comments?post=172077"}],"version-history":[{"count":0,"href":"https:\/\/www.europesays.com\/fr\/wp-json\/wp\/v2\/posts\/172077\/revisions"}],"wp:featuredmedia":[{"embeddable":true,"href":"https:\/\/www.europesays.com\/fr\/wp-json\/wp\/v2\/media\/172078"}],"wp:attachment":[{"href":"https:\/\/www.europesays.com\/fr\/wp-json\/wp\/v2\/media?parent=172077"}],"wp:term":[{"taxonomy":"category","embeddable":true,"href":"https:\/\/www.europesays.com\/fr\/wp-json\/wp\/v2\/categories?post=172077"},{"taxonomy":"post_tag","embeddable":true,"href":"https:\/\/www.europesays.com\/fr\/wp-json\/wp\/v2\/tags?post=172077"}],"curies":[{"name":"wp","href":"https:\/\/api.w.org\/{rel}","templated":true}]}}