{"id":172079,"date":"2025-06-13T00:26:11","date_gmt":"2025-06-13T00:26:11","guid":{"rendered":"https:\/\/www.europesays.com\/fr\/172079\/"},"modified":"2025-06-13T00:26:11","modified_gmt":"2025-06-13T00:26:11","slug":"lancien-siege-de-rte-en-route-pour-la-mixite","status":"publish","type":"post","link":"https:\/\/www.europesays.com\/fr\/172079\/","title":{"rendered":"l&rsquo;ancien si\u00e8ge de RTE en route pour la mixit\u00e9"},"content":{"rendered":"<p>\nPort\u00e9e par Icade et Sogeprom, la reconversion de l&rsquo;ancien si\u00e8ge de RTE dans le quartier de la Part-Dieu \u00e0 Lyon (Rh\u00f4ne) est arriv\u00e9e au terme de sa premi\u00e8re phase. Un ensemble tertiaire (bureaux et commerces) de 13 000 m\u00b2 SP &#8211; baptis\u00e9 Audessa &#8211; vient en effet d&rsquo;\u00eatre livr\u00e9 \u00e0 Union Investment, son preneur.<\/p>\n<p>Extension de 4 300 m\u00b2<\/p>\n<p>\nCette op\u00e9ration, con\u00e7ue par l&rsquo;agence H\u00e9rault Arnod Architectures, combine restructuration lourde du b\u00e2timent existant et une extension de 4 300 m\u00b2. Elle a permis de cr\u00e9er 1 700 m\u00b2  d&rsquo;espaces ext\u00e9rieurs v\u00e9g\u00e9talis\u00e9s dont 600 m\u00b2 de pleine terre. L&rsquo;immeuble obtient les certifications HQE B\u00e2timent durable et BBCA niveau excellent. La seconde phase du projet, d\u00e9nomm\u00e9 Vertuo, comprendra notamment des logements. Sa livraison est attendue au premier trimestre 2026.<\/p>\n","protected":false},"excerpt":{"rendered":"Port\u00e9e par Icade et Sogeprom, la reconversion de l&rsquo;ancien si\u00e8ge de RTE dans le quartier de la Part-Dieu&hellip;\n","protected":false},"author":2,"featured_media":172080,"comment_status":"","ping_status":"","sticky":false,"template":"","format":"standard","meta":{"footnotes":""},"categories":[1889],"tags":[1111,11,1350,2430,1777,674,1011,27,2428,12,4916,25,2429,18387,14795],"class_list":{"0":"post-172079","1":"post","2":"type-post","3":"status-publish","4":"format-standard","5":"has-post-thumbnail","7":"category-lyon","8":"tag-actu","9":"tag-actualites","10":"tag-architecture","11":"tag-auvergne-rhone-alpes","12":"tag-eu","13":"tag-europe","14":"tag-fr","15":"tag-france","16":"tag-lyon","17":"tag-news","18":"tag-projets","19":"tag-republique-francaise","20":"tag-rhone","21":"tag-rte","22":"tag-siege-social"},"share_on_mastodon":{"url":"","error":""},"_links":{"self":[{"href":"https:\/\/www.europesays.com\/fr\/wp-json\/wp\/v2\/posts\/172079","targetHints":{"allow":["GET"]}}],"collection":[{"href":"https:\/\/www.europesays.com\/fr\/wp-json\/wp\/v2\/posts"}],"about":[{"href":"https:\/\/www.europesays.com\/fr\/wp-json\/wp\/v2\/types\/post"}],"author":[{"embeddable":true,"href":"https:\/\/www.europesays.com\/fr\/wp-json\/wp\/v2\/users\/2"}],"replies":[{"embeddable":true,"href":"https:\/\/www.europesays.com\/fr\/wp-json\/wp\/v2\/comments?post=172079"}],"version-history":[{"count":0,"href":"https:\/\/www.europesays.com\/fr\/wp-json\/wp\/v2\/posts\/172079\/revisions"}],"wp:featuredmedia":[{"embeddable":true,"href":"https:\/\/www.europesays.com\/fr\/wp-json\/wp\/v2\/media\/172080"}],"wp:attachment":[{"href":"https:\/\/www.europesays.com\/fr\/wp-json\/wp\/v2\/media?parent=172079"}],"wp:term":[{"taxonomy":"category","embeddable":true,"href":"https:\/\/www.europesays.com\/fr\/wp-json\/wp\/v2\/categories?post=172079"},{"taxonomy":"post_tag","embeddable":true,"href":"https:\/\/www.europesays.com\/fr\/wp-json\/wp\/v2\/tags?post=172079"}],"curies":[{"name":"wp","href":"https:\/\/api.w.org\/{rel}","templated":true}]}}