{"id":172089,"date":"2025-06-13T00:32:14","date_gmt":"2025-06-13T00:32:14","guid":{"rendered":"https:\/\/www.europesays.com\/fr\/172089\/"},"modified":"2025-06-13T00:32:14","modified_gmt":"2025-06-13T00:32:14","slug":"visite-du-chantier-de-la-reinstallation-de-la-vasque-olympique-a-paris","status":"publish","type":"post","link":"https:\/\/www.europesays.com\/fr\/172089\/","title":{"rendered":"Visite du chantier de la r\u00e9installation de la vasque olympique \u00e0 Paris."},"content":{"rendered":"<p>Son emplacement renoue avec une page fondatrice de l\u2019histoire scientifique fran\u00e7aise : c\u2019est ici, en 1783, que s\u2019envola le tout premier ballon \u00e0 gaz, inscrivant cette installation dans <strong>une continuit\u00e9 de progr\u00e8s et d\u2019audace<\/strong>.<\/p>\n<p>Soutenue par l\u2019\u00c9tat et coordonn\u00e9e par la pr\u00e9fecture de r\u00e9gion \u00cele-de-France, cette initiative repose sur <strong>une dynamique partenariale <\/strong>r\u00e9unissant la Ville de Paris, le mus\u00e9e du Louvre, EDF, le CNOSF, le COJO, ainsi que les entreprises A\u00e9rophile, Aimko et Atelier Blam.<\/p>\n<p>Le Pr\u00e9sident de la R\u00e9publique a salu\u00e9\u00a0<strong>l\u2019engagement des partenaires<\/strong> et a soulign\u00e9\u00a0<strong>le r\u00f4le structurant de cette initiative<\/strong> dans l\u2019h\u00e9ritage des Jeux de Paris 2024.<\/p>\n<p>Revoir la visite :<\/p>\n","protected":false},"excerpt":{"rendered":"Son emplacement renoue avec une page fondatrice de l\u2019histoire scientifique fran\u00e7aise : c\u2019est ici, en 1783, que s\u2019envola&hellip;\n","protected":false},"author":2,"featured_media":172090,"comment_status":"","ping_status":"","sticky":false,"template":"","format":"standard","meta":{"footnotes":""},"categories":[1888],"tags":[11,2813,1777,674,1011,27,3996,12,626,25,517],"class_list":{"0":"post-172089","1":"post","2":"type-post","3":"status-publish","4":"format-standard","5":"has-post-thumbnail","7":"category-paris","8":"tag-actualites","9":"tag-article","10":"tag-eu","11":"tag-europe","12":"tag-fr","13":"tag-france","14":"tag-jeux-olympiques","15":"tag-news","16":"tag-paris","17":"tag-republique-francaise","18":"tag-sport"},"share_on_mastodon":{"url":"https:\/\/pubeurope.com\/@fr\/114673244130261962","error":""},"_links":{"self":[{"href":"https:\/\/www.europesays.com\/fr\/wp-json\/wp\/v2\/posts\/172089","targetHints":{"allow":["GET"]}}],"collection":[{"href":"https:\/\/www.europesays.com\/fr\/wp-json\/wp\/v2\/posts"}],"about":[{"href":"https:\/\/www.europesays.com\/fr\/wp-json\/wp\/v2\/types\/post"}],"author":[{"embeddable":true,"href":"https:\/\/www.europesays.com\/fr\/wp-json\/wp\/v2\/users\/2"}],"replies":[{"embeddable":true,"href":"https:\/\/www.europesays.com\/fr\/wp-json\/wp\/v2\/comments?post=172089"}],"version-history":[{"count":0,"href":"https:\/\/www.europesays.com\/fr\/wp-json\/wp\/v2\/posts\/172089\/revisions"}],"wp:featuredmedia":[{"embeddable":true,"href":"https:\/\/www.europesays.com\/fr\/wp-json\/wp\/v2\/media\/172090"}],"wp:attachment":[{"href":"https:\/\/www.europesays.com\/fr\/wp-json\/wp\/v2\/media?parent=172089"}],"wp:term":[{"taxonomy":"category","embeddable":true,"href":"https:\/\/www.europesays.com\/fr\/wp-json\/wp\/v2\/categories?post=172089"},{"taxonomy":"post_tag","embeddable":true,"href":"https:\/\/www.europesays.com\/fr\/wp-json\/wp\/v2\/tags?post=172089"}],"curies":[{"name":"wp","href":"https:\/\/api.w.org\/{rel}","templated":true}]}}