{"id":172116,"date":"2025-06-13T00:49:09","date_gmt":"2025-06-13T00:49:09","guid":{"rendered":"https:\/\/www.europesays.com\/fr\/172116\/"},"modified":"2025-06-13T00:49:09","modified_gmt":"2025-06-13T00:49:09","slug":"isack-hadjar-curieux-de-piloter-avec-max-verstappen-mais-pas-pret-a-rejoindre-red-bull","status":"publish","type":"post","link":"https:\/\/www.europesays.com\/fr\/172116\/","title":{"rendered":"Isack Hadjar \u00abcurieux\u00bb de piloter avec Max Verstappen mais \u00abpas pr\u00eat\u00bb \u00e0 rejoindre Red Bull"},"content":{"rendered":"<p>En marge du Grand Prix du Canada qui aura lieu ce week-end, le pilote Racing Bulls a pris le temps de r\u00e9pondre aux questions des journalistes pr\u00e9sents \u00e0 Montr\u00e9al.<\/p>\n<p class=\"fig-paragraph\">Le jeune pilote fran\u00e7ais\u00a0<a href=\"http:\/\/www.lefigaro.fr\/sports\/formule-1\/formule-1-isak-hadjar-le-petit-prince-de-monaco-20250525\" data-fig-type=\"Article\" data-gtm-custom-categorie=\"navigation\" data-gtm-custom-action=\"crossclick\" data-gtm-custom-label=\"Contextuel\" data-gtm-event=\"customEventSPE\" data-fig-domain=\"LEFIGARO\" rel=\"nofollow noopener\" target=\"_blank\">Isack Hadjar<\/a>\u00a0(Racing Bulls) a affirm\u00e9 jeudi qu&rsquo;il ne se sentait \u00abpas pr\u00eat\u00bb \u00e0 rejoindre l&rsquo;\u00e9curie Red Bull au c\u00f4t\u00e9 du quadruple champion du monde n\u00e9erlandais Max Verstappen. \u00abJe serais simplement curieux &#8211; c&rsquo;est le seul mot qui me vient \u00e0 l&rsquo;esprit &#8211; d&rsquo;\u00eatre aux c\u00f4t\u00e9s de Max, c&rsquo;est la seule chose que je peux dire&#8230; Je ne me sens pas pr\u00eat, c&rsquo;est certain. C&rsquo;est un fait\u00bb, a d\u00e9clar\u00e9 le Parisien lors d&rsquo;un point presse avec une dizaine de journalistes avant le\u00a0<a href=\"http:\/\/www.lefigaro.fr\/sports\/formule-1\/formule-1-impatient-de-reprendre-le-volant-lance-stroll-annonce-son-retour-pour-le-grand-prix-du-canada-20250611\" data-fig-type=\"NewsFlash\" data-gtm-custom-categorie=\"navigation\" data-gtm-custom-action=\"crossclick\" data-gtm-custom-label=\"Contextuel\" data-gtm-event=\"customEventSPE\" data-fig-domain=\"LEFIGARO\" rel=\"nofollow noopener\" target=\"_blank\">Grand Prix du Canada<\/a>.<\/p>\n<p class=\"fig-paragraph\">\u00abJe pense qu&rsquo;il est bon de gagner de l&rsquo;exp\u00e9rience l\u00e0 o\u00f9 je me trouve. J&rsquo;appr\u00e9cie \u00e9norm\u00e9ment chaque week-end, j&rsquo;apprends beaucoup. C&rsquo;est une voiture (la Racing Bulls) que j&rsquo;aime piloter, donc on verra bien \u00e0 l&rsquo;avenir\u00bb, a ajout\u00e9 le pilote de 20 ans qui d\u00e9couvre cette saison la cat\u00e9gorie reine du sport automobile. Hadjar, qui pointe au\u00a0<a href=\"https:\/\/www.lefigaro.fr\/sports\/formule-1\/classement-pilotes\" target=\"_blank\" rel=\"noopener nofollow\" data-gtm-custom-categorie=\"navigation\" data-gtm-custom-action=\"crossclick\" data-gtm-custom-label=\"Contextuel\" data-gtm-event=\"customEventSPE\">neuvi\u00e8me rang<\/a>\u00a0du championnat du monde apr\u00e8s neuf Grands Prix, r\u00e9alise un d\u00e9but de saison tr\u00e8s solide au volant d&rsquo;une monoplace qui ne figure pourtant pas parmi les plus rapides.<\/p>\n<p>Des rumeurs d\u2019un remplacement de Tsunoda par Hadjar cet \u00e9t\u00e9<\/p>\n<p class=\"fig-paragraph\">Son actuel co\u00e9quipier n\u00e9o-z\u00e9landais Liam Lawson, avait \u00e9t\u00e9 \u00e9vinc\u00e9 de Red Bull apr\u00e8s seulement deux courses cette saison et\u00a0<a href=\"http:\/\/www.lefigaro.fr\/sports\/formule-1\/formule-1-une-eviction-de-red-bull-difficile-a-entendre-pour-liam-lawson-20250403\" data-fig-type=\"NewsFlash\" data-gtm-custom-categorie=\"navigation\" data-gtm-custom-action=\"crossclick\" data-gtm-custom-label=\"Contextuel\" data-gtm-event=\"customEventSPE\" data-fig-domain=\"LEFIGARO\" rel=\"nofollow noopener\" target=\"_blank\">renvoy\u00e9 chez Racing Bulls<\/a>. Le Japonais Yuki Tsunoda avait alors effectu\u00e9 le chemin inverse pour rejoindre Verstappen \u00e0 partir du GP du Japon. Mais en sept courses, le Nippon n&rsquo;a inscrit que sept points, int\u00e9grant le Top 10 seulement \u00e0 trois reprises avec pour meilleur r\u00e9sultat une huiti\u00e8me place \u00e0 Miami (\u00c9tats-Unis) d\u00e9but mai.<\/p>\n<p class=\"fig-paragraph\">Des rumeurs dans le paddock ont alors \u00e9voqu\u00e9 la possibilit\u00e9 de remplacer\u00a0<a href=\"http:\/\/www.lefigaro.fr\/sports\/formule-1\/formule-1-en-video-l-enorme-crash-de-yuki-tsunoda-durant-les-qualifications-20250517\" data-fig-type=\"NewsFlash\" data-gtm-custom-categorie=\"navigation\" data-gtm-custom-action=\"crossclick\" data-gtm-custom-label=\"Contextuel\" data-gtm-event=\"customEventSPE\" data-fig-domain=\"LEFIGARO\" rel=\"nofollow noopener\" target=\"_blank\">Tsunoda<\/a>\u00a0par Hadjar durant l&rsquo;\u00e9t\u00e9, un choix qui ne serait pas forc\u00e9ment judicieux selon le Tricolore. Quand on lui a demand\u00e9 si cela serait \u00abdifficile\u00bb et une \u00abmauvaise chose\u00bb, le Fran\u00e7ais a r\u00e9pondu: \u00abC&rsquo;est tout \u00e0 fait l\u00e9gitime de dire \u00e7a. Liam (Lawson) et Yuki (Tsunoda) sont des pilotes talentueux, il est donc normal de le penser.\u00bb Hadjar, qui n&rsquo;a encore jamais pilot\u00e9 sur le circuit Gilles-Villeneuve de Montr\u00e9al, visera un quatri\u00e8me Top 10 cons\u00e9cutif ce week-end sur le trac\u00e9 qu\u00e9b\u00e9cois.<\/p>\n","protected":false},"excerpt":{"rendered":"En marge du Grand Prix du Canada qui aura lieu ce week-end, le pilote Racing Bulls a pris&hellip;\n","protected":false},"author":2,"featured_media":172117,"comment_status":"","ping_status":"","sticky":false,"template":"","format":"standard","meta":{"footnotes":""},"categories":[1412],"tags":[1977,1976,525,1981,1979,1983,1451,1452,1453,1454,1455,1011,27,1982,2236,1978,2255,1980,60],"class_list":{"0":"post-172116","1":"post","2":"type-post","3":"status-publish","4":"format-standard","5":"has-post-thumbnail","7":"category-f1","8":"tag-auto","9":"tag-auto-moto","10":"tag-calendrier","11":"tag-classement","12":"tag-constructeurs","13":"tag-essai","14":"tag-f1","15":"tag-formula-1","16":"tag-formula1","17":"tag-formule-1","18":"tag-formule1","19":"tag-fr","20":"tag-france","21":"tag-grand-prix","22":"tag-max-verstappen","23":"tag-pilotes","24":"tag-red-bull","25":"tag-resultats","26":"tag-sports"},"share_on_mastodon":{"url":"https:\/\/pubeurope.com\/@fr\/114673311020118213","error":""},"_links":{"self":[{"href":"https:\/\/www.europesays.com\/fr\/wp-json\/wp\/v2\/posts\/172116","targetHints":{"allow":["GET"]}}],"collection":[{"href":"https:\/\/www.europesays.com\/fr\/wp-json\/wp\/v2\/posts"}],"about":[{"href":"https:\/\/www.europesays.com\/fr\/wp-json\/wp\/v2\/types\/post"}],"author":[{"embeddable":true,"href":"https:\/\/www.europesays.com\/fr\/wp-json\/wp\/v2\/users\/2"}],"replies":[{"embeddable":true,"href":"https:\/\/www.europesays.com\/fr\/wp-json\/wp\/v2\/comments?post=172116"}],"version-history":[{"count":0,"href":"https:\/\/www.europesays.com\/fr\/wp-json\/wp\/v2\/posts\/172116\/revisions"}],"wp:featuredmedia":[{"embeddable":true,"href":"https:\/\/www.europesays.com\/fr\/wp-json\/wp\/v2\/media\/172117"}],"wp:attachment":[{"href":"https:\/\/www.europesays.com\/fr\/wp-json\/wp\/v2\/media?parent=172116"}],"wp:term":[{"taxonomy":"category","embeddable":true,"href":"https:\/\/www.europesays.com\/fr\/wp-json\/wp\/v2\/categories?post=172116"},{"taxonomy":"post_tag","embeddable":true,"href":"https:\/\/www.europesays.com\/fr\/wp-json\/wp\/v2\/tags?post=172116"}],"curies":[{"name":"wp","href":"https:\/\/api.w.org\/{rel}","templated":true}]}}