{"id":172122,"date":"2025-06-13T00:52:11","date_gmt":"2025-06-13T00:52:11","guid":{"rendered":"https:\/\/www.europesays.com\/fr\/172122\/"},"modified":"2025-06-13T00:52:11","modified_gmt":"2025-06-13T00:52:11","slug":"romy-deja-recadree-par-la-voix-apres-deux-jours-daventure-tu-nes-pas-assez-celebre","status":"publish","type":"post","link":"https:\/\/www.europesays.com\/fr\/172122\/","title":{"rendered":"Romy d\u00e9j\u00e0 recadr\u00e9e par La Voix apr\u00e8s deux jours d&rsquo;aventure, \u00ab\u00a0Tu n\u2019es pas assez c\u00e9l\u00e8bre\u00a0\u00bb"},"content":{"rendered":"<p><strong>Voil\u00e0 maintenant deux jours que la nouvelle saison de<br \/>\nSecret Story a \u00e9t\u00e9 lanc\u00e9e par Christophe Beaugrand<\/strong> qui a<br \/>\nassur\u00e9 l\u00a0\u00bbanimation du prime de lancement, <a href=\"https:\/\/www.melty.fr\/people\/christophe-beaugrand-et-son-mari-vises-par-une-violente-tentative-de-home-jacking-des-coups-de-clubs-de-golf-sur-la-tete-2239977.html\" rel=\"nofollow noopener\" target=\"_blank\"><br \/>\nmalgr\u00e9 le home-jacking dont il a \u00e9t\u00e9 victime quelques jours plus<br \/>\nt\u00f4t.<\/a> Pour cette nouvelle \u00e9dition, quatorze candidats sont au<br \/>\ncasting. Il y a Pimprenelle, Noah, Mayer, Adrien, Marianne, Ethan,<br \/>\nAnita, A\u00efmed, C\u00e9lia, Romy, Th\u00e9o, Dr\u00e9a, Constance et Damien.<\/p>\n<p>Mais, combien sont-ils ?<\/p>\n<p>Tous les candidats ne sont pas tous dans <a href=\"https:\/\/www.melty.fr\/tele\/secret-story-de-retour-la-nouvelle-maison-devoilee-en-video-et-choque-les-internautes-2241009.html\" rel=\"nofollow noopener\" target=\"_blank\"><br \/>\nla Maison des Secrets qui a fait r\u00e9agir les internautes<\/a><br \/>\nlorsqu&rsquo;elle a \u00e9t\u00e9 d\u00e9voil\u00e9e. Il se trouve que Pimprenelle, Adrien,<br \/>\nAnita et A\u00efmed sont dans la Maison de Cristal. Du c\u00f4t\u00e9 de la grande<br \/>\nmaison, les candidats sont au courant de la pr\u00e9sence de leurs<br \/>\ncamarades, mais ils ne savent pas combien ils sont. <strong>Ils ont<br \/>\nd&rsquo;ailleurs 48 heures pour d\u00e9couvrir le nombre exact de candidats<br \/>\nqui se trouvent de l&rsquo;autre c\u00f4t\u00e9 du mur, sans quoi il y aura des<br \/>\n\u00e9liminations.<\/strong><\/p>\n<p>Dans la Maison de Cristal, le mot d&rsquo;ordre est de tromper les<br \/>\nautres candidats au moment des appels vid\u00e9o. Pimprenelle et Anita<br \/>\nsont les seules \u00e0 s&rsquo;\u00eatre montr\u00e9es devant les cam\u00e9ras. Le probl\u00e8me,<br \/>\nc&rsquo;est que Dr\u00e9a est arriv\u00e9e avec Adrien dans le jeu, alors elle sait<br \/>\nqu&rsquo;il est l\u00e0, malgr\u00e9 le fait qu&rsquo;il se cache. De son c\u00f4t\u00e9, C\u00e9lia qui<br \/>\na un secret commun avec A\u00efmed n&rsquo;a rien dit, puisque leur destin est<br \/>\nli\u00e9.<\/p>\n<p>Premi\u00e8res tensions dans Secret Story ?<\/p>\n<p>Pour leur seconde soir\u00e9e dans La Maison des Secrets, les<br \/>\ncandidats ont f\u00eat\u00e9 l&rsquo;anniversaire de C\u00e9lia. Pour l&rsquo;occasion, La<br \/>\nVoix a donn\u00e9 l&rsquo;opportunit\u00e9 aux habitants de La Maison de Cristal de<br \/>\nlui passer un coup de fil pour lui souhaiter un bon anniversaire.<br \/>\nSauf que c&rsquo;est Romy qui a d\u00e9croch\u00e9 et elle a d&rsquo;abord refus\u00e9 de<br \/>\npasser le t\u00e9l\u00e9phone \u00e0 C\u00e9lia.<\/p>\n<p>Le comportement de Romy a particuli\u00e8rement choqu\u00e9 Pimprenelle<br \/>\nqui a l\u00e2ch\u00e9\u00a0 : \u00ab\u00a0J&rsquo;\u00e9tais l\u00e0, j&rsquo;\u00e9tais mignonne, j&rsquo;avais une<br \/>\nvoix douce et on me parle comme \u00e7a ? En vrai, <strong>je trouve que<br \/>\nc&rsquo;est limite impoli.<\/strong> Elle disait :\u00a0&lsquo;Je ne passe pas<br \/>\nle t\u00e9l\u00e9phone&rsquo;, alors que c&rsquo;est l&rsquo;anniversaire de<br \/>\nC\u00e9lia.\u00a0<strong>\u00c7a m&rsquo;a choqu\u00e9e, je d\u00e9teste qu&rsquo;on me parle comme<br \/>\n\u00e7a<\/strong>\u00ab\u00a0.\u00a0<\/p>\n<p>Romy moqu\u00e9e par La Voix<\/p>\n<p>Premi\u00e8re arriv\u00e9e dans La Maison des Secrets, Romy est d\u00e9j\u00e0 bien<br \/>\npr\u00e9sente et les internautes sont s\u00fbrs d&rsquo;avoir d\u00e9j\u00e0 son secret.<br \/>\nSelon eux, il s&rsquo;agit de : \u00ab\u00a0Je suis un ph\u00e9nom\u00e8ne viral.\u00a0\u00bb<br \/>\nLes internautes sont persuad\u00e9s qu&rsquo;il s&rsquo;agit de la jeune femme qui a<br \/>\n\u00e9t\u00e9 interrog\u00e9e lors d&rsquo;un micro-trottoir pour r\u00e9pondre \u00e0 des<br \/>\nquestions d&rsquo;un op\u00e9rateur t\u00e9l\u00e9phonique.<\/p>\n<p>La Voix, elle, a d\u00e9cid\u00e9 d&rsquo;\u00eatre taquine avec Romy. Alors qu&rsquo;elle<br \/>\navait des lunettes de soleil sur le nez, elle lui a lanc\u00e9 :<br \/>\n\u00ab\u00a0<strong>Romy, est-ce que tu peux enlever tes lunettes noires ?<br \/>\nTu n\u2019es pas encore assez c\u00e9l\u00e8bre, merci.\u00a0\u00bb<\/strong> Un trait<br \/>\nd&rsquo;humour qui n&rsquo;a pas manqu\u00e9 de faire r\u00e9agir les autres habitants de<br \/>\nla Maison des Secrets, mais aussi du c\u00f4t\u00e9 des r\u00e9seaux sociaux.<br \/>\nParmi les commentaires publi\u00e9s, on a pu lire : \u00ab\u00a0La Voix est en<br \/>\nroue libre\u00a0\u00bb, \u00ab\u00a0C\u2019est probablement une mission, non ?\u00a0\u00bb, \u00ab\u00a0La<br \/>\nproduction a clairement donn\u00e9 un indice sur son secret !\u00a0\u00bb ou<br \/>\nencore \u00ab\u00a0C\u2019est une r\u00e9f\u00e9rence \u00e0 son secret, non ?\u00a0\u00bb<\/p>\n","protected":false},"excerpt":{"rendered":"Voil\u00e0 maintenant deux jours que la nouvelle saison de Secret Story a \u00e9t\u00e9 lanc\u00e9e par Christophe Beaugrand qui&hellip;\n","protected":false},"author":2,"featured_media":172123,"comment_status":"","ping_status":"","sticky":false,"template":"","format":"standard","meta":{"footnotes":""},"categories":[1359],"tags":[58,59,1011,27,973,29901],"class_list":{"0":"post-172122","1":"post","2":"type-post","3":"status-publish","4":"format-standard","5":"has-post-thumbnail","7":"category-people","8":"tag-divertissement","9":"tag-entertainment","10":"tag-fr","11":"tag-france","12":"tag-people","13":"tag-secret-story"},"share_on_mastodon":{"url":"https:\/\/pubeurope.com\/@fr\/114673322965478953","error":""},"_links":{"self":[{"href":"https:\/\/www.europesays.com\/fr\/wp-json\/wp\/v2\/posts\/172122","targetHints":{"allow":["GET"]}}],"collection":[{"href":"https:\/\/www.europesays.com\/fr\/wp-json\/wp\/v2\/posts"}],"about":[{"href":"https:\/\/www.europesays.com\/fr\/wp-json\/wp\/v2\/types\/post"}],"author":[{"embeddable":true,"href":"https:\/\/www.europesays.com\/fr\/wp-json\/wp\/v2\/users\/2"}],"replies":[{"embeddable":true,"href":"https:\/\/www.europesays.com\/fr\/wp-json\/wp\/v2\/comments?post=172122"}],"version-history":[{"count":0,"href":"https:\/\/www.europesays.com\/fr\/wp-json\/wp\/v2\/posts\/172122\/revisions"}],"wp:featuredmedia":[{"embeddable":true,"href":"https:\/\/www.europesays.com\/fr\/wp-json\/wp\/v2\/media\/172123"}],"wp:attachment":[{"href":"https:\/\/www.europesays.com\/fr\/wp-json\/wp\/v2\/media?parent=172122"}],"wp:term":[{"taxonomy":"category","embeddable":true,"href":"https:\/\/www.europesays.com\/fr\/wp-json\/wp\/v2\/categories?post=172122"},{"taxonomy":"post_tag","embeddable":true,"href":"https:\/\/www.europesays.com\/fr\/wp-json\/wp\/v2\/tags?post=172122"}],"curies":[{"name":"wp","href":"https:\/\/api.w.org\/{rel}","templated":true}]}}