{"id":172128,"date":"2025-06-13T00:55:19","date_gmt":"2025-06-13T00:55:19","guid":{"rendered":"https:\/\/www.europesays.com\/fr\/172128\/"},"modified":"2025-06-13T00:55:19","modified_gmt":"2025-06-13T00:55:19","slug":"on-vous-explique-ou-et-quand-voir-les-episodes-sur-tf1-et-netflix","status":"publish","type":"post","link":"https:\/\/www.europesays.com\/fr\/172128\/","title":{"rendered":"On vous explique o\u00f9 et quand voir les \u00e9pisodes sur TF1 et Netflix"},"content":{"rendered":"<p>TF1 et Netflix s\u2019allient pour lancer Tout pour la lumi\u00e8re, une s\u00e9rie musicale ambitieuse diffus\u00e9e \u00e0 la fois sur la plateforme am\u00e9ricaine et sur TF1, mais en d\u00e9cal\u00e9. On vous explique tout de cette programmation in\u00e9dite. <\/p>\n<p>Apr\u00e8s des mois d&rsquo;attente, l&rsquo;heure est enfin venue ! <a href=\"https:\/\/www.programme-tv.net\/news\/series-tv\/379916-tout-pour-la-lumiere-date-de-sortie-horaire-casting-intrigues-toutes-les-infos-sur-la-nouvelle-serie-de-tf1-et-netflix\/\" data-api-deeplink=\"teleloisirs:\/\/news\/379916\" target=\"_blank\" rel=\"noopener\">Tout pour la lumi\u00e8re<\/a>, la s\u00e9rie musicale \u00e9v\u00e9nement co-produite par <a href=\"https:\/\/www.programme-tv.net\/news\/series-tv\/365657-tout-pour-la-lumiere-le-quatrieme-feuilleton-de-tf1-sera-d-abord-diffuse-sur-netflix\/\" data-api-deeplink=\"teleloisirs:\/\/news\/365657\" target=\"_blank\" rel=\"noopener\">TF1 et Netflix<\/a>, et dont <a href=\"https:\/\/www.programme-tv.net\/news\/series-tv\/380411-tout-pour-la-lumiere-qui-chante-le-generique-de-la-serie\/\" data-api-deeplink=\"teleloisirs:\/\/news\/380411\" target=\"_blank\" rel=\"noopener\">le g\u00e9n\u00e9rique est chant\u00e9 par les jeunes acteurs<\/a> arrive d\u00e8s<a href=\"https:\/\/www.programme-tv.net\/news\/series-tv\/379518-tout-pour-la-lumiere-on-sait-quand-la-nouvelle-serie-quotidienne-arrive-sur-tf1-et-netflix\/\" data-api-deeplink=\"teleloisirs:\/\/news\/379518\" target=\"_blank\" rel=\"noopener\"> ce vendredi 13 juin 2025 sur la plateforme am\u00e9ricaine \u00e0 00h01, puis le lundi 16 juin 2025 sur TF1<\/a>. Un partenariat in\u00e9dit entre la premi\u00e8re cha\u00eene d\u2019Europe et le g\u00e9ant du streaming, annonc\u00e9 fi\u00e8rement \u00e0 <a href=\"https:\/\/www.ouest-france.fr\/medias\/television\/exclusif-la-serie-tout-pour-la-lumiere-arrive-le-16-juin-sur-tf1-et-des-le-13-sur-netflix-523bdb7a-34fa-11f0-82aa-3134ba899709\" target=\"_blank\" rel=\"noopener\">Ouest-France<\/a> par Ara Aprikian, directeur g\u00e9n\u00e9ral adjoint contenu de TF1, et Pauline Dauvin, vice-pr\u00e9sidente de Netflix France.<\/p>\n<p>Vous ne comprenez rien \u00e0 la programmation de Tout pour la lumi\u00e8re ? On vous explique o\u00f9 et quand voir les \u00e9pisodes<\/p>\n<p>Et pour l\u2019occasion, Netflix innove. \u00ab\u00a0C&rsquo;est un test pour Netflix, qui se met \u00e0 la diffusion quotidienne, \u00e9pisode par \u00e9pisode plut\u00f4t qu\u2019en int\u00e9gralit\u00e9. Ceci pour respecter la mani\u00e8re dont est construite cette s\u00e9rie. Ce sera \u00e0 9 h 01 chaque matin\u00a0\u00bb, a confi\u00e9 Pauline Dauvin. Concr\u00e8tement, les trois premiers \u00e9pisodes seront disponibles<a href=\"https:\/\/www.programme-tv.net\/news\/series-tv\/314930-netflix-toutes-les-dates-de-sortie-de-vos-series-preferees-de-2023\/\" data-api-deeplink=\"teleloisirs:\/\/news\/314930\" target=\"_blank\" rel=\"noopener\"> d\u00e8s le vendredi 13 juin 2025 sur la plateforme am\u00e9ricaine<\/a>. Le samedi 14 et le dimanche 15 juin 2025 suivront les \u00e9pisodes 4 et 5. Puis, \u00e0 partir du 18 juin 2025, <b>Netflix adoptera un rythme quotidien du mercredi au dimanche<\/b>. R\u00e9sultat : la plateforme aura toujours cinq \u00e9pisodes d\u2019avance sur TF1, qui diffusera un \u00e9pisode par jour <a href=\"https:\/\/www.programme-tv.net\/news\/series-tv\/379629-tout-pour-la-lumiere-on-sait-enfin-a-quelle-heure-la-serie-sera-diffusee-sur-tf1\/\" data-api-deeplink=\"teleloisirs:\/\/news\/379629\" target=\"_blank\" rel=\"noopener\">\u00e0 partir du 16 juin 2025 \u00e0 18h<\/a>, juste avant Ici tout commence et Demain nous appartient.<\/p>\n<p>                        Tout pour la lumi\u00e8re : La s\u00e9rie est disponible aussi sur TF1 et TF1+<\/p>\n<p><b>Tout pour la lumi\u00e8re <\/b>sera \u00e9galement <b>accessible en streaming gratuit sur TF1+<\/b>, et les abonn\u00e9s \u00e0 l\u2019offre premium pourront visionner les \u00e9pisodes deux jours avant leur diffusion t\u00e9l\u00e9. L&rsquo;\u00e9pisode du jour sera \u00e9galement rediffus\u00e9 \u00e0 20h sur la cha\u00eene TFX. \u00ab\u00a0Ce partenariat in\u00e9dit permet d&rsquo;\u00eatre plus ambitieux, \u00e0 la fois \u00e9ditorialement mais aussi artistiquement avec un projet qui allie de la musique, de la danse, des titres originaux, a expliqu\u00e9 Anne Didier, directrice artistique de la fiction fran\u00e7aise du groupe TF1, qui cite pour exemples les succ\u00e8s de Fame, Glee ou Un, dos, tres. Cet accord permet une visibilit\u00e9 plus large. On parie sur la compl\u00e9mentarit\u00e9 de nos publics et des offres\u00a0\u00bb.<\/p>\n","protected":false},"excerpt":{"rendered":"TF1 et Netflix s\u2019allient pour lancer Tout pour la lumi\u00e8re, une s\u00e9rie musicale ambitieuse diffus\u00e9e \u00e0 la fois&hellip;\n","protected":false},"author":2,"featured_media":172129,"comment_status":"","ping_status":"","sticky":false,"template":"","format":"standard","meta":{"footnotes":""},"categories":[1356],"tags":[244,58,59,1011,27,127,1722,129,252,199,30701,1364],"class_list":{"0":"post-172128","1":"post","2":"type-post","3":"status-publish","4":"format-standard","5":"has-post-thumbnail","7":"category-television","8":"tag-commentaire","9":"tag-divertissement","10":"tag-entertainment","11":"tag-fr","12":"tag-france","13":"tag-netflix","14":"tag-pub-streaming-netflix","15":"tag-svod","16":"tag-television","17":"tag-tf1","18":"tag-tout-pour-la-lumiu00e8re","19":"tag-tv"},"share_on_mastodon":{"url":"https:\/\/pubeurope.com\/@fr\/114673334607687266","error":""},"_links":{"self":[{"href":"https:\/\/www.europesays.com\/fr\/wp-json\/wp\/v2\/posts\/172128","targetHints":{"allow":["GET"]}}],"collection":[{"href":"https:\/\/www.europesays.com\/fr\/wp-json\/wp\/v2\/posts"}],"about":[{"href":"https:\/\/www.europesays.com\/fr\/wp-json\/wp\/v2\/types\/post"}],"author":[{"embeddable":true,"href":"https:\/\/www.europesays.com\/fr\/wp-json\/wp\/v2\/users\/2"}],"replies":[{"embeddable":true,"href":"https:\/\/www.europesays.com\/fr\/wp-json\/wp\/v2\/comments?post=172128"}],"version-history":[{"count":0,"href":"https:\/\/www.europesays.com\/fr\/wp-json\/wp\/v2\/posts\/172128\/revisions"}],"wp:featuredmedia":[{"embeddable":true,"href":"https:\/\/www.europesays.com\/fr\/wp-json\/wp\/v2\/media\/172129"}],"wp:attachment":[{"href":"https:\/\/www.europesays.com\/fr\/wp-json\/wp\/v2\/media?parent=172128"}],"wp:term":[{"taxonomy":"category","embeddable":true,"href":"https:\/\/www.europesays.com\/fr\/wp-json\/wp\/v2\/categories?post=172128"},{"taxonomy":"post_tag","embeddable":true,"href":"https:\/\/www.europesays.com\/fr\/wp-json\/wp\/v2\/tags?post=172128"}],"curies":[{"name":"wp","href":"https:\/\/api.w.org\/{rel}","templated":true}]}}