{"id":17214,"date":"2025-04-11T11:57:08","date_gmt":"2025-04-11T11:57:08","guid":{"rendered":"https:\/\/www.europesays.com\/fr\/17214\/"},"modified":"2025-04-11T11:57:08","modified_gmt":"2025-04-11T11:57:08","slug":"elsa-bois-danse-avec-les-stars-en-couple-avec-florent-manaudou-elle-prendra-la-parole-ce-samedi","status":"publish","type":"post","link":"https:\/\/www.europesays.com\/fr\/17214\/","title":{"rendered":"Elsa Bois (Danse avec les stars) en couple avec Florent Manaudou ? Elle prendra la parole ce samedi"},"content":{"rendered":"<p>      R\u00e9sum\u00e9<\/p>\n<p>Elsa Bois brisera-t-elle enfin le silence sur sa pr\u00e9sum\u00e9e romance avec Florent Manaudou lors de son interview avec Isabelle Ithurburu dans \u00ab\u00a050\u2019 Inside\u00a0\u00bb ce samedi ? Les rumeurs vont bon train depuis leur apparition ensemble suite \u00e0 la s\u00e9paration de la danseuse avec le YouTubeur Michou.<\/p>\n<p>        Sommaire<\/p>\n<p>L\u2019occasion de vider son sac et faire la lumi\u00e8re sur les zones d\u2019ombre. Ce samedi 12 avril 2025, Isabelle Ithurburu va recevoir <a href=\"https:\/\/vsd.fr\/tag\/elsa-bois\/\" target=\"_blank\" rel=\"noopener\">Elsa Bois<\/a> dans son \u00e9mission <strong>\u00ab\u00a050\u2019 Inside\u00a0\u00bb<\/strong>. <\/p>\n<p><a href=\"https:\/\/www.public.fr\/cest-la-cata-isabelle-ithurburu-et-maxim-nucci-rares-confidences-sur-leur-fille-mia\" target=\"_blank\" rel=\"noopener\">La compagne de Maxime Nucci<\/a> va avoir l\u2019occasion d\u2019interroger la danseuse de <strong>\u00ab\u00a0Danse avec les stars\u00a0\u00bb <\/strong>sur son actuelle aventure avec <a href=\"https:\/\/www.public.fr\/tag\/florent-manaudou\" target=\"_blank\" rel=\"noopener\">Florent Manaudou<\/a>, <a href=\"https:\/\/www.public.fr\/elsa-bois-proche-de-la-famille-de-florent-manaudou-sa-niece-fait-une-publication-qui-en-dit-long\" target=\"_blank\" rel=\"noopener\">les rumeurs de couples<\/a> \u00e0 leur sujet, et les autres aspects de sa vie.<\/p>\n<p>Elsa Bois en couple avec Florent Manaudou ? <\/p>\n<p>En effet, depuis quelques semaines, et sa s\u00e9paration avec le YouTubeur Michou, les rumeurs vont bon train au sujet d\u2019Elsa Bois. Nos confr\u00e8res de Voici r\u00e9v\u00e9laient le 14 mars 2025, que la danseuse et le cr\u00e9ateur de contenu avaient bel et bien fait le choix de se s\u00e9parer et que la jeune femme aurait d\u00e9j\u00e0 retrouv\u00e9 chaussure \u00e0 son pied.\u00a0<\/p>\n<p>L\u2019hebdomadaire a en effet assur\u00e9 dans son magazine du 14 mars <strong>\u00ab\u00a0qu\u2019Elsa et Florent sont bien ensemble\u00a0\u00bb<\/strong>. \u00ab\u00a0Selon nos informations, apr\u00e8s le dernier prime de\u00a0Danse avec les stars\u00a0diffus\u00e9 le 28 f\u00e9vrier dernier, la danseuse a discr\u00e8tement rejoint le nageur dans son appartement, o\u00f9 elle a pass\u00e9 la nuit avant le d\u00e9part du nageur pour Marseille, o\u00f9 il vit\u00a0\u00bb, a pr\u00e9cis\u00e9 Voici.<\/p>\n<p>Une source proche du duo de <strong>\u00ab\u00a0Danse avec les stars\u00a0\u00bb<\/strong> aurait m\u00eame donn\u00e9 quelques informations au sujet de cette pr\u00e9sum\u00e9e histoire : \u00ab\u00a0Sans doute, ils avaient envie de profiter l\u2019un de l\u2019autre avant le d\u00e9part de Florent pour Marseille.\u00a0Ils n\u2019allaient pas se voir pendant une semaine\u2026\u00a0\u00bb.<\/p>\n<p>La danseuse de \u00ab\u00a0Danse avec les stars\u00a0\u00bb va r\u00e9agir au micro d&rsquo;Isabelle Ithurburu<\/p>\n<p>N\u00e9anmoins, depuis, c\u2019est silence radio. Ni Florent Manaudou, ni Elsa Bois, n\u2019a pris la parole \u00e0 ce sujet. Mais ce n\u2019est qu\u2019une question de temps. En effet, ce jeudi 10 avril 2025, Isabelle Ithurburu a donn\u00e9 le nom du prochain invit\u00e9 pour le portrait de la semaine dans <strong>\u00ab\u00a050\u2019 Inside\u00a0\u00bb<\/strong>.\u00a0<\/p>\n<p><strong>\u00ab\u00a0Cette semaine, Elsa Bois est dans le portrait d&rsquo;Isabelle Ithurburu\u00a0\u00bb<\/strong>, a annonc\u00e9 le compte de l\u2019\u00e9mission et la journaliste. Une annonce qui n\u2019a pas manqu\u00e9 de faire r\u00e9agir dans la section commentaires. \u00ab\u00a0Trop h\u00e2te de voir !\u00a0\u00bb, \u00ab\u00a0Je ne le manquerais sous aucun pr\u00e9texte\u00a0\u00bb, \u00ab\u00a0j\u2019ai vraiment h\u00e2te de voir \u00e7a\u00a0\u00bb, ont r\u00e9agi nombre d\u2019internautes.<\/p>\n<p>Si aucun indice sur la nature de l\u2019interview n\u2019a filtr\u00e9, nombre d\u2019internautes restent persuad\u00e9s que la pr\u00e9sum\u00e9e histoire d\u2019amour entre Elsa Bois et son partenaire de <strong>\u00ab\u00a0Danse avec les stars\u00a0\u00bb<\/strong> sera \u00e9voqu\u00e9e au cours de l\u2019interview.\u00a0<\/p>\n<p>      Mentionn\u00e9s dans cet article<\/p>\n<p>\u00c0 lire aussi<\/p>\n","protected":false},"excerpt":{"rendered":"R\u00e9sum\u00e9 Elsa Bois brisera-t-elle enfin le silence sur sa pr\u00e9sum\u00e9e romance avec Florent Manaudou lors de son interview&hellip;\n","protected":false},"author":2,"featured_media":17215,"comment_status":"","ping_status":"","sticky":false,"template":"","format":"standard","meta":{"footnotes":""},"categories":[1359],"tags":[4544,194,58,59,925,1011,27,6975,6976,973],"class_list":{"0":"post-17214","1":"post","2":"type-post","3":"status-publish","4":"format-standard","5":"has-post-thumbnail","7":"category-people","8":"tag-50-minutes-inside","9":"tag-danse-avec-les-stars","10":"tag-divertissement","11":"tag-entertainment","12":"tag-florent-manaudou","13":"tag-fr","14":"tag-france","15":"tag-isabelle-ithurburu","16":"tag-michou","17":"tag-people"},"share_on_mastodon":{"url":"https:\/\/pubeurope.com\/@fr\/114319212103304115","error":""},"_links":{"self":[{"href":"https:\/\/www.europesays.com\/fr\/wp-json\/wp\/v2\/posts\/17214","targetHints":{"allow":["GET"]}}],"collection":[{"href":"https:\/\/www.europesays.com\/fr\/wp-json\/wp\/v2\/posts"}],"about":[{"href":"https:\/\/www.europesays.com\/fr\/wp-json\/wp\/v2\/types\/post"}],"author":[{"embeddable":true,"href":"https:\/\/www.europesays.com\/fr\/wp-json\/wp\/v2\/users\/2"}],"replies":[{"embeddable":true,"href":"https:\/\/www.europesays.com\/fr\/wp-json\/wp\/v2\/comments?post=17214"}],"version-history":[{"count":0,"href":"https:\/\/www.europesays.com\/fr\/wp-json\/wp\/v2\/posts\/17214\/revisions"}],"wp:featuredmedia":[{"embeddable":true,"href":"https:\/\/www.europesays.com\/fr\/wp-json\/wp\/v2\/media\/17215"}],"wp:attachment":[{"href":"https:\/\/www.europesays.com\/fr\/wp-json\/wp\/v2\/media?parent=17214"}],"wp:term":[{"taxonomy":"category","embeddable":true,"href":"https:\/\/www.europesays.com\/fr\/wp-json\/wp\/v2\/categories?post=17214"},{"taxonomy":"post_tag","embeddable":true,"href":"https:\/\/www.europesays.com\/fr\/wp-json\/wp\/v2\/tags?post=17214"}],"curies":[{"name":"wp","href":"https:\/\/api.w.org\/{rel}","templated":true}]}}