{"id":172142,"date":"2025-06-13T01:02:09","date_gmt":"2025-06-13T01:02:09","guid":{"rendered":"https:\/\/www.europesays.com\/fr\/172142\/"},"modified":"2025-06-13T01:02:09","modified_gmt":"2025-06-13T01:02:09","slug":"malgre-les-promesses-la-tentation-de-limpot-revient-en-force","status":"publish","type":"post","link":"https:\/\/www.europesays.com\/fr\/172142\/","title":{"rendered":"malgr\u00e9 les promesses, la tentation de l\u2019imp\u00f4t revient en force"},"content":{"rendered":"<p><strong>D\u00c9CRYPTAGE &#8211;<\/strong> Alors que l\u2019\u00e9quation budg\u00e9taire tourne \u00e0 l\u2019insoluble, les id\u00e9es visant \u00e0 augmenter les recettes de l\u2019\u00c9tat, donc la taxation, se multiplient et se d\u00e9ploient dans le d\u00e9bat.<\/p>\n<p class=\"fig-paragraph\">Si les promesses n\u2019engagent que ceux qui les croient, celle-ci n\u2019a jamais d\u00fb engager grand monde. Depuis que Fran\u00e7ois Bayrou a annonc\u00e9 qu\u2019il pr\u00e9senterait mi-juillet\u00a0<a href=\"http:\/\/www.lefigaro.fr\/conjoncture\/budget-comment-bayrou-veut-preparer-les-esprits-aux-40-milliards-d-euros-d-economies-20250414\" data-fig-type=\"Article\" data-gtm-custom-categorie=\"navigation\" data-gtm-custom-action=\"crossclick\" data-gtm-custom-label=\"Contextuel\" data-gtm-event=\"customEventSPE\" data-fig-domain=\"LEFIGARO\" target=\"_blank\" rel=\"noopener\">un plan proposant 40\u00a0milliards d\u2019euros d\u2019effort budg\u00e9taire<\/a>\u00a0\u00e0 inscrire dans le budget, les ministres de Bercy et le premier ministre lui-m\u00eame n\u2019ont eu de cesse de r\u00e9p\u00e9ter que cet effort serait fourni \u00ab\u00a0sans augmentation d\u2019imp\u00f4ts\u00a0\u00bb. Mais, l\u2019\u00e9ch\u00e9ance approchant, cet engagement semble comporter de plus en plus d\u2019ast\u00e9risques. \u00ab\u00a0Nous avons toujours dit qu\u2019il n\u2019y aurait pas d\u2019augmentation d\u2019imp\u00f4t pour les classes moyennes et populaires\u00a0\u00bb, pr\u00e9cisait par exemple un haut grad\u00e9 de Bercy, il y a quelques jours. \u00ab\u00a0Il n\u2019y aura pas de hausse d\u2019imp\u00f4ts d\u2019ensemble\u00a0\u00bb, nuan\u00e7ait le ministre de l\u2019\u00c9conomie, \u00c9ric Lombard lui-m\u00eame, la semaine derni\u00e8re sur le plateau de France\u00a02, dans une formule qui ouvre grand la voie \u00e0 des hausses de fiscalit\u00e9 pour \u00ab\u00a0certains\u00a0\u00bb contribuables.<\/p>\n<p class=\"fig-paragraph\">En r\u00e9alit\u00e9, le gouvernement pr\u00e9voit depuis le d\u00e9but de l\u2019ann\u00e9e\u2026<\/p>\n<p class=\"fig-premium-paywall__infos\">\n        Cet article est r\u00e9serv\u00e9 aux abonn\u00e9s.        Il vous reste 83% \u00e0 d\u00e9couvrir.\n    <\/p>\n<p>                <img  data- alt=\"Le Figaro\" class=\"fig-img--complete fig-img\"\/><\/p>\n<p class=\"fig-premium-paywall__title\">Vente Flash<\/p>\n<p class=\"fig-premium-paywall__subtitle\">3,99\u20ac par mois pendant 12 mois. Sans engagement.<\/p>\n<p class=\"fig-premium-paywall__connect\">\n                D\u00e9j\u00e0 abonn\u00e9\u00a0?                <a class=\"fig-premium-paywall__connect-link\" href=\"https:\/\/connect.lefigaro.fr\/login?client=horizon_web&amp;type=main&amp;redirect_uri=https%3A%2F%2Fwww.lefigaro.fr%2Fconjoncture%2Fbudget-2026-malgre-les-promesses-la-tentation-de-l-impot-revient-en-force-20250612\" data-js-gtm=\"{&quot;customCategorie&quot;: &quot;conversion&quot;, &quot;customAction&quot;: &quot;before_Landing_Connexion_paywall_auto&quot;, &quot;customLabel&quot;: &quot;bGVmaWdhcm8uZnJfXzFmMDQ3OGIwLWQ0NjUtNjIwNC05MDkzLWU3M2QwYzE5YWEzMF9fQXJ0aWNsZQ==_Budget 2026\u00a0: malgr\u00e9 les promesses, la tentation de l\u2019imp\u00f4t revient en force_57&quot;, &quot;customIDSPE&quot;: &quot;bGVmaWdhcm8uZnJfXzFmMDQ3OGIwLWQ0NjUtNjIwNC05MDkzLWU3M2QwYzE5YWEzMF9fQXJ0aWNsZQ==&quot;, &quot;event&quot;: &quot;customEventSPE&quot;}\" target=\"_blank\" rel=\"noopener\"><br \/>\n                    Connectez-vous<br \/>\n                <\/a>\n            <\/p>\n","protected":false},"excerpt":{"rendered":"D\u00c9CRYPTAGE &#8211; Alors que l\u2019\u00e9quation budg\u00e9taire tourne \u00e0 l\u2019insoluble, les id\u00e9es visant \u00e0 augmenter les recettes de l\u2019\u00c9tat,&hellip;\n","protected":false},"author":2,"featured_media":172143,"comment_status":"","ping_status":"","sticky":false,"template":"","format":"standard","meta":{"footnotes":""},"categories":[6],"tags":[339,340,1003,35,343,345,350,130,344,352,349,33,34,341,313,526,1011,27,346,342,353,351,347,348,354],"class_list":{"0":"post-172142","1":"post","2":"type-post","3":"status-publish","4":"format-standard","5":"has-post-thumbnail","7":"category-economie","8":"tag-actualite-economique","9":"tag-bourse","10":"tag-budget","11":"tag-business","12":"tag-cac-40","13":"tag-chef-dentreprise","14":"tag-concurrence","15":"tag-consommation","16":"tag-creation-dentreprise","17":"tag-crise","18":"tag-delocalisations","19":"tag-economie","20":"tag-economy","21":"tag-emploi","22":"tag-entreprises","23":"tag-fiscalite","24":"tag-fr","25":"tag-france","26":"tag-grands-patrons","27":"tag-impots","28":"tag-licenciements","29":"tag-monopole","30":"tag-multinationales","31":"tag-privatisation","32":"tag-unio"},"share_on_mastodon":{"url":"https:\/\/pubeurope.com\/@fr\/114673362089951162","error":""},"_links":{"self":[{"href":"https:\/\/www.europesays.com\/fr\/wp-json\/wp\/v2\/posts\/172142","targetHints":{"allow":["GET"]}}],"collection":[{"href":"https:\/\/www.europesays.com\/fr\/wp-json\/wp\/v2\/posts"}],"about":[{"href":"https:\/\/www.europesays.com\/fr\/wp-json\/wp\/v2\/types\/post"}],"author":[{"embeddable":true,"href":"https:\/\/www.europesays.com\/fr\/wp-json\/wp\/v2\/users\/2"}],"replies":[{"embeddable":true,"href":"https:\/\/www.europesays.com\/fr\/wp-json\/wp\/v2\/comments?post=172142"}],"version-history":[{"count":0,"href":"https:\/\/www.europesays.com\/fr\/wp-json\/wp\/v2\/posts\/172142\/revisions"}],"wp:featuredmedia":[{"embeddable":true,"href":"https:\/\/www.europesays.com\/fr\/wp-json\/wp\/v2\/media\/172143"}],"wp:attachment":[{"href":"https:\/\/www.europesays.com\/fr\/wp-json\/wp\/v2\/media?parent=172142"}],"wp:term":[{"taxonomy":"category","embeddable":true,"href":"https:\/\/www.europesays.com\/fr\/wp-json\/wp\/v2\/categories?post=172142"},{"taxonomy":"post_tag","embeddable":true,"href":"https:\/\/www.europesays.com\/fr\/wp-json\/wp\/v2\/tags?post=172142"}],"curies":[{"name":"wp","href":"https:\/\/api.w.org\/{rel}","templated":true}]}}