{"id":172148,"date":"2025-06-13T01:06:29","date_gmt":"2025-06-13T01:06:29","guid":{"rendered":"https:\/\/www.europesays.com\/fr\/172148\/"},"modified":"2025-06-13T01:06:29","modified_gmt":"2025-06-13T01:06:29","slug":"saint-just-malmont-il-sendort-les-gendarmes-relevent-une-alcoolemie-positive","status":"publish","type":"post","link":"https:\/\/www.europesays.com\/fr\/172148\/","title":{"rendered":"Saint-Just-Malmont : il s&rsquo;endort, les gendarmes rel\u00e8vent une alcool\u00e9mie positive"},"content":{"rendered":"<p>\t\t\t\t\t\t\t\t\t\t\t\t\t\t\t\t\t\t\t\t\t\t\t\t\t\t\t\t\t\t\t\t\t\t\t\t\t\t\t\t\t\t\t\t\t\t<img decoding=\"async\" src=\"https:\/\/www.europesays.com\/fr\/wp-content\/uploads\/2025\/06\/rural2025-4.gif\" alt=\"Tence Rural Master juin 2025\"\/><\/p>\n<p>Mercredi \u00e0 19 h 15, un accident s&rsquo;est produit entre Saint-Just-Malmont et Firminy, sur la RD500. Une voiture a quitt\u00e9 la route. L&rsquo;automobiliste a indiqu\u00e9 s&rsquo;\u00eatre endormi. Les d\u00e9pistages ont r\u00e9v\u00e9l\u00e9 une alcool\u00e9mie positive, avec un taux contraventionnel (de 0,5 \u00e0 0,8 gramme par litre de sang).<\/p>\n<p>Les pompiers ont emmen\u00e9 un homme de 37 ans et un homme de 41 ans aux urgences de Firminy.<\/p>\n","protected":false},"excerpt":{"rendered":"Mercredi \u00e0 19 h 15, un accident s&rsquo;est produit entre Saint-Just-Malmont et Firminy, sur la RD500. Une voiture&hellip;\n","protected":false},"author":2,"featured_media":172149,"comment_status":"","ping_status":"","sticky":false,"template":"","format":"standard","meta":{"footnotes":""},"categories":[9653],"tags":[1111,2281,11,2430,1777,674,2282,1011,27,2280,2284,2285,2283,12,25,4001],"class_list":{"0":"post-172148","1":"post","2":"type-post","3":"status-publish","4":"format-standard","5":"has-post-thumbnail","7":"category-saint-etienne","8":"tag-actu","9":"tag-actualite-43","10":"tag-actualites","11":"tag-auvergne-rhone-alpes","12":"tag-eu","13":"tag-europe","14":"tag-faits-divers-auvergne","15":"tag-fr","16":"tag-france","17":"tag-information-haute-loire","18":"tag-infos-43","19":"tag-journal-haute-loire","20":"tag-la-commere-43","21":"tag-news","22":"tag-republique-francaise","23":"tag-saint-etienne"},"share_on_mastodon":{"url":"https:\/\/pubeurope.com\/@fr\/114673377819702717","error":""},"_links":{"self":[{"href":"https:\/\/www.europesays.com\/fr\/wp-json\/wp\/v2\/posts\/172148","targetHints":{"allow":["GET"]}}],"collection":[{"href":"https:\/\/www.europesays.com\/fr\/wp-json\/wp\/v2\/posts"}],"about":[{"href":"https:\/\/www.europesays.com\/fr\/wp-json\/wp\/v2\/types\/post"}],"author":[{"embeddable":true,"href":"https:\/\/www.europesays.com\/fr\/wp-json\/wp\/v2\/users\/2"}],"replies":[{"embeddable":true,"href":"https:\/\/www.europesays.com\/fr\/wp-json\/wp\/v2\/comments?post=172148"}],"version-history":[{"count":0,"href":"https:\/\/www.europesays.com\/fr\/wp-json\/wp\/v2\/posts\/172148\/revisions"}],"wp:featuredmedia":[{"embeddable":true,"href":"https:\/\/www.europesays.com\/fr\/wp-json\/wp\/v2\/media\/172149"}],"wp:attachment":[{"href":"https:\/\/www.europesays.com\/fr\/wp-json\/wp\/v2\/media?parent=172148"}],"wp:term":[{"taxonomy":"category","embeddable":true,"href":"https:\/\/www.europesays.com\/fr\/wp-json\/wp\/v2\/categories?post=172148"},{"taxonomy":"post_tag","embeddable":true,"href":"https:\/\/www.europesays.com\/fr\/wp-json\/wp\/v2\/tags?post=172148"}],"curies":[{"name":"wp","href":"https:\/\/api.w.org\/{rel}","templated":true}]}}