{"id":172157,"date":"2025-06-13T01:11:17","date_gmt":"2025-06-13T01:11:17","guid":{"rendered":"https:\/\/www.europesays.com\/fr\/172157\/"},"modified":"2025-06-13T01:11:17","modified_gmt":"2025-06-13T01:11:17","slug":"rc-toulon-gabin-villiere-forfait-pour-le-barrage-daccession-aux-demi-finales-du-top-14-sport-4","status":"publish","type":"post","link":"https:\/\/www.europesays.com\/fr\/172157\/","title":{"rendered":"RC Toulon. Gabin Villi\u00e8re forfait pour le barrage d\u2019accession aux demi-finales du Top 14 . Sport"},"content":{"rendered":"<p>Sorti sur commotion le week-end dernier \u00e0 Bayonne lors de la 26e et derni\u00e8re journ\u00e9e de la saison r\u00e9guli\u00e8re du Top 14, l\u2019ailier international du RC Toulon Gabin Villi\u00e8re est forfait pour <a href=\"https:\/\/rennes.maville.com\/sport\/detail_-top-14.-horaires-affiches-chaine-tv...-tout-savoir-sur-les-barrages-d-accession-en-demi-finales-_54135-6848242_actu.Htm\" target=\"_blank\" rel=\"noopener\">le barrage contre Castres<\/a>, samedi 14\u00a0juin au stade Mayol (21\u00a0h\u00a005).<\/p>\n<p>Ga\u00ebl Dr\u00e9an \u00ab\u00a0excus\u00e9 apr\u00e8s un probl\u00e8me familial\u00a0\u00bb<\/p>\n<p><strong>\u00ab\u00a0Gabin Villi\u00e8re est forfait, il sera de retour pour le prochain match, s\u2019il y a un prochain match\u00a0\u00bb<\/strong>, a annonc\u00e9 ce jeudi le manager Pierre Mignoni en conf\u00e9rence de presse. En l\u2019absence de l\u2019ailier aux 18\u00a0s\u00e9lections avec le XV de France, les internationaux fidjiens Jiuta Wainiqolo et Setariki Tuicuvu devraient prendre place sur les ailes.<\/p>\n<p>L\u2019ailier Ga\u00ebl Dr\u00e9an, auteur de 12\u00a0essais en Top 14\u00a0cette saison, ne sera pas pr\u00e9sent non plus. <strong>\u00ab\u00a0Ga\u00ebl Dr\u00e9an est de nouveau excus\u00e9 apr\u00e8s un probl\u00e8me familial qui le touche depuis quinze jours. Il va revenir avec nous ce<\/strong> (jeudi)<strong> soir\u00a0\u00bb<\/strong>, a expliqu\u00e9 Mignoni \u00e0 propos du joueur qui n\u2019a plus jou\u00e9 depuis la 23e journ\u00e9e.<\/p>\n<p><strong>Lire aussi. <\/strong> <a href=\"https:\/\/niort.maville.com\/sport\/detail_-top-14.-le-pilier-droit-francais-uini-atonio-touche-a-un-ischio-jambier-et-absent-six-mois-_54135-6850708_actu.Htm\" target=\"_blank\" rel=\"noopener\">Top 14. Le pilier droit fran\u00e7ais Uini Atonio touch\u00e9 \u00e0 un ischio-jambier et absent six mois<\/a><\/p>\n<p>Le troisi\u00e8me ligne Charles Ollivon (genou), le talonneur Gianmarco Lucchesi (genou) et le demi d\u2019ouverture Enzo Herv\u00e9 (ischio-jambiers) sont \u00e9galement forfaits pour cette rencontre.<\/p>\n<p>\u00a0<\/p>\n","protected":false},"excerpt":{"rendered":"Sorti sur commotion le week-end dernier \u00e0 Bayonne lors de la 26e et derni\u00e8re journ\u00e9e de la saison&hellip;\n","protected":false},"author":2,"featured_media":171917,"comment_status":"","ping_status":"","sticky":false,"template":"","format":"standard","meta":{"footnotes":""},"categories":[9619],"tags":[1111,11,3809,1465,1777,674,63,1011,27,1792,1922,12,882,25,479,517,2310,1470],"class_list":{"0":"post-172157","1":"post","2":"type-post","3":"status-publish","4":"format-standard","5":"has-post-thumbnail","7":"category-toulon","8":"tag-actu","9":"tag-actualites","10":"tag-ball","11":"tag-basket","12":"tag-eu","13":"tag-europe","14":"tag-football","15":"tag-fr","16":"tag-france","17":"tag-handball","18":"tag-info","19":"tag-news","20":"tag-provence-alpes-cote-dazur","21":"tag-republique-francaise","22":"tag-rugby","23":"tag-sport","24":"tag-toulon","25":"tag-volley"},"share_on_mastodon":{"url":"https:\/\/pubeurope.com\/@fr\/114673397464383426","error":""},"_links":{"self":[{"href":"https:\/\/www.europesays.com\/fr\/wp-json\/wp\/v2\/posts\/172157","targetHints":{"allow":["GET"]}}],"collection":[{"href":"https:\/\/www.europesays.com\/fr\/wp-json\/wp\/v2\/posts"}],"about":[{"href":"https:\/\/www.europesays.com\/fr\/wp-json\/wp\/v2\/types\/post"}],"author":[{"embeddable":true,"href":"https:\/\/www.europesays.com\/fr\/wp-json\/wp\/v2\/users\/2"}],"replies":[{"embeddable":true,"href":"https:\/\/www.europesays.com\/fr\/wp-json\/wp\/v2\/comments?post=172157"}],"version-history":[{"count":0,"href":"https:\/\/www.europesays.com\/fr\/wp-json\/wp\/v2\/posts\/172157\/revisions"}],"wp:featuredmedia":[{"embeddable":true,"href":"https:\/\/www.europesays.com\/fr\/wp-json\/wp\/v2\/media\/171917"}],"wp:attachment":[{"href":"https:\/\/www.europesays.com\/fr\/wp-json\/wp\/v2\/media?parent=172157"}],"wp:term":[{"taxonomy":"category","embeddable":true,"href":"https:\/\/www.europesays.com\/fr\/wp-json\/wp\/v2\/categories?post=172157"},{"taxonomy":"post_tag","embeddable":true,"href":"https:\/\/www.europesays.com\/fr\/wp-json\/wp\/v2\/tags?post=172157"}],"curies":[{"name":"wp","href":"https:\/\/api.w.org\/{rel}","templated":true}]}}