{"id":172170,"date":"2025-06-13T01:20:20","date_gmt":"2025-06-13T01:20:20","guid":{"rendered":"https:\/\/www.europesays.com\/fr\/172170\/"},"modified":"2025-06-13T01:20:20","modified_gmt":"2025-06-13T01:20:20","slug":"municipales-2026-voici-les-chefs-de-file-du-modem-a-strasbourg-colmar-et-mulhouse-3","status":"publish","type":"post","link":"https:\/\/www.europesays.com\/fr\/172170\/","title":{"rendered":"Municipales 2026. Voici les chefs de file du MoDem \u00e0 Strasbourg, Colmar et Mulhouse"},"content":{"rendered":"<p>Le MoDem vient de d\u00e9signer ses chefs de file pour les \u00e9lections municipales \u00e0 Strasbourg, Colmar et Mulhouse. La notion de chef de file ne recouvre pas forc\u00e9ment celle de candidat. Le parti centriste a d\u00e9cid\u00e9 d\u2019impliquer ses d\u00e9put\u00e9s et pr\u00e9cise dans un communiqu\u00e9 que \u00ab\u00a0leur regard \u00e0 bonne distance des enjeux personnels locaux leur permettra de d\u00e9fendre avec s\u00e9r\u00e9nit\u00e9 et efficacit\u00e9 les int\u00e9r\u00eats de notre famille politiques et ses partenaires dans chaque agglom\u00e9ration\u00a0\u00bb. Ainsi, <a href=\"http:\/\/www.lalsace.fr\/elections\/2024\/06\/25\/molsheim-obernai-bruche-louise-morel-(modem)-en-rempart-contre-le-rn\" target=\"_blank\" rel=\"nofollow noopener\">Louise Morel<\/a> (6e circonscription du Bas-Rhin, Molsheim) travaillera avec <a href=\"http:\/\/www.lalsace.fr\/politique\/2024\/06\/14\/rebecca-breitman-investie-par-la-majorite-presidentielle\" target=\"_blank\" rel=\"nofollow noopener\">Rebecca Breitmann<\/a> , conseill\u00e8re municipale d\u2019opposition, pour \u00ab\u00a0construire l\u2019alternance\u00a0\u00bb \u00e0 Strasbourg.<\/p>\n<p>\u00c0 Colmar <a href=\"http:\/\/www.lalsace.fr\/politique\/2023\/06\/25\/hubert-ott-j-essaie-d-etre-le-plus-rationnel-possible-de-ne-pas-faire-d-inflation-verbale\" target=\"_blank\" rel=\"nofollow noopener\">Hubert Ott<\/a> (2e circonscription du Haut-Rhin, Ribeauvill\u00e9-Guebwiller) avec Tristan D\u00e9nechaud, issu de la majorit\u00e9 sortante, va \u00ab\u00a0poursuivre\u00a0\u00bb le travail de d\u00e9veloppement de la ville. \u00c0 Mulhouse, <a href=\"http:\/\/www.lalsace.fr\/politique\/2023\/11\/12\/en-diagonale\" target=\"_blank\" rel=\"nofollow noopener\"> Bruno Fuchs<\/a> (6e circonscription du Haut-Rhin, Mulhouse-Illzach) devra \u00ab\u00a0b\u00e2tir un rassemblement ambitieux \u00e0 la hauteur des enjeux\u00a0\u00bb.<\/p>\n","protected":false},"excerpt":{"rendered":"Le MoDem vient de d\u00e9signer ses chefs de file pour les \u00e9lections municipales \u00e0 Strasbourg, Colmar et Mulhouse.&hellip;\n","protected":false},"author":2,"featured_media":171296,"comment_status":"","ping_status":"","sticky":false,"template":"","format":"standard","meta":{"footnotes":""},"categories":[2820],"tags":[1111,11,2389,4188,1777,674,107,1011,27,775,2759,12,316,25,640],"class_list":{"0":"post-172170","1":"post","2":"type-post","3":"status-publish","4":"format-standard","5":"has-post-thumbnail","7":"category-strasbourg","8":"tag-actu","9":"tag-actualites","10":"tag-alsace","11":"tag-elections-municipales","12":"tag-eu","13":"tag-europe","14":"tag-fil-info","15":"tag-fr","16":"tag-france","17":"tag-grand-est","18":"tag-modem","19":"tag-news","20":"tag-politique","21":"tag-republique-francaise","22":"tag-strasbourg"},"share_on_mastodon":{"url":"https:\/\/pubeurope.com\/@fr\/114673432897948165","error":""},"_links":{"self":[{"href":"https:\/\/www.europesays.com\/fr\/wp-json\/wp\/v2\/posts\/172170","targetHints":{"allow":["GET"]}}],"collection":[{"href":"https:\/\/www.europesays.com\/fr\/wp-json\/wp\/v2\/posts"}],"about":[{"href":"https:\/\/www.europesays.com\/fr\/wp-json\/wp\/v2\/types\/post"}],"author":[{"embeddable":true,"href":"https:\/\/www.europesays.com\/fr\/wp-json\/wp\/v2\/users\/2"}],"replies":[{"embeddable":true,"href":"https:\/\/www.europesays.com\/fr\/wp-json\/wp\/v2\/comments?post=172170"}],"version-history":[{"count":0,"href":"https:\/\/www.europesays.com\/fr\/wp-json\/wp\/v2\/posts\/172170\/revisions"}],"wp:featuredmedia":[{"embeddable":true,"href":"https:\/\/www.europesays.com\/fr\/wp-json\/wp\/v2\/media\/171296"}],"wp:attachment":[{"href":"https:\/\/www.europesays.com\/fr\/wp-json\/wp\/v2\/media?parent=172170"}],"wp:term":[{"taxonomy":"category","embeddable":true,"href":"https:\/\/www.europesays.com\/fr\/wp-json\/wp\/v2\/categories?post=172170"},{"taxonomy":"post_tag","embeddable":true,"href":"https:\/\/www.europesays.com\/fr\/wp-json\/wp\/v2\/tags?post=172170"}],"curies":[{"name":"wp","href":"https:\/\/api.w.org\/{rel}","templated":true}]}}