{"id":172187,"date":"2025-06-13T01:30:34","date_gmt":"2025-06-13T01:30:34","guid":{"rendered":"https:\/\/www.europesays.com\/fr\/172187\/"},"modified":"2025-06-13T01:30:34","modified_gmt":"2025-06-13T01:30:34","slug":"la-catho-de-lille-recrute-des-acteurs-aussi-amateurs-pour-un-spectacle-grandiose","status":"publish","type":"post","link":"https:\/\/www.europesays.com\/fr\/172187\/","title":{"rendered":"La Catho de Lille recrute des acteurs (aussi amateurs) pour un spectacle grandiose\u00a0!"},"content":{"rendered":"<p>            Par<br \/>\n        <strong><br \/>\n            <a href=\"https:\/\/actu.fr\/auteur\/annesophie-2\" title=\"Consulter tous les articles de Anne-Sophie Hourdeaux\" target=\"_blank\" rel=\"noopener\">Anne-Sophie Hourdeaux<\/a><br \/>\n        <\/strong><\/p>\n<p>        Publi\u00e9 le<\/p>\n<p>            12 juin 2025 \u00e0 10h02        <\/p>\n<p>Pour c\u00e9l\u00e9brer ses 150\u00a0ans,<b> <a href=\"https:\/\/actu.fr\/tag\/universite-catholique-de-lille\" target=\"_blank\" rel=\"noopener\">l\u2019Universit\u00e9 Catholique de Lille<\/a><\/b> lance un <b>projet artistique<\/b> in\u00e9dit. Un spectacle vivant et immersif r\u00e9unira plus de <b>250 artistes, techniciens et b\u00e9n\u00e9voles les 9, 10 et 11\u00a0octobre 2025. <\/b>Th\u00e9\u00e2tre, danse, effets sp\u00e9ciaux et projections g\u00e9antes sont pr\u00e9vus. Pour cet \u00e9v\u00e9nement, <b>des b\u00e9n\u00e9voles sont recherch\u00e9s<\/b>, avec \u00e0 la cl\u00e9 des rencontres exceptionnelles <b>avec des pros, notamment du <a href=\"https:\/\/actu.fr\/tag\/puy-du-fou\" target=\"_blank\" rel=\"noopener\">Puy du Fou,<\/a> <\/b>et un <b>danseur de Danse avec les stars !<\/b><\/p>\n<p>Trois soir\u00e9es en octobre<\/p>\n<p class=\" wall-content\">Pendant 3 soir\u00e9es exceptionnelles les 9, 10 et 11\u00a0octobre, la sc\u00e8ne de l\u2019Aula Maxima se transformera en un immense plateau de cin\u00e9ma vivant, traversant 150\u00a0ans d\u2019Histoire en musique et en lumi\u00e8re.<\/p>\n<p class=\" wall-content\">Est lanc\u00e9 un appel aux participants pour devenir acteurs de ce spectacle hors du commun\u2009: tout le monde peut en faire partie, <b>aucune exp\u00e9rience artistique n\u2019est requise<\/b>, et c\u2019est<b> 100% gratuit<\/b>, sans aucune contrainte de lieu de r\u00e9sidence.<\/p>\n<p>Avec des pros dont des artistes du Puy du Fou<\/p>\n<p class=\" wall-content\">Tous les participants b\u00e9n\u00e9ficieront d\u2019un accompagnement encadr\u00e9 par des professionnels du spectacle vivant. Des masterclass exclusives seront anim\u00e9es par des artistes du Puy du Fou, au cours desquelles seront partag\u00e9s les techniques de chute, les d\u00e9placements sc\u00e9niques, le jeu d\u2019\u00e9poque, la diction, le travail de la pr\u00e9sence sur sc\u00e8ne.<\/p>\n<p class=\" wall-content\">Des rencontres avec des metteurs en sc\u00e8ne, techniciens et chor\u00e9graphes permettront de d\u00e9couvrir les coulisses du m\u00e9tier et les secrets de fabrication d\u2019un spectacle vivant.<\/p>\n<p>Vid\u00e9os : en ce moment sur ActuAvec un danseur de Danse avec les Stars\u2009!<\/p>\n<p class=\" wall-content\">Les participants apprendront \u00e9galement \u00e0 ma\u00eetriser effets sp\u00e9ciaux, jeux d\u2019ombre et de lumi\u00e8re, synchronisation des mouvements\u2026 En remerciement, une masterclass sera offerte avec Samuel Texier, danseur professionnel r\u00e9v\u00e9l\u00e9 dans Danse avec les Stars.<\/p>\n<p class=\" wall-content\">Les repr\u00e9sentations publiques ont lieu les 9, 10 et 11\u00a0octobre 2025. \u00c0 cela s\u2019ajoutent 2 demi-journ\u00e9es de r\u00e9p\u00e9titions en septembre (au choix selon vos dispos \/ week-end) et une r\u00e9p\u00e9tition g\u00e9n\u00e9rale dimanche 5\u00a0octobre 2025.<\/p>\n<p>Contact\u2009: <a href=\"https:\/\/actu.fr\/cdn-cgi\/l\/email-protection\" class=\"__cf_email__\" data-cfemail=\"d5b6b9b0b8b0bba1fba3bcbab9bcbbbc95a0bbbca3f8b6b4a1bdbab9bcb9b9b0fbb3a7\" target=\"_blank\" rel=\"noopener\">[email\u00a0protected]<\/a>\u2009; <a href=\"https:\/\/docs.google.com\/forms\/d\/e\/1FAIpQLSczuFVg0v_0s0X7zR0Y3EO4Tv7MIRZGb19ESQfiaLo3zWUFSQ\/viewform\" target=\"_blank\" rel=\"noopener\">remplir le formulaire en ligne en cliquant ici.<\/a><\/p>\n<p class=\" wall-content\">Suivez toute l\u2019actualit\u00e9 de vos villes et m\u00e9dias favoris en vous inscrivant \u00e0 <a href=\"https:\/\/moncompte.actu.fr\" title=\"D\u00e9couvez Mon Actu\" rel=\"nofollow noopener\" data-trk=\"{&quot;cta&quot;:{&quot;action&quot;:&quot;https:\\\/\\\/moncompte.actu.fr&quot;,&quot;category&quot;:&quot;mon compte&quot;,&quot;from&quot;:&quot;article footer&quot;,&quot;name&quot;:&quot;Mon actu&quot;,&quot;type&quot;:&quot;cta&quot;}}\" target=\"_blank\">Mon Actu<\/a>.<\/p>\n<ul class=\"ac-article-tag wall-content\">\n<li><a href=\"https:\/\/actu.fr\/tag\/spectacles\" data-trk=\"{&quot;cta&quot;:{&quot;action&quot;:&quot;Spectacles&quot;,&quot;category&quot;:&quot;tag&quot;,&quot;from&quot;:&quot;article footer&quot;,&quot;name&quot;:&quot;Spectacles&quot;,&quot;type&quot;:&quot;cta&quot;}}\" target=\"_blank\" rel=\"noopener\">#Spectacles<\/a><\/li>\n<li><a href=\"https:\/\/actu.fr\/tag\/universite-catholique-de-lille\" data-trk=\"{&quot;cta&quot;:{&quot;action&quot;:&quot;Universit\\u00e9 catholique de Lille&quot;,&quot;category&quot;:&quot;tag&quot;,&quot;from&quot;:&quot;article footer&quot;,&quot;name&quot;:&quot;Universit\\u00e9 catholique de Lille&quot;,&quot;type&quot;:&quot;cta&quot;}}\" target=\"_blank\" rel=\"noopener\">#Universit\u00e9 catholique de Lille<\/a><\/li>\n<\/ul>\n","protected":false},"excerpt":{"rendered":"Par Anne-Sophie Hourdeaux Publi\u00e9 le 12 juin 2025 \u00e0 10h02 Pour c\u00e9l\u00e9brer ses 150\u00a0ans, l\u2019Universit\u00e9 Catholique de Lille&hellip;\n","protected":false},"author":2,"featured_media":172188,"comment_status":"","ping_status":"","sticky":false,"template":"","format":"standard","meta":{"footnotes":""},"categories":[2815],"tags":[1111,11,1777,674,1011,27,811,1307,1652,12,25,853,21754],"class_list":{"0":"post-172187","1":"post","2":"type-post","3":"status-publish","4":"format-standard","5":"has-post-thumbnail","7":"category-lille","8":"tag-actu","9":"tag-actualites","10":"tag-eu","11":"tag-europe","12":"tag-fr","13":"tag-france","14":"tag-hauts-de-france","15":"tag-lille","16":"tag-loisirs-culture","17":"tag-news","18":"tag-republique-francaise","19":"tag-spectacles","20":"tag-universite-catholique-de-lille"},"share_on_mastodon":{"url":"https:\/\/pubeurope.com\/@fr\/114673472331275877","error":""},"_links":{"self":[{"href":"https:\/\/www.europesays.com\/fr\/wp-json\/wp\/v2\/posts\/172187","targetHints":{"allow":["GET"]}}],"collection":[{"href":"https:\/\/www.europesays.com\/fr\/wp-json\/wp\/v2\/posts"}],"about":[{"href":"https:\/\/www.europesays.com\/fr\/wp-json\/wp\/v2\/types\/post"}],"author":[{"embeddable":true,"href":"https:\/\/www.europesays.com\/fr\/wp-json\/wp\/v2\/users\/2"}],"replies":[{"embeddable":true,"href":"https:\/\/www.europesays.com\/fr\/wp-json\/wp\/v2\/comments?post=172187"}],"version-history":[{"count":0,"href":"https:\/\/www.europesays.com\/fr\/wp-json\/wp\/v2\/posts\/172187\/revisions"}],"wp:featuredmedia":[{"embeddable":true,"href":"https:\/\/www.europesays.com\/fr\/wp-json\/wp\/v2\/media\/172188"}],"wp:attachment":[{"href":"https:\/\/www.europesays.com\/fr\/wp-json\/wp\/v2\/media?parent=172187"}],"wp:term":[{"taxonomy":"category","embeddable":true,"href":"https:\/\/www.europesays.com\/fr\/wp-json\/wp\/v2\/categories?post=172187"},{"taxonomy":"post_tag","embeddable":true,"href":"https:\/\/www.europesays.com\/fr\/wp-json\/wp\/v2\/tags?post=172187"}],"curies":[{"name":"wp","href":"https:\/\/api.w.org\/{rel}","templated":true}]}}