{"id":172193,"date":"2025-06-13T01:33:15","date_gmt":"2025-06-13T01:33:15","guid":{"rendered":"https:\/\/www.europesays.com\/fr\/172193\/"},"modified":"2025-06-13T01:33:15","modified_gmt":"2025-06-13T01:33:15","slug":"le-restaurant-les-rigoles-situe-boulevard-longchamp-fete-ses-1-an-le-samedi-14-juin","status":"publish","type":"post","link":"https:\/\/www.europesays.com\/fr\/172193\/","title":{"rendered":"le restaurant Les Rigoles, situ\u00e9 boulevard Longchamp, f\u00eate ses 1 an le samedi 14 juin"},"content":{"rendered":"<p>En juin\u00a02024, Antoine Levollant et Franck Laborde ouvraient Les Rigoles, successeur de feu le M\u00e9m\u00e9, le restaurant de J\u00e9j\u00e9 Barbu (qui a depuis cr\u00e9\u00e9 Super M\u00e9m\u00e9 quartier Bargemon mais cherche d\u00e9j\u00e0 \u00e0 le vendre aussi).<\/p>\n<p>La f\u00eate sur le boulevard Longchamp<\/p>\n<p>L\u2019adresse du haut du boulevard Longchamp (1er arrondissement) est instantan\u00e9ment devenue l\u2019une des plus courues de la bistronomie marseillaise. Ce succ\u00e8s et cette premi\u00e8re ann\u00e9e de services, l\u2019\u00e9quipe des <a href=\"https:\/\/www.instagram.com\/lesrigoles.marseille?utm_source=ig_web_button_share_sheet&amp;igsh=ZDNlZDc0MzIxNw==\" target=\"_blank\" rel=\"nofollow noopener\">Rigoles<\/a> va les f\u00eater avec ses clients le samedi 14\u00a0juin de 16 h \u00e0 1 h du matin.<\/p>\n<p>Au programme, musique live, DJ set et, \u00e0 l\u2019ouverture des hostilit\u00e9s, \u00e0 16 h, \u00ab\u00a0un pet nat (p\u00e9tillant naturel, Ndlr) de bienvenue offert, comme on l\u2019avait fait lors de notre inauguration\u00a0\u00bb, pr\u00e9cise Antoine Levollant.<\/p>\n<p>Jolis vins, grignotages et musique live<\/p>\n<p>Pour ceux qui voudront prolonger les agapes, la tr\u00e8s belle carte des vins du lieu (et bi\u00e8res artisanales locales) sera \u00e0 disposition ainsi que les bouch\u00e9es d\u2019anniversaire du duo en cuisine, Johan Barichasse et Ana\u00eblle Bec, lesquels ne sont pas pour rien dans le succ\u00e8s des Rigoles depuis leur ouverture. Les croquettes de pommes de terre farcies et les beignets de thon seront servis en continu toute la journ\u00e9e.<\/p>\n<p>Invit\u00e9 de l\u2019\u00e9v\u00e9nement, le vigneron varois Myrko T\u00e9pus pr\u00e9sentera ses cuv\u00e9es singuli\u00e8res, n\u00e9es sur le terroir tr\u00e8s pr\u00e9serv\u00e9 d\u2019Esparron-de-Palli\u00e8res.<\/p>\n<p>\u00c0 partir de 18 h, jazz manouche avec le Ad hoc Swing Project puis \u00e0 20 h, DJ set avec <a href=\"https:\/\/www.instagram.com\/studio_loubard?utm_source=ig_web_button_share_sheet&amp;igsh=ZDNlZDc0MzIxNw==\" target=\"_blank\" rel=\"nofollow noopener\">Studio Loubard<\/a> et <a href=\"https:\/\/www.instagram.com\/_luufa?utm_source=ig_web_button_share_sheet&amp;igsh=ZDNlZDc0MzIxNw==\" target=\"_blank\" rel=\"nofollow noopener\">Luufa<\/a>.<\/p>\n<p>Les 1\u00a0an des Rigoles, le samedi 14\u00a0juin de 16 h \u00e0 1 h au 84 boulevard Longchamp, Marseille 1er, 06\u00a085\u00a053\u00a070\u00a062.<\/p>\n<p><script async src=\"\/\/www.instagram.com\/embed.js\"><\/script><\/p>\n","protected":false},"excerpt":{"rendered":"En juin\u00a02024, Antoine Levollant et Franck Laborde ouvraient Les Rigoles, successeur de feu le M\u00e9m\u00e9, le restaurant de&hellip;\n","protected":false},"author":2,"featured_media":172194,"comment_status":"","ping_status":"","sticky":false,"template":"","format":"standard","meta":{"footnotes":""},"categories":[2814],"tags":[17,1111,11,5731,1777,674,1011,27,151,25045,884,12,882,16,25,1340,30708,30709],"class_list":{"0":"post-172193","1":"post","2":"type-post","3":"status-publish","4":"format-standard","5":"has-post-thumbnail","7":"category-marseille","8":"tag-17","9":"tag-actu","10":"tag-actualites","11":"tag-boulevard","12":"tag-eu","13":"tag-europe","14":"tag-fr","15":"tag-france","16":"tag-les","17":"tag-longchamp","18":"tag-marseille","19":"tag-news","20":"tag-provence-alpes-cote-dazur","21":"tag-region","22":"tag-republique-francaise","23":"tag-restaurant","24":"tag-rigoles","25":"tag-situe"},"share_on_mastodon":{"url":"https:\/\/pubeurope.com\/@fr\/114673484205933634","error":""},"_links":{"self":[{"href":"https:\/\/www.europesays.com\/fr\/wp-json\/wp\/v2\/posts\/172193","targetHints":{"allow":["GET"]}}],"collection":[{"href":"https:\/\/www.europesays.com\/fr\/wp-json\/wp\/v2\/posts"}],"about":[{"href":"https:\/\/www.europesays.com\/fr\/wp-json\/wp\/v2\/types\/post"}],"author":[{"embeddable":true,"href":"https:\/\/www.europesays.com\/fr\/wp-json\/wp\/v2\/users\/2"}],"replies":[{"embeddable":true,"href":"https:\/\/www.europesays.com\/fr\/wp-json\/wp\/v2\/comments?post=172193"}],"version-history":[{"count":0,"href":"https:\/\/www.europesays.com\/fr\/wp-json\/wp\/v2\/posts\/172193\/revisions"}],"wp:featuredmedia":[{"embeddable":true,"href":"https:\/\/www.europesays.com\/fr\/wp-json\/wp\/v2\/media\/172194"}],"wp:attachment":[{"href":"https:\/\/www.europesays.com\/fr\/wp-json\/wp\/v2\/media?parent=172193"}],"wp:term":[{"taxonomy":"category","embeddable":true,"href":"https:\/\/www.europesays.com\/fr\/wp-json\/wp\/v2\/categories?post=172193"},{"taxonomy":"post_tag","embeddable":true,"href":"https:\/\/www.europesays.com\/fr\/wp-json\/wp\/v2\/tags?post=172193"}],"curies":[{"name":"wp","href":"https:\/\/api.w.org\/{rel}","templated":true}]}}