{"id":172195,"date":"2025-06-13T01:34:18","date_gmt":"2025-06-13T01:34:18","guid":{"rendered":"https:\/\/www.europesays.com\/fr\/172195\/"},"modified":"2025-06-13T01:34:18","modified_gmt":"2025-06-13T01:34:18","slug":"un-mot-dordre-contre-le-fascisme","status":"publish","type":"post","link":"https:\/\/www.europesays.com\/fr\/172195\/","title":{"rendered":"un mot d&rsquo;ordre contre le fascisme"},"content":{"rendered":"<p class=\"wp-block-post-excerpt__excerpt\">\u00c0 Lyon, la Marche des Fiert\u00e9s 2025 d\u00e9marrera \u00e0 14 heures, place Jean-Mac\u00e9, samedi 14 juin. Le mot d\u2019ordre de cette ann\u00e9e : la lutte contre le fascisme. <\/p>\n<p class=\"font-sans\">\n\t\t\tCet article est en acc\u00e8s libre. Pour soutenir Rue89 Lyon,<br \/>\n\t\t\t<a class=\"underline\" href=\"https:\/\/www.rue89lyon.fr\/abonnement\/\" target=\"_blank\" rel=\"noopener\">abonnez-vous<\/a>.\n\t\t<\/p>\n<p>Rue89Lyon<\/p>\n<p>Publi\u00e9 le 12 juin 2025\u00a0\u00a0\u00b7\u00a0\u00a0<\/p>\n<p>Imprim\u00e9 le 13 juin 2025 \u00e0 03h10\u00a0\u00a0\u00b7\u00a0\u00a0<\/p>\n<p>\t\t\t\t\t1\u00a0minute\n<\/p>\n<p>\u00ab\u00a0Le fascisme nous d\u00e9passe ! Reprenons le pav\u00e9, reprenons l\u2019espace !\u00a0\u00bb Le mot d\u2019ordre de la Marche des Fiert\u00e9s 2025 \u00e0 Lyon, qui aura lieu samedi 14 juin, marque une volont\u00e9 de lutte contre la progression de l\u2019extr\u00eame droite dans la soci\u00e9t\u00e9. L\u2019appel au rassemblement est fix\u00e9 \u00e0 13 heures, place Jean-Mac\u00e9 (Lyon 7e), pour les premi\u00e8res prises de parole, avant un d\u00e9part \u00e0 14 heures.<\/p>\n<p>Comme <a href=\"https:\/\/www.rue89lyon.fr\/2024\/06\/07\/a-lyon-une-marche-des-fiertes-determinee-malgre-les-obstacles\/\" target=\"_blank\" rel=\"noreferrer noopener\">l\u2019ann\u00e9e derni\u00e8re<\/a>, le parcours \u00e9vite encore la presqu\u2019\u00eele en longeant les quais du Rh\u00f4ne, pour une arriv\u00e9e \u00e0 17 heures au parc de la T\u00eate d\u2019Or. Les organisateurs ont voulu marcher les quatre kilom\u00e8tres dans des rues plus ombrag\u00e9es pour \u00e9viter les insolations, qui auraient caus\u00e9 des probl\u00e8mes les ann\u00e9es pr\u00e9c\u00e9dentes.<\/p>\n<p>\t\tPride \u00e0 Lyon : des parties du cort\u00e8ge en non-mixit\u00e9<\/p>\n<p>La s\u00e9curit\u00e9 des participant\u00b7e\u00b7s a \u00e9t\u00e9 tr\u00e8s r\u00e9fl\u00e9chie par le <a href=\"https:\/\/www.instagram.com\/p\/DKmDe3vtI1U\/?hl=en&amp;img_index=2\" target=\"_blank\" rel=\"noreferrer noopener\">Collectif Fiert\u00e9s en Lutte<\/a>, organisateur de la Pride. Les cinq cort\u00e8ges de t\u00eate seront en non-mixit\u00e9 : d\u2019abord les trans r\u00e9volutionnaires, les lesbiennes contre le patriarcat, les handiqueer, les bi pan puis le cort\u00e8ge calme. Ensuite viendra le cort\u00e8ge mixte et associatif.<\/p>\n<p>Un service d\u2019ordre a \u00e9t\u00e9 mis en place et sera identifiable par un gilet orange et un brassard rose. Des secouristes de la Croix Rouge seront \u00e9galement mobilis\u00e9s sur les lieux.<\/p>\n<p>\u00c0 l\u2019arriv\u00e9e au parc de la T\u00eate d\u2019Or, un village des Fiert\u00e9s rassemblera 27 associations et collectifs LGBTI et alli\u00e9s, jusqu\u2019\u00e0 19 heures. Parmi elles, on pourra notamment retrouver le centre LGBTI, les soutiens \u00e0 la Palestine, SOS Homophobie ou encore l\u2019Organisation de solidarit\u00e9 trans.<\/p>\n<p>\u00c0 lire aussi sur Rue89Lyon<\/p>\n<p><a href=\"https:\/\/www.rue89lyon.fr\/2023\/09\/25\/communaute-lgbti-lyon-rupture-consommee\/\" target=\"_blank\" rel=\"noreferrer noopener\">Dans la communaut\u00e9 LGBTI+ de Lyon, la rupture est consomm\u00e9e<\/a><\/p>\n<p><a href=\"https:\/\/www.rue89lyon.fr\/2023\/11\/20\/lyon-exclusions-scission-centre-lgbti-concretise\/\" target=\"_blank\" rel=\"noreferrer noopener\">Apr\u00e8s deux exclusions, la scission dans le centre LGBTI+ de Lyon se concr\u00e9tise<\/a><\/p>\n<p><a href=\"https:\/\/www.rue89lyon.fr\/2025\/02\/22\/femme-transgenre-lyon-traquee-en-permanence\/\" target=\"_blank\" rel=\"noreferrer noopener\">Laure, jeune femme transgenre \u00e0 Lyon : \u00ab Je me sens traqu\u00e9e en permanence \u00bb<\/a><\/p>\n<p><script async src=\"\/\/www.instagram.com\/embed.js\"><\/script><\/p>\n","protected":false},"excerpt":{"rendered":"\u00c0 Lyon, la Marche des Fiert\u00e9s 2025 d\u00e9marrera \u00e0 14 heures, place Jean-Mac\u00e9, samedi 14 juin. Le mot&hellip;\n","protected":false},"author":2,"featured_media":172196,"comment_status":"","ping_status":"","sticky":false,"template":"","format":"standard","meta":{"footnotes":""},"categories":[1889],"tags":[1111,11,2430,1777,674,1011,27,13443,2428,2088,12,25],"class_list":{"0":"post-172195","1":"post","2":"type-post","3":"status-publish","4":"format-standard","5":"has-post-thumbnail","7":"category-lyon","8":"tag-actu","9":"tag-actualites","10":"tag-auvergne-rhone-alpes","11":"tag-eu","12":"tag-europe","13":"tag-fr","14":"tag-france","15":"tag-lgbti","16":"tag-lyon","17":"tag-manifestation","18":"tag-news","19":"tag-republique-francaise"},"share_on_mastodon":{"url":"https:\/\/pubeurope.com\/@fr\/114673488106350136","error":""},"_links":{"self":[{"href":"https:\/\/www.europesays.com\/fr\/wp-json\/wp\/v2\/posts\/172195","targetHints":{"allow":["GET"]}}],"collection":[{"href":"https:\/\/www.europesays.com\/fr\/wp-json\/wp\/v2\/posts"}],"about":[{"href":"https:\/\/www.europesays.com\/fr\/wp-json\/wp\/v2\/types\/post"}],"author":[{"embeddable":true,"href":"https:\/\/www.europesays.com\/fr\/wp-json\/wp\/v2\/users\/2"}],"replies":[{"embeddable":true,"href":"https:\/\/www.europesays.com\/fr\/wp-json\/wp\/v2\/comments?post=172195"}],"version-history":[{"count":0,"href":"https:\/\/www.europesays.com\/fr\/wp-json\/wp\/v2\/posts\/172195\/revisions"}],"wp:featuredmedia":[{"embeddable":true,"href":"https:\/\/www.europesays.com\/fr\/wp-json\/wp\/v2\/media\/172196"}],"wp:attachment":[{"href":"https:\/\/www.europesays.com\/fr\/wp-json\/wp\/v2\/media?parent=172195"}],"wp:term":[{"taxonomy":"category","embeddable":true,"href":"https:\/\/www.europesays.com\/fr\/wp-json\/wp\/v2\/categories?post=172195"},{"taxonomy":"post_tag","embeddable":true,"href":"https:\/\/www.europesays.com\/fr\/wp-json\/wp\/v2\/tags?post=172195"}],"curies":[{"name":"wp","href":"https:\/\/api.w.org\/{rel}","templated":true}]}}