{"id":172203,"date":"2025-06-13T01:39:04","date_gmt":"2025-06-13T01:39:04","guid":{"rendered":"https:\/\/www.europesays.com\/fr\/172203\/"},"modified":"2025-06-13T01:39:04","modified_gmt":"2025-06-13T01:39:04","slug":"plusieurs-milliers-de-personnes-pour-accueillir-rima-hassan-a-paris","status":"publish","type":"post","link":"https:\/\/www.europesays.com\/fr\/172203\/","title":{"rendered":"Plusieurs milliers de personnes pour accueillir Rima Hassan \u00e0 Paris"},"content":{"rendered":"<p>AFP Videos &#8211; France<\/p>\n<p><a class=\"Td(n) C($inherit) LineClamp(2,45px) D(f) rapidnofollow\" data-uuid=\"e56d1c0a-3b70-388e-8805-b5da0609743d\" href=\"https:\/\/fr.news.yahoo.com\/gaza-retour-france-rima-hassan-212124573.html\" data-ylk=\"elm:hdln;itc:0;pos:1;sec:strm;subsec:moreforyou;cpos:6;ct:video;g:e56d1c0a-3b70-388e-8805-b5da0609743d\" data-hosted-type=\"HOSTED\" target=\"_blank\" rel=\"noopener\">Gaza: de retour en France, Rima Hassan promet \u00ab\u00a0autant de bateaux que n\u00e9cessaire\u00a0\u00bb face au blocus<\/a><\/p>\n<p class=\"M(0) C($summaryColor) Fz(14px) Lh(1.43em) LineClamp(3,60px)\">L&rsquo;eurod\u00e9put\u00e9e LFI Rima Hassan est revenue jeudi soir \u00e0 Paris sous les acclamations de plusieurs centaines de soutiens, \u00e0 qui elle a promis \u00ab\u00a0autant de bateaux que n\u00e9cessaire\u00a0\u00bb pour briser le blocus \u00e0 Gaza, malgr\u00e9 l&rsquo;arraisonnement de son voilier lundi par Isra\u00ebl.\u00a0\u00bbJ&rsquo;ai un mot \u00e0 dire \u00e0 Isra\u00ebl. Le prochain bateau est bient\u00f4t pr\u00eat \u00e0 partir\u00a0\u00bb, a lanc\u00e9 l&rsquo;\u00e9lue franco-palestinienne, au micro devant une foule rassembl\u00e9e place de la R\u00e9publique \u00e0 Paris.L&rsquo;eurod\u00e9put\u00e9e venait de d\u00e9barquer d&rsquo;un vol mouvement\u00e9 entre Tel Aviv et l&rsquo;a\u00e9roport de Roissy, apr\u00e8s trois jours pass\u00e9s dans un centre de r\u00e9tention en Isra\u00ebl, o\u00f9 elle avait \u00e9t\u00e9 plac\u00e9e bri\u00e8vement \u00e0 l&rsquo;isolement.\u00a0\u00bbIl y a eu une situation conflictuelle \u00e0 bord, avec d&rsquo;autres voyageurs (&#8230;) suite \u00e0 un mouvement de voyageurs hostiles\u00a0\u00bb, a indiqu\u00e9 une source a\u00e9roportuaire, expliquant que Mme Hassan avait d\u00fb \u00eatre \u00e9vacu\u00e9e de l&rsquo;avion par la Police aux fronti\u00e8res.\u00a0Rima Hassan ne s&rsquo;est pas pr\u00e9sent\u00e9e aux arriv\u00e9es \u00e0 Roissy, o\u00f9 l&rsquo;attendaient des repr\u00e9sentants de LFI et des militants propalestiniens criant r\u00e9guli\u00e8rement \u00ab\u00a0Free Palestine\u00a0\u00bb, \u00ab\u00a0ce n&rsquo;est pas une guerre, c&rsquo;est un g\u00e9nocide\u00a0\u00bb.\u00a0D&rsquo;autres voyageurs sont, eux, sortis du m\u00eame avion envelopp\u00e9s du drapeau isra\u00e9lien, en levant le poing, r\u00e9pliquant pour certains aux militants propalestiniens.- \u00ab\u00a0Kidnapp\u00e9s\u00a0\u00bb -Mme Hassan a imm\u00e9diatement pris la route de la place de la R\u00e9publique, o\u00f9 elle a \u00e9t\u00e9 accueillie par une haie d&rsquo;honneur form\u00e9e par une quinzaine de d\u00e9put\u00e9s Insoumis, et Jean-Luc M\u00e9lenchon, qu&rsquo;elle a \u00e9treint \u00e0 son arriv\u00e9e.\u00a0\u00bbC&rsquo;est une femme qui a donn\u00e9 la le\u00e7on de courage. Jeunes femmes, jeunes filles, essayez toutes quand vous serez grandes d&rsquo;\u00eatre Rima Hassan\u00a0\u00bb, a salu\u00e9 le leader Insoumis.Aux c\u00f4t\u00e9s d&rsquo;un autre Fran\u00e7ais lib\u00e9r\u00e9 le m\u00eame jour, Reva Viard, Mme Hassan est revenue sur son action: \u00ab\u00a0Tout le monde le sait, elle \u00e9tait symbolique, mais elle \u00e9tait \u00e9minemment politique\u00a0\u00bb, elle \u00ab\u00a0visait d&rsquo;abord, bien entendu, \u00e0 livrer de l&rsquo;aide humanitaire \u00e0 Gaza\u00a0\u00bb mais \u00ab\u00a0surtout \u00e0 d\u00e9noncer le blocus et \u00e0 le briser\u00a0\u00bb, a-t-elle insist\u00e9.Les deux militants avaient \u00e9t\u00e9 arr\u00eat\u00e9s lundi, comme 10 autres personnes, apr\u00e8s l&rsquo;arraisonnement par Isra\u00ebl du voilier Madleen dans les eaux internationales, \u00e0 environ 185 km de la c\u00f4te de Gaza. \u00ab\u00a0Nous avons \u00e9t\u00e9 kidnapp\u00e9s et ramen\u00e9s de force\u00a0\u00bb, a encore d\u00e9nonc\u00e9 jeudi soir Rima Hassan, coiff\u00e9e d&rsquo;un keffieh et v\u00eatue d&rsquo;un surv\u00eatement gris h\u00e9rit\u00e9 de sa d\u00e9tention.\u00a0Ces douze militants et journalistes (fran\u00e7ais, allemand, br\u00e9silien, turc, su\u00e9dois, espagnol et n\u00e9erlandais) \u00e9taient partis le 1er juin d&rsquo;Italie \u00e0 bord du Madleen pour rejoindre la bande de Gaza.\u00a0L&rsquo;op\u00e9ration visait \u00e0 \u00ab\u00a0briser le blocus isra\u00e9lien\u00a0\u00bb impos\u00e9 au territoire palestinien, ravag\u00e9 par plus de vingt mois de guerre.- \u00ab\u00a0Selfie yacht\u00a0\u00bb -Jeudi, le gouvernement isra\u00e9lien a annonc\u00e9 avoir renvoy\u00e9 six passagers de ce qu&rsquo;il nomme \u00ab\u00a0le selfie yacht\u00a0\u00bb. \u00ab\u00a0Au revoir, et n&rsquo;oubliez pas de prendre un selfie avant de partir\u00a0\u00bb, a \u00e9crit le minist\u00e8re isra\u00e9lien des Affaires \u00e9trang\u00e8res dans un bref message en anglais sur son compte XQuatre autres passagers (la Su\u00e9doise Greta Thunberg, deux Fran\u00e7ais et un Espagnol) avaient regagn\u00e9 leur pays plus t\u00f4t cette semaine apr\u00e8s avoir accept\u00e9 d&rsquo;\u00eatre expuls\u00e9s par Isra\u00ebl.Deux autres ressortissants fran\u00e7ais, \u00e0 qui Mme Hassan a appel\u00e9 ses soutiens \u00e0 r\u00e9server un accueil similaire, doivent \u00e9galement revenir vendredi soir.Les 12 passagers \u00e0 bord du bateau affr\u00e9t\u00e9 par la Coalition de la flottille pour la libert\u00e9, un mouvement international non violent de soutien aux Palestiniens lanc\u00e9 en 2010, combinant aide humanitaire et protestation politique contre le blocus du territoire palestinien, ont \u00e9t\u00e9 interdits de s\u00e9jour en Isra\u00ebl pendant 100 ans, selon l&rsquo;ONG.Apr\u00e8s avoir atteint la c\u00f4te \u00e9gyptienne, le Madleen s&rsquo;\u00e9tait approch\u00e9 de Gaza en d\u00e9pit des mises en garde d&rsquo;Isra\u00ebl contre toute tentative de \u00ab\u00a0briser le blocus maritime\u00a0\u00bb impos\u00e9 au territoire, \u00ab\u00a0dont l&rsquo;objectif principal est d&#8217;emp\u00eacher le transfert d&rsquo;armes au Hamas\u00a0\u00bb, consid\u00e9r\u00e9 comme un organisation terroriste par Isra\u00ebl, les Etats-Unis et l&rsquo;Union europ\u00e9enne notamment.Isra\u00ebl fait face \u00e0 une forte pression internationale pour mettre fin aux bombardements quotidiens de son arm\u00e9e \u00e0 Gaza. L&rsquo;ONU a d\u00e9nonc\u00e9 le 4 juin le choix \u00ab\u00a0d\u00e9lib\u00e9r\u00e9\u00a0\u00bb d&rsquo;Isra\u00ebl de priver les Gazaouis \u00ab\u00a0des moyens de leur survie\u00a0\u00bb.Depuis l&rsquo;attaque du 7 octobre 2023 qui avait fait 1.218 morts c\u00f4t\u00e9 isra\u00e9lien, Isra\u00ebl m\u00e8ne des repr\u00e9sailles sanglantes \u00e0 Gaza, qui ont fait plus de 55.207 morts c\u00f4t\u00e9 palestinien, selon les donn\u00e9es du minist\u00e8re de la Sant\u00e9 du Hamas, jug\u00e9es fiables par l&rsquo;ONU.\u00a0lbx-jmt-are\/gvy<\/p>\n","protected":false},"excerpt":{"rendered":"AFP Videos &#8211; France Gaza: de retour en France, Rima Hassan promet \u00ab\u00a0autant de bateaux que n\u00e9cessaire\u00a0\u00bb face&hellip;\n","protected":false},"author":2,"featured_media":172204,"comment_status":"","ping_status":"","sticky":false,"template":"","format":"standard","meta":{"footnotes":""},"categories":[1888],"tags":[1111,1928,11,1927,1777,674,1011,27,12,1926,626,1925,3092,25],"class_list":{"0":"post-172203","1":"post","2":"type-post","3":"status-publish","4":"format-standard","5":"has-post-thumbnail","7":"category-paris","8":"tag-actu","9":"tag-actu-paris","10":"tag-actualites","11":"tag-actualites-paris","12":"tag-eu","13":"tag-europe","14":"tag-fr","15":"tag-france","16":"tag-news","17":"tag-news-paris","18":"tag-paris","19":"tag-paris-news","20":"tag-place-de-la-republique","21":"tag-republique-francaise"},"share_on_mastodon":{"url":"https:\/\/pubeurope.com\/@fr\/114673507634934612","error":""},"_links":{"self":[{"href":"https:\/\/www.europesays.com\/fr\/wp-json\/wp\/v2\/posts\/172203","targetHints":{"allow":["GET"]}}],"collection":[{"href":"https:\/\/www.europesays.com\/fr\/wp-json\/wp\/v2\/posts"}],"about":[{"href":"https:\/\/www.europesays.com\/fr\/wp-json\/wp\/v2\/types\/post"}],"author":[{"embeddable":true,"href":"https:\/\/www.europesays.com\/fr\/wp-json\/wp\/v2\/users\/2"}],"replies":[{"embeddable":true,"href":"https:\/\/www.europesays.com\/fr\/wp-json\/wp\/v2\/comments?post=172203"}],"version-history":[{"count":0,"href":"https:\/\/www.europesays.com\/fr\/wp-json\/wp\/v2\/posts\/172203\/revisions"}],"wp:featuredmedia":[{"embeddable":true,"href":"https:\/\/www.europesays.com\/fr\/wp-json\/wp\/v2\/media\/172204"}],"wp:attachment":[{"href":"https:\/\/www.europesays.com\/fr\/wp-json\/wp\/v2\/media?parent=172203"}],"wp:term":[{"taxonomy":"category","embeddable":true,"href":"https:\/\/www.europesays.com\/fr\/wp-json\/wp\/v2\/categories?post=172203"},{"taxonomy":"post_tag","embeddable":true,"href":"https:\/\/www.europesays.com\/fr\/wp-json\/wp\/v2\/tags?post=172203"}],"curies":[{"name":"wp","href":"https:\/\/api.w.org\/{rel}","templated":true}]}}