{"id":172205,"date":"2025-06-13T01:40:03","date_gmt":"2025-06-13T01:40:03","guid":{"rendered":"https:\/\/www.europesays.com\/fr\/172205\/"},"modified":"2025-06-13T01:40:03","modified_gmt":"2025-06-13T01:40:03","slug":"les-enfants-dari-boulogne-le-fils-qualain-delon-na-jamais-reconnu-poursuivent-le-combat-de-leur-pere","status":"publish","type":"post","link":"https:\/\/www.europesays.com\/fr\/172205\/","title":{"rendered":"Les enfants d&rsquo;Ari Boulogne, le fils qu&rsquo;Alain Delon n&rsquo;a jamais reconnu, poursuivent le combat de leur p\u00e8re"},"content":{"rendered":"<p>            Par<br \/>\n        <strong><br \/>\n            <a href=\"https:\/\/actu.fr\/auteur\/thomas-martin\" title=\"Consulter tous les articles de Thomas Martin\" rel=\"nofollow noopener\" target=\"_blank\">Thomas Martin<\/a><br \/>\n        <\/strong><\/p>\n<p>        Publi\u00e9 le<\/p>\n<p>            12 juin 2025 \u00e0 23h22        <\/p>\n<p>Les enfants d\u2019<strong>Ari Boulogne<\/strong>, <a href=\"https:\/\/actu.fr\/ile-de-france\/paris_75056\/ari-boulogne-le-fils-qu-alain-delon-n-a-jamais-reconnu-retrouve-mort-a-paris_59627469.html\" rel=\"nofollow noopener\" target=\"_blank\">fils putatif de feu Alain Delon<\/a>, mort \u00e0 Paris en mai 2023, ont relanc\u00e9 ce jeudi 12 juin, devant la <a href=\"https:\/\/actu.fr\/tag\/justice\" rel=\"nofollow noopener\" target=\"_blank\">justice<\/a> fran\u00e7aise, la <strong>demande de recherche en paternit\u00e9<\/strong> que leur p\u00e8re avait initi\u00e9e en 2019. La chambre de la famille de la cour d\u2019appel de Poitiers, qui a examin\u00e9 l\u2019affaire, doit rendre sa d\u00e9cision le 25 septembre 2025.<\/p>\n<p>Elev\u00e9 par la m\u00e8re d\u2019Alain Delon en banlieue parisienne<\/p>\n<p class=\" wall-content\">Fils de la chanteuse Nico, il a toujours clam\u00e9 \u00eatre le fruit de la relation de cette derni\u00e8re avec l\u2019acteur. Mais, celui-ci ne l\u2019a jamais reconnu et s\u2019est toujours oppos\u00e9 \u00e0 toute d\u00e9marche, se limitant \u00e0 une prise de sang r\u00e9alis\u00e9e dans les ann\u00e9es 1960.\u00a0<\/p>\n<p class=\" wall-content\">C\u2019est \u00c9dith Boulogne, la m\u00e8re d\u2019<a href=\"https:\/\/actu.fr\/tag\/alain-delon\" rel=\"nofollow noopener\" target=\"_blank\">Alain Delon<\/a>, qui ayant appris son existence, est all\u00e9e chercher l\u2019enfant \u00e0 New York et l\u2019a \u00e9lev\u00e9 chez elle \u00e0 <a href=\"https:\/\/actu.fr\/ile-de-france\/bourg-la-reine_92014\/des-folles-annees-au-crepuscule-l-incroyable-aventure-du-cinema-du-pere-d-alain-delon-dans-les-hauts-de-sein_61499972.html\" rel=\"nofollow noopener\" target=\"_blank\">Bourg-la-Reine<\/a>, contre l\u2019avis de son fils. En 1977, Ari est adopt\u00e9 par Paul Boulogne, second mari de la m\u00e8re d\u2019Alain Delon, dont il prend l\u00e9galement le nom de famille.<\/p>\n<p class=\" wall-content\">Ari Boulogne avait d\u00e9pos\u00e9 une demande de reconnaissance en paternit\u00e9 devant le tribunal d\u2019Orl\u00e9ans, Alain Delon poss\u00e9dant une r\u00e9sidence dans la r\u00e9gion. En ao\u00fbt 2020, ce tribunal avait d\u00e9clar\u00e9 \u00ab\u00a0la juridiction fran\u00e7aise territorialement incomp\u00e9tente\u00a0\u00bb pour juger cette demande, en raison du lieu de r\u00e9sidence d\u2019Alain Delon, en Suisse. Une d\u00e9cision confirm\u00e9e un an plus tard par un arr\u00eat de la cour d\u2019appel d\u2019Orl\u00e9ans.<\/p>\n<p class=\" wall-content\">Mais le 23 mai 2024, la Cour de cassation a cass\u00e9 la d\u00e9cision de septembre 2021, expliquant que la nationalit\u00e9 fran\u00e7aise du demandeur, Ari Boulogne, \u00ab\u00a0fonde la comp\u00e9tence des tribunaux fran\u00e7ais\u00a0\u00bb.<\/p>\n<p>Vid\u00e9os : en ce moment sur Actu<\/p>\n<p class=\" wall-content\">Seuls les avocats des diff\u00e9rentes parties \u00e9taient pr\u00e9sents \u00e0 l\u2019audience qui s\u2019est tenue \u00e0 huis clos. Ceux d\u2019Anthony, Alain-Fabien et Anouchka Delon, qui s\u2019opposent \u00e0 la demande de reconnaissance en paternit\u00e9, ont cat\u00e9goriquement refus\u00e9 de s\u2019exprimer.\u00a0<br \/>Selon le conseil de Charles Boulogne, le parquet g\u00e9n\u00e9ral n\u2019a pas soutenu la d\u00e9marche initi\u00e9e par son p\u00e8re.<\/p>\n<p class=\" wall-content\">Les d\u00e9bats ont \u00e9galement port\u00e9 sur l\u2019application ou pas de la loi allemande (de la m\u00e8re), qui serait plus favorable aux demandeurs car elle n\u2019impose pas de limite dans le temps, alors que la loi fran\u00e7aise limite le d\u00e9lai \u00e0 10 ans pour les actions de recherche en paternit\u00e9.\u00a0<\/p>\n<p class=\" wall-content\">\n<p class=\" wall-content\">Ari Boulogne n\u2019a rencontr\u00e9 qu\u2019en de rares occasions Alain Delon, qui lui d\u00e9clare en 1986 le consid\u00e9rer comme son \u00ab pote \u00bb mais affirme ne pas \u00eatre son p\u00e8re : \u00ab Tu n\u2019as ni mes yeux, ni mes cheveux, tu n\u2019es pas mon fils. \u00bb<\/p>\n<p class=\" wall-content\">Sa vie a \u00e9galement \u00e9t\u00e9 marqu\u00e9e par l\u2019addiction \u00e0 la drogue, partag\u00e9e \u00e0 l\u2019origine avec sa m\u00e8re. A la mort de celle-ci, en 1988, il encha\u00eene les s\u00e9jours en h\u00f4pital psychiatrique et les cures de d\u00e9sintoxication.\u00a0<\/p>\n<p class=\" wall-content\"><strong>Avec AFP<\/strong><\/p>\n<p class=\" wall-content\">Suivez toute l\u2019actualit\u00e9 de vos villes et m\u00e9dias favoris en vous inscrivant \u00e0 <a href=\"https:\/\/moncompte.actu.fr\" title=\"D\u00e9couvez Mon Actu\" rel=\"nofollow noopener\" data-trk=\"{&quot;cta&quot;:{&quot;action&quot;:&quot;https:\\\/\\\/moncompte.actu.fr&quot;,&quot;category&quot;:&quot;mon compte&quot;,&quot;from&quot;:&quot;article footer&quot;,&quot;name&quot;:&quot;Mon actu&quot;,&quot;type&quot;:&quot;cta&quot;}}\" target=\"_blank\">Mon Actu<\/a>.<\/p>\n","protected":false},"excerpt":{"rendered":"Par Thomas Martin Publi\u00e9 le 12 juin 2025 \u00e0 23h22 Les enfants d\u2019Ari Boulogne, fils putatif de feu&hellip;\n","protected":false},"author":2,"featured_media":172206,"comment_status":"","ping_status":"","sticky":false,"template":"","format":"standard","meta":{"footnotes":""},"categories":[1888],"tags":[11,5960,1777,674,652,1011,27,303,12,626,25,104],"class_list":{"0":"post-172205","1":"post","2":"type-post","3":"status-publish","4":"format-standard","5":"has-post-thumbnail","7":"category-paris","8":"tag-actualites","9":"tag-alain-delon","10":"tag-eu","11":"tag-europe","12":"tag-famille","13":"tag-fr","14":"tag-france","15":"tag-justice","16":"tag-news","17":"tag-paris","18":"tag-republique-francaise","19":"tag-societe"},"share_on_mastodon":{"url":"https:\/\/pubeurope.com\/@fr\/114673511696964673","error":""},"_links":{"self":[{"href":"https:\/\/www.europesays.com\/fr\/wp-json\/wp\/v2\/posts\/172205","targetHints":{"allow":["GET"]}}],"collection":[{"href":"https:\/\/www.europesays.com\/fr\/wp-json\/wp\/v2\/posts"}],"about":[{"href":"https:\/\/www.europesays.com\/fr\/wp-json\/wp\/v2\/types\/post"}],"author":[{"embeddable":true,"href":"https:\/\/www.europesays.com\/fr\/wp-json\/wp\/v2\/users\/2"}],"replies":[{"embeddable":true,"href":"https:\/\/www.europesays.com\/fr\/wp-json\/wp\/v2\/comments?post=172205"}],"version-history":[{"count":0,"href":"https:\/\/www.europesays.com\/fr\/wp-json\/wp\/v2\/posts\/172205\/revisions"}],"wp:featuredmedia":[{"embeddable":true,"href":"https:\/\/www.europesays.com\/fr\/wp-json\/wp\/v2\/media\/172206"}],"wp:attachment":[{"href":"https:\/\/www.europesays.com\/fr\/wp-json\/wp\/v2\/media?parent=172205"}],"wp:term":[{"taxonomy":"category","embeddable":true,"href":"https:\/\/www.europesays.com\/fr\/wp-json\/wp\/v2\/categories?post=172205"},{"taxonomy":"post_tag","embeddable":true,"href":"https:\/\/www.europesays.com\/fr\/wp-json\/wp\/v2\/tags?post=172205"}],"curies":[{"name":"wp","href":"https:\/\/api.w.org\/{rel}","templated":true}]}}