{"id":172223,"date":"2025-06-13T01:49:13","date_gmt":"2025-06-13T01:49:13","guid":{"rendered":"https:\/\/www.europesays.com\/fr\/172223\/"},"modified":"2025-06-13T01:49:13","modified_gmt":"2025-06-13T01:49:13","slug":"reseaux-sociaux-le-compte-tiktok-de-linfluenceur-masculiniste-alex-hitchens-supprime","status":"publish","type":"post","link":"https:\/\/www.europesays.com\/fr\/172223\/","title":{"rendered":"R\u00e9seaux sociaux. Le compte TikTok de l&rsquo;influenceur masculiniste Alex Hitchens supprim\u00e9"},"content":{"rendered":"<p>Le compte TikTok de l&rsquo;influenceur masculiniste Alex Hitchens, suivi par plus de 650 000 abonn\u00e9s, a \u00e9t\u00e9 supprim\u00e9 ce jeudi, deux jours apr\u00e8s <a href=\"https:\/\/www.ledauphine.com\/societe\/2025\/06\/11\/ad-laurent-alex-hitchens-ce-qu-ont-dit-les-influenceurs-tiktok-auditionnes-a-l-assemblee\" target=\"_blank\" rel=\"nofollow noopener\">qu&rsquo;il a quitt\u00e9 brusquement une audition<\/a> dans le cadre de la commission d&rsquo;enqu\u00eate parlementaire sur cette plateforme. \u00ab La d\u00e9cision de supprimer ce compte a \u00e9t\u00e9 prise conform\u00e9ment \u00e0 nos r\u00e8gles communautaires (discours haineux et comportements haineux), que nous appliquons strictement \u00e0 tous les utilisateurs, sans exception \u00bb, a indiqu\u00e9 un porte-parole du r\u00e9seau social, propri\u00e9t\u00e9 du groupe chinois ByteDance.<\/p>\n<p>De son vrai nom Isac Mayembo, Alex Hitchens se pr\u00e9sente comme un coach en s\u00e9duction autoproclam\u00e9 qui vend des formations en ligne et dont le compte TikTok avait d\u00e9j\u00e0 \u00e9t\u00e9 retir\u00e9 une premi\u00e8re fois. Il compte \u00e9galement plus de 370 000 abonn\u00e9s sur YouTube et 164 000 sur Instagram. \u00ab Au total, plusieurs comptes usurpant l&rsquo;identit\u00e9 d&rsquo;Alex Hitchens ont \u00e9t\u00e9 bannis \u00bb, a \u00e9galement pr\u00e9cis\u00e9 TikTok, alors que l&rsquo;influenceur avait affirm\u00e9 mardi que la plateforme h\u00e9bergeait une cinquantaine de comptes reprenant ses contenus, dont sept g\u00e9r\u00e9s par lui-m\u00eame.<\/p>\n<p>  \u00ab\u00a0Il aurait d\u00fb \u00eatre banni depuis longtemps\u00a0\u00bb<\/p>\n<p>Auditionn\u00e9 \u00e0 distance mardi dans le cadre de la commission parlementaire sur les effets psychologiques de TikTok sur les mineurs, l&rsquo;influenceur de 26 ans avait cr\u00e9\u00e9 la surprise en quittant brusquement l&rsquo;audition au bout de 20 minutes, accusant son pr\u00e9sident, le d\u00e9put\u00e9 socialiste Arthur Delaporte, de vouloir \u00ab isoler \u00bb un de ses propos.<\/p>\n<p>Il l&rsquo;interrogeait notamment sur des phrases prononc\u00e9es dans ses vid\u00e9os, comme affirmer que les femmes \u00ab n&rsquo;ont rien \u00e0 faire dans la rue apr\u00e8s 22h \u00bb. \u00ab Au revoir monsieur, bonne journ\u00e9e \u00bb, avait-il lanc\u00e9 avant de couper la connexion, interrompant la s\u00e9ance. \u00ab Il faut que vous soyez mis devant le fait accompli, qu&rsquo;on vous re\u00e7oive \u00bb, pour r\u00e9agir, s&rsquo;est agac\u00e9 jeudi Arthur Delaporte devant des repr\u00e9sentants de TikTok, auditionn\u00e9s \u00e0 leur tour.\u00a0 \u00ab Il aurait d\u00fb \u00eatre banni depuis longtemps \u00bb, a-t-il ajout\u00e9.<\/p>\n","protected":false},"excerpt":{"rendered":"Le compte TikTok de l&rsquo;influenceur masculiniste Alex Hitchens, suivi par plus de 650 000 abonn\u00e9s, a \u00e9t\u00e9 supprim\u00e9&hellip;\n","protected":false},"author":2,"featured_media":172224,"comment_status":"","ping_status":"","sticky":false,"template":"","format":"standard","meta":{"footnotes":""},"categories":[2],"tags":[11,107,1011,27,329,12,316,25,71,767,273,104],"class_list":{"0":"post-172223","1":"post","2":"type-post","3":"status-publish","4":"format-standard","5":"has-post-thumbnail","7":"category-actualites","8":"tag-actualites","9":"tag-fil-info","10":"tag-fr","11":"tag-france","12":"tag-france-monde","13":"tag-news","14":"tag-politique","15":"tag-republique-francaise","16":"tag-sante","17":"tag-science-et-technologie","18":"tag-selection-de-la-redaction","19":"tag-societe"},"share_on_mastodon":{"url":"https:\/\/pubeurope.com\/@fr\/114673546918742398","error":""},"_links":{"self":[{"href":"https:\/\/www.europesays.com\/fr\/wp-json\/wp\/v2\/posts\/172223","targetHints":{"allow":["GET"]}}],"collection":[{"href":"https:\/\/www.europesays.com\/fr\/wp-json\/wp\/v2\/posts"}],"about":[{"href":"https:\/\/www.europesays.com\/fr\/wp-json\/wp\/v2\/types\/post"}],"author":[{"embeddable":true,"href":"https:\/\/www.europesays.com\/fr\/wp-json\/wp\/v2\/users\/2"}],"replies":[{"embeddable":true,"href":"https:\/\/www.europesays.com\/fr\/wp-json\/wp\/v2\/comments?post=172223"}],"version-history":[{"count":0,"href":"https:\/\/www.europesays.com\/fr\/wp-json\/wp\/v2\/posts\/172223\/revisions"}],"wp:featuredmedia":[{"embeddable":true,"href":"https:\/\/www.europesays.com\/fr\/wp-json\/wp\/v2\/media\/172224"}],"wp:attachment":[{"href":"https:\/\/www.europesays.com\/fr\/wp-json\/wp\/v2\/media?parent=172223"}],"wp:term":[{"taxonomy":"category","embeddable":true,"href":"https:\/\/www.europesays.com\/fr\/wp-json\/wp\/v2\/categories?post=172223"},{"taxonomy":"post_tag","embeddable":true,"href":"https:\/\/www.europesays.com\/fr\/wp-json\/wp\/v2\/tags?post=172223"}],"curies":[{"name":"wp","href":"https:\/\/api.w.org\/{rel}","templated":true}]}}