{"id":172225,"date":"2025-06-13T01:50:11","date_gmt":"2025-06-13T01:50:11","guid":{"rendered":"https:\/\/www.europesays.com\/fr\/172225\/"},"modified":"2025-06-13T01:50:11","modified_gmt":"2025-06-13T01:50:11","slug":"une-frappe-israelienne-contre-liran-pourrait-tres-bien-se-produire-assure-donald-trump","status":"publish","type":"post","link":"https:\/\/www.europesays.com\/fr\/172225\/","title":{"rendered":"Une frappe isra\u00e9lienne contre l&rsquo;Iran \u00abpourrait tr\u00e8s bien se produire\u00bb, assure Donald Trump"},"content":{"rendered":"<p>Le pr\u00e9sident am\u00e9ricain assure que l\u2019Iran pourrait \u00e9viter le conflit en c\u00e9dant plus de terrain dans les n\u00e9gociations avec Washington sur son programme nucl\u00e9aire.<\/p>\n<p class=\"fig-paragraph\"><a href=\"http:\/\/www.lefigaro.fr\/international\/selon-trump-les-discussions-avec-l-iran-sur-le-nucleaire-sont-tres-tres-bonnes-20250526\" target=\"_blank\" data-fig-type=\"NewsFlash\" rel=\"noopener nofollow\" data-gtm-custom-categorie=\"navigation\" data-gtm-custom-action=\"crossclick\" data-gtm-custom-label=\"Contextuel\" data-gtm-event=\"customEventSPE\" data-fig-domain=\"LEFIGARO\">Donald Trump<\/a>\u00a0a d\u00e9clar\u00e9 jeudi qu&rsquo;Isra\u00ebl pourrait frapper les installations nucl\u00e9aires de l&rsquo;Iran, mais que T\u00e9h\u00e9ran pourrait \u00e9viter le conflit en c\u00e9dant plus de terrain dans les n\u00e9gociations avec Washington. Le pr\u00e9sident am\u00e9ricain a toutefois appel\u00e9 son alli\u00e9 isra\u00e9lien \u00e0 ne pas frapper l\u2019Iran, affirmant qu\u2019un accord restait proche sur le programme nucl\u00e9aire de T\u00e9h\u00e9ran.<\/p>\n<p class=\"fig-paragraph\">\u00abJe ne veux pas dire que c&rsquo;est imminent, mais il semble que c&rsquo;est quelque chose qui pourrait tr\u00e8s bien se produire\u00bb, a d\u00e9clar\u00e9 le chef d\u2019\u00c9tat am\u00e9ricain \u00e0 des journalistes qui lui demandaient si Isra\u00ebl attaquerait l&rsquo;Iran. \u00abNous sommes assez proches d\u2019un bon accord\u00bb, a-t-il poursuivi, ajoutant \u00e0 propos d\u2019Isra\u00ebl: \u00abJe ne veux pas qu\u2019ils interviennent, parce que je pense que cela ferait tout capoter\u00bb.<\/p>\n<p class=\"fig-paragraph\">Plus d\u2019informations \u00e0 suivre&#8230;<\/p>\n","protected":false},"excerpt":{"rendered":"Le pr\u00e9sident am\u00e9ricain assure que l\u2019Iran pourrait \u00e9viter le conflit en c\u00e9dant plus de terrain dans les n\u00e9gociations&hellip;\n","protected":false},"author":2,"featured_media":172226,"comment_status":"","ping_status":"","sticky":false,"template":"","format":"standard","meta":{"footnotes":""},"categories":[2],"tags":[259,11,260,75,1011,27,14,3019,664,261,12,262,25],"class_list":{"0":"post-172225","1":"post","2":"type-post","3":"status-publish","4":"format-standard","5":"has-post-thumbnail","7":"category-actualites","8":"tag-actualite-internationale","9":"tag-actualites","10":"tag-affaires-etrangeres","11":"tag-donald-trump","12":"tag-fr","13":"tag-france","14":"tag-international","15":"tag-iran","16":"tag-israel","17":"tag-ministere-des-affaires-etrangeres","18":"tag-news","19":"tag-politique-etrangere","20":"tag-republique-francaise"},"share_on_mastodon":{"url":"https:\/\/pubeurope.com\/@fr\/114673550827202626","error":""},"_links":{"self":[{"href":"https:\/\/www.europesays.com\/fr\/wp-json\/wp\/v2\/posts\/172225","targetHints":{"allow":["GET"]}}],"collection":[{"href":"https:\/\/www.europesays.com\/fr\/wp-json\/wp\/v2\/posts"}],"about":[{"href":"https:\/\/www.europesays.com\/fr\/wp-json\/wp\/v2\/types\/post"}],"author":[{"embeddable":true,"href":"https:\/\/www.europesays.com\/fr\/wp-json\/wp\/v2\/users\/2"}],"replies":[{"embeddable":true,"href":"https:\/\/www.europesays.com\/fr\/wp-json\/wp\/v2\/comments?post=172225"}],"version-history":[{"count":0,"href":"https:\/\/www.europesays.com\/fr\/wp-json\/wp\/v2\/posts\/172225\/revisions"}],"wp:featuredmedia":[{"embeddable":true,"href":"https:\/\/www.europesays.com\/fr\/wp-json\/wp\/v2\/media\/172226"}],"wp:attachment":[{"href":"https:\/\/www.europesays.com\/fr\/wp-json\/wp\/v2\/media?parent=172225"}],"wp:term":[{"taxonomy":"category","embeddable":true,"href":"https:\/\/www.europesays.com\/fr\/wp-json\/wp\/v2\/categories?post=172225"},{"taxonomy":"post_tag","embeddable":true,"href":"https:\/\/www.europesays.com\/fr\/wp-json\/wp\/v2\/tags?post=172225"}],"curies":[{"name":"wp","href":"https:\/\/api.w.org\/{rel}","templated":true}]}}