{"id":172241,"date":"2025-06-13T02:01:14","date_gmt":"2025-06-13T02:01:14","guid":{"rendered":"https:\/\/www.europesays.com\/fr\/172241\/"},"modified":"2025-06-13T02:01:14","modified_gmt":"2025-06-13T02:01:14","slug":"les-lyonnaises-ellie-carpenter-et-danielle-van-de-donk-annoncent-leur-mariage","status":"publish","type":"post","link":"https:\/\/www.europesays.com\/fr\/172241\/","title":{"rendered":"les Lyonnaises Ellie Carpenter et Danielle Van de Donk annoncent leur mariage"},"content":{"rendered":"<p>Les deux joueuses, qui se sont connues \u00e0 l\u2019OL Lyonnes, ont officialis\u00e9 leurs fian\u00e7ailles ce jeudi sur les r\u00e9seaux sociaux.<\/p>\n<p class=\"fig-paragraph\">La d\u00e9fenseure internationale australienne Ellie Carpenter, et la milieu internationale n\u00e9erlandaise Danielle Van de Donk, qui se sont connues \u00e0 Lyon, ont annonc\u00e9 jeudi sur leurs r\u00e9seaux sociaux s&rsquo;\u00eatre mari\u00e9es. Les deux joueuses se sont connues \u00e0 OL Lyonnes (<a href=\"http:\/\/www.lefigaro.fr\/sports\/football\/foot-ol-feminin-devient-ol-lyonnes-et-s-installe-a-plein-temps-au-groupama-stadium-20250519\" data-fig-type=\"NewsFlash\" data-gtm-custom-categorie=\"navigation\" data-gtm-custom-action=\"crossclick\" data-gtm-custom-label=\"Contextuel\" data-gtm-event=\"customEventSPE\" data-fig-domain=\"LEFIGARO\" target=\"_blank\" rel=\"noopener\">ex-OL f\u00e9minin<\/a>) et avaient d\u00e9j\u00e0 officialis\u00e9 leurs fian\u00e7ailles il y a dix-huit mois aussi sur les r\u00e9seaux sociaux.<\/p>\n<p class=\"fig-paragraph\">Ellie Carpenter (25 ans) est arriv\u00e9e \u00e0 Lyon en 2020 et Danielle Van de Donk (33 ans), un an plus tard. Cette derni\u00e8re est en fin de contrat et n&rsquo;a pas \u00e9t\u00e9 conserv\u00e9e. Ensemble, elles ont gagn\u00e9 la Ligue des Champions en 2022, quatre fois le championnat de France (2022 \u00e0\u00a0<a href=\"https:\/\/www.lefigaro.fr\/sports\/football\/live\/d1-arkema\/2024\/2554687\/lyon-feminin-paris-sg-feminin\" data-fig-type=\"Live\" data-gtm-custom-categorie=\"navigation\" data-gtm-custom-action=\"crossclick\" data-gtm-custom-label=\"Contextuel\" data-gtm-event=\"customEventSPE\" data-fig-domain=\"LEFIGARO\" target=\"_blank\" rel=\"noopener\">2025<\/a>) et une coupe de France (2025).<\/p>\n<p class=\"fig-paragraph\">\u00abJe te choisis. Je te choisirai toujours\u00bb, ont-elles indiqu\u00e9 sur leur compte Instagram. \u00abPetit aper\u00e7u du meilleur week-end de notre vie\u00bb, ont-elles l\u00e9gend\u00e9 sur une vid\u00e9o. Le club lyonnais et plusieurs co\u00e9quipi\u00e8res ou d&rsquo;autres joueuses, comme Lindsay Horan, Sara D\u00e4britz,\u00a0<a href=\"http:\/\/www.lefigaro.fr\/sports\/football\/foot-f-j-ai-fait-mon-possible-j-ai-ete-performante-le-sommer-prend-la-parole-avoir-ete-ecartee-de-l-equipe-de-france-20250527\" data-fig-type=\"NewsFlash\" data-gtm-custom-categorie=\"navigation\" data-gtm-custom-action=\"crossclick\" data-gtm-custom-label=\"Contextuel\" data-gtm-event=\"customEventSPE\" data-fig-domain=\"LEFIGARO\" target=\"_blank\" rel=\"noopener\">Eug\u00e9nie Le Sommer<\/a>, Vanessa Gilles notamment ont f\u00e9licit\u00e9 les deux mari\u00e9es.<\/p>\n","protected":false},"excerpt":{"rendered":"Les deux joueuses, qui se sont connues \u00e0 l\u2019OL Lyonnes, ont officialis\u00e9 leurs fian\u00e7ailles ce jeudi sur les&hellip;\n","protected":false},"author":2,"featured_media":172242,"comment_status":"","ping_status":"","sticky":false,"template":"","format":"standard","meta":{"footnotes":""},"categories":[1359],"tags":[454,69,448,83,451,58,59,64,450,449,1011,27,452,453,66,446,447,978,973,70,455],"class_list":{"0":"post-172241","1":"post","2":"type-post","3":"status-publish","4":"format-standard","5":"has-post-thumbnail","7":"category-people","8":"tag-ballon-dor","9":"tag-bundesliga","10":"tag-champions-league","11":"tag-coupe-de-france","12":"tag-coupe-du-monde","13":"tag-divertissement","14":"tag-entertainment","15":"tag-equipe-de-france","16":"tag-euro","17":"tag-europa-league","18":"tag-fr","19":"tag-france","20":"tag-italie","21":"tag-liga","22":"tag-ligue-1","23":"tag-ligue-2","24":"tag-ligue-des-champions","25":"tag-olympique-lyonnais","26":"tag-people","27":"tag-premier-league","28":"tag-uefa"},"share_on_mastodon":{"url":"https:\/\/pubeurope.com\/@fr\/114673594251499950","error":""},"_links":{"self":[{"href":"https:\/\/www.europesays.com\/fr\/wp-json\/wp\/v2\/posts\/172241","targetHints":{"allow":["GET"]}}],"collection":[{"href":"https:\/\/www.europesays.com\/fr\/wp-json\/wp\/v2\/posts"}],"about":[{"href":"https:\/\/www.europesays.com\/fr\/wp-json\/wp\/v2\/types\/post"}],"author":[{"embeddable":true,"href":"https:\/\/www.europesays.com\/fr\/wp-json\/wp\/v2\/users\/2"}],"replies":[{"embeddable":true,"href":"https:\/\/www.europesays.com\/fr\/wp-json\/wp\/v2\/comments?post=172241"}],"version-history":[{"count":0,"href":"https:\/\/www.europesays.com\/fr\/wp-json\/wp\/v2\/posts\/172241\/revisions"}],"wp:featuredmedia":[{"embeddable":true,"href":"https:\/\/www.europesays.com\/fr\/wp-json\/wp\/v2\/media\/172242"}],"wp:attachment":[{"href":"https:\/\/www.europesays.com\/fr\/wp-json\/wp\/v2\/media?parent=172241"}],"wp:term":[{"taxonomy":"category","embeddable":true,"href":"https:\/\/www.europesays.com\/fr\/wp-json\/wp\/v2\/categories?post=172241"},{"taxonomy":"post_tag","embeddable":true,"href":"https:\/\/www.europesays.com\/fr\/wp-json\/wp\/v2\/tags?post=172241"}],"curies":[{"name":"wp","href":"https:\/\/api.w.org\/{rel}","templated":true}]}}