{"id":172253,"date":"2025-06-13T02:07:11","date_gmt":"2025-06-13T02:07:11","guid":{"rendered":"https:\/\/www.europesays.com\/fr\/172253\/"},"modified":"2025-06-13T02:07:11","modified_gmt":"2025-06-13T02:07:11","slug":"cancer-de-luterus-ou-menopause-ce-symptome-n1-a-ne-jamais-ignorer","status":"publish","type":"post","link":"https:\/\/www.europesays.com\/fr\/172253\/","title":{"rendered":"Cancer de l\u2019ut\u00e9rus ou m\u00e9nopause ? Ce sympt\u00f4me n\u00b01 \u00e0 ne jamais ignorer"},"content":{"rendered":"<p class=\"post-excerpt\">Le cancer de l\u2019ut\u00e9rus peut partager certains sympt\u00f4mes avec la m\u00e9nopause, ce qui rend son diagnostic plus difficile. Pourtant, un signe en particulier doit alerter. Pour comprendre, on vois d\u00e9voile le t\u00e9moignage bouleversant de Dawn Willis, qui a confondu ce sympt\u00f4me sp\u00e9cifique avec la m\u00e9nopause. Voici les signaux \u00e0 ne jamais ignorer pour pr\u00e9server sa sant\u00e9.<\/p>\n<p><a href=\"https:\/\/www.aufeminin.com\/news-societe\/je-ne-suis-pas-enceinte-j-ai-un-cancer-de-l-uterus-cette-mise-au-point-d-une-journaliste-en-direct-a-la-television-s4076409.html\" target=\"_blank\" rel=\"noopener\"><strong>Cancer de l\u2019ut\u00e9rus<\/strong><\/a> et <a href=\"https:\/\/www.aufeminin.com\/sante-femme\/cancer-du-vagin-5-signes-precoces-alerter-regles-menopause-s4094489.html\" target=\"_blank\" rel=\"noopener\"><strong>m\u00e9nopause<\/strong><\/a> : des <a href=\"https:\/\/www.aufeminin.com\/societe\/sante-femme-societe\/cancer-6\/cancer-de-lendometre-ces-6-malades-qui-ont-vaincu-la-maladie-racontent-les-symptomes-n1-qui-les-ont-alertes-2598729.html\" target=\"_blank\" rel=\"noopener\"><strong>sympt\u00f4mes trompeurs<\/strong><\/a> ?\u00a0 Le cancer de l\u2019ut\u00e9rus, aussi appel\u00e9 <a href=\"https:\/\/www.aufeminin.com\/sante-femme\/cancer-de-l-endometre-voici-le-symptome-que-la-majorite-des-femmes-ignorent-il-est-alarmant-apres-la-menopause-s4091896.html\" target=\"_blank\" rel=\"noopener\"><strong>cancer de l\u2019endom\u00e8tre<\/strong><\/a>, touche chaque ann\u00e9e environ 8 000 femmes en France, selon <a href=\"https:\/\/www.elsan.care\/fr\/pathologie-et-traitement\/cancers\/cancer-uterus-definition\" target=\"_blank\" rel=\"noopener\">Elsan<\/a>. S\u2019il peut survenir avant la <strong>m\u00e9nopause<\/strong>, il se manifeste le plus souvent apr\u00e8s. Cette p\u00e9riode \u00e9tant marqu\u00e9e par de nombreux bouleversements hormonaux et physiques, les <strong><a href=\"https:\/\/www.aufeminin.com\/sante-femme\/cancer-du-sang-les-symptomes-invisibles-que-j-ai-pris-pour-de-la-vieillesse-s4114056.html\" target=\"_blank\" rel=\"noopener\">sympt\u00f4mes du cancer de l\u2019ut\u00e9rus peuvent passer inaper\u00e7us<\/a> <\/strong>ou <strong><a href=\"https:\/\/www.aufeminin.com\/sante-femme\/cancer-du-rein-j-ai-confondu-ce-symptome-peu-connu-avec-la-menopause-s4112590.html\" target=\"_blank\" rel=\"noopener\">\u00eatre confondus avec ceux de la m\u00e9nopause<\/a><\/strong>. Notamment en raison de leur similitude : fatigue, douleurs abdominales, changements de l\u2019humeur, mais surtout troubles du cycle menstruel. Cette confusion peut retarder le diagnostic et compromettre la prise en charge rapide de la maladie, alors que le <strong>d\u00e9pistage pr\u00e9coce<\/strong> reste essentiel pour <strong>augmenter les chances de gu\u00e9rison<\/strong>.<\/p>\n<p>La <strong>m\u00e9nopause<\/strong>, qui s\u2019installe g\u00e9n\u00e9ralement entre 45 et 55 ans, entra\u00eene l\u2019arr\u00eat des r\u00e8gles et une diminution progressive des hormones f\u00e9minines (estrog\u00e8nes et\u00a0progest\u00e9rone). Si certains <strong>sympt\u00f4mes<\/strong> comme les bouff\u00e9es de chaleur ou les troubles du sommeil sont bien connus, d\u2019autres signes, plus discrets, peuvent inqui\u00e9ter. Pourtant, dans ce contexte, il est difficile de faire la diff\u00e9rence entre un <strong><a href=\"https:\/\/www.aufeminin.com\/sante-femme\/atrophie-vaginale-6-symptomes-menopause-sante-gynecologie-femmes-s4108424.html\" target=\"_blank\" rel=\"noopener\">trouble b\u00e9nin li\u00e9 \u00e0 la m\u00e9nopause <\/a><\/strong>et un <strong><a href=\"https:\/\/www.aufeminin.com\/sante-femme\/cancer-oncologue-alerte-fort-risque-medicament-souvent-prescrit-france-s4109030.html\" target=\"_blank\" rel=\"noopener\">signe d\u2019alerte d\u2019un cancer gyn\u00e9cologique<\/a><\/strong>. De nombreuses femmes, \u00e0 l\u2019image de Dawn Willis, une Am\u00e9ricaine de 58 ans, minimisent ou ignorent certains <strong>sympt\u00f4mes<\/strong>, pensant qu\u2019ils sont simplement dus \u00e0 cette nouvelle \u00e9tape de leur vie.<\/p>\n<p> Le sympt\u00f4me n\u00b01 du cancer de l\u2019ut\u00e9rus \u00e0 ne jamais n\u00e9gliger <\/p>\n<p>Pour Dawn Willis, le cauchemar a commenc\u00e9 par un sympt\u00f4me qu\u2019elle pensait anodin : des saignements vaginaux. \u00ab\u00a0<strong>Je pensais que les saignements \u00e9taient normaux, li\u00e9s \u00e0 la m\u00e9nopause<\/strong>\u00ab\u00a0, confie-t-elle au <a href=\"https:\/\/nypost.com\/2025\/02\/11\/health\/i-thought-i-was-going-through-menopause-but-it-was-actually-cancer\/\" target=\"_blank\" rel=\"noopener\">New York Post<\/a>. Pendant pr\u00e8s d\u2019un an, elle a ignor\u00e9 ces <strong>pertes de sang<\/strong>, persuad\u00e9e qu\u2019il s\u2019agissait d\u2019un <strong>effet secondaire de la m\u00e9nopause<\/strong>. Mais ce sympt\u00f4me, loin d\u2019\u00eatre anodin, est en r\u00e9alit\u00e9 le <strong>principal signe du cancer de l\u2019ut\u00e9rus<\/strong>. Selon les experts, tout <strong>saignement vaginal<\/strong>, m\u00eame minime, survenant <strong>apr\u00e8s l\u2019arr\u00eat des r\u00e8gles<\/strong> doit imm\u00e9diatement alerter et conduire \u00e0 consulter un m\u00e9decin.<\/p>\n<p>\u00ab\u00a0<strong>Si j\u2019avais attendu quelques mois de plus, je ne serais probablement plus l\u00e0 aujourd\u2019hui<\/strong>\u00ab\u00a0, t\u00e9moigne la quinquag\u00e9naire, qui a finalement consult\u00e9 le corps m\u00e9dical apr\u00e8s avoir constat\u00e9 un gonflement de son ventre. Le diagnostic est alors tomb\u00e9 : <strong>cancer de l\u2019ut\u00e9rus \u00e0 un stade avanc\u00e9<\/strong>. Comme elle, 90 % des femmes atteintes de ce cancer pr\u00e9sentent des <strong>saignements post-m\u00e9nopausiques<\/strong>. Ce sympt\u00f4me peut prendre diff\u00e9rentes formes : <strong>pertes de sang rouge vif, spotting, ou m\u00eame simples traces sur le papier toilette<\/strong>. Quelle que soit la quantit\u00e9, il ne doit jamais \u00eatre n\u00e9glig\u00e9.<\/p>\n<p><img loading=\"lazy\" itemprop=\"thumbnailUrl\" decoding=\"async\" class=\"size-large wp-image-2599944 img-responsive  pinit-here\" src=\"https:\/\/www.europesays.com\/fr\/wp-content\/uploads\/2025\/06\/je-pensais-etre-en-pleine-menopause-cetait-un-cancer-de-luterus-en-phase-terminale-voici-le-symptome.jpeg\" alt=\"Je pensais \u00eatre en pleine m\u00e9nopause, c\" un=\"\" cancer=\"\" de=\"\" l=\"\" en=\"\" phase=\"\" terminale=\"\" :=\"\" voici=\"\" le=\"\" sympt=\"\" n=\"\" que=\"\" j=\"\" width=\"1024\" height=\"683\" data-pin-media=\"https:\/\/sf2.afcdn.com\/wp-content\/uploads\/aufeminin\/2025\/06\/je-pensais-etre-en-pleine-menopause-cetait-un-cancer-de-luterus-en-phase-terminale-voici-le-symptome-n1-que-jai-neglige-736x491.jpg\"\/> \u00a9  Shutterstock \/ Orawan Pattarawimonchai<\/p>\n<p> Saignements vaginaux apr\u00e8s la m\u00e9nopause : un signal d\u2019alarme important <\/p>\n<p>\u00ab\u00a0<strong>Tellement de choses changent dans votre corps pendant la m\u00e9nopause que j\u2019ai cru que c\u2019\u00e9tait normal<\/strong>\u00ab\u00a0, explique Dawn Willis. Pourtant, les sp\u00e9cialistes sont formels : toute perte de sang apr\u00e8s la m\u00e9nopause est consid\u00e9r\u00e9e comme anormale et n\u00e9cessite un avis m\u00e9dical. Ce sympt\u00f4me, m\u00eame isol\u00e9, peut \u00eatre le <strong>seul signe d\u2019un cancer de l\u2019ut\u00e9rus<\/strong>, parfois pr\u00e9sent \u00e0 un stade avanc\u00e9. D\u2019autres signes moins fr\u00e9quents peuvent accompagner les saignements, comme des <strong>douleurs pelviennes<\/strong>, une <strong>modification des pertes vaginales<\/strong>, ou un <strong>gonflement du ventre<\/strong>, mais ils surviennent g\u00e9n\u00e9ralement plus tardivement.<\/p>\n<p>\u00ab\u00a0<strong>Je n\u2019avais que ce sympt\u00f4me et, sinon, je me sentais en parfaite sant\u00e9<\/strong>\u00ab\u00a0, insiste-t-elle. Une phrase qui doit r\u00e9sonner comme un avertissement : il ne faut jamais attendre l\u2019apparition d\u2019autres sympt\u00f4mes pour consulter. Plus le diagnostic est pos\u00e9 t\u00f4t, plus les chances de gu\u00e9rison sont \u00e9lev\u00e9es. Selon les donn\u00e9es m\u00e9dicales, <strong>10 \u00e0 15 % des femmes pr\u00e9sentant des saignements post-m\u00e9nopausiques sont atteintes d\u2019un cancer de l\u2019endom\u00e8tre<\/strong>. Un chiffre qui justifie pleinement la vigilance et l\u2019importance d\u2019un d\u00e9pistage rapide.<\/p>\n<p><img decoding=\"async\" loading=\"lazy\" class=\"size-large wp-image-2599946 img-responsive  pinit-here\" src=\"https:\/\/www.europesays.com\/fr\/wp-content\/uploads\/2025\/06\/1749780431_581_je-pensais-etre-en-pleine-menopause-cetait-un-cancer-de-luterus-en-phase-terminale-voici-le-symptome.jpeg\" alt=\"Je pensais \u00eatre en pleine m\u00e9nopause, c'\u00e9tait un cancer de l'ut\u00e9rus en phase terminale : voici le sympt\u00f4me n\u00b01 que j'ai n\u00e9glig\u00e9\" width=\"1024\" height=\"683\" data-pin-media=\"https:\/\/sf2.afcdn.com\/wp-content\/uploads\/aufeminin\/2025\/06\/je-pensais-etre-en-pleine-menopause-cetait-un-cancer-de-luterus-en-phase-terminale-voici-le-symptome-n1-que-jai-neglige.--736x491.jpg\"\/> \u00a9  Shutterstock \/ Jo Panuwat D<\/p>\n<p> Cancer de l\u2019ut\u00e9rus : pourquoi il ne faut jamais ignorer les saignements ? <\/p>\n<p>\u00ab\u00a0<strong>Je suis en col\u00e8re contre moi-m\u00eame d\u2019avoir ignor\u00e9 ces signes<\/strong>\u00ab\u00a0, confie Dawn Willis. Apr\u00e8s un an de traitements intensifs, elle est aujourd\u2019hui en r\u00e9mission, mais vit avec un stoma suite \u00e0 des complications li\u00e9es \u00e0 la radioth\u00e9rapie. \u00ab\u00a0Je n\u2019aurais probablement pas eu besoin de \u00e7a si j\u2019avais consult\u00e9 plus t\u00f4t\u00a0\u00bb, regrette-t-elle. Son t\u00e9moignage rappelle que la honte, la peur ou la n\u00e9gligence ne doivent jamais emp\u00eacher de vous consulter. Les m\u00e9decins sont form\u00e9s pour \u00e9couter et accompagner, sans jugement, toutes les femmes qui pr\u00e9sentent des<strong> sympt\u00f4mes inhabituels<\/strong>.<\/p>\n<p>La prise de conscience de Dawn Willis est un message d\u2019espoir et de pr\u00e9vention pour toutes les femmes. \u00ab\u00a0<strong>Si quelqu\u2019un lit mon histoire et d\u00e9cide d\u2019aller se faire examiner, alors j\u2019aurai peut-\u00eatre sauv\u00e9 une vie<\/strong>\u00ab\u00a0, conclut-elle. Son parcours illustre l\u2019importance de l\u2019\u00e9coute de son corps et de la r\u00e9activit\u00e9 face \u00e0 tout sympt\u00f4me inhabituel, m\u00eame en l\u2019absence de douleur ou de malaise g\u00e9n\u00e9ral. Le <strong>cancer de l\u2019ut\u00e9rus se soigne d\u2019autant mieux qu\u2019il est d\u00e9tect\u00e9 t\u00f4t<\/strong>, alors ne laissez jamais un doute s\u2019installer !<\/p>\n","protected":false},"excerpt":{"rendered":"Le cancer de l\u2019ut\u00e9rus peut partager certains sympt\u00f4mes avec la m\u00e9nopause, ce qui rend son diagnostic plus difficile.&hellip;\n","protected":false},"author":2,"featured_media":172254,"comment_status":"","ping_status":"","sticky":false,"template":"","format":"standard","meta":{"footnotes":""},"categories":[10],"tags":[30710,30711,1011,27,72,30712,30713,71,16420],"class_list":{"0":"post-172253","1":"post","2":"type-post","3":"status-publish","4":"format-standard","5":"has-post-thumbnail","7":"category-sante","8":"tag-cancer-de-lendometre","9":"tag-cancer-sante","10":"tag-fr","11":"tag-france","12":"tag-health","13":"tag-menopause","14":"tag-saignement","15":"tag-sante","16":"tag-symptome"},"share_on_mastodon":{"url":"https:\/\/pubeurope.com\/@fr\/114673617963326660","error":""},"_links":{"self":[{"href":"https:\/\/www.europesays.com\/fr\/wp-json\/wp\/v2\/posts\/172253","targetHints":{"allow":["GET"]}}],"collection":[{"href":"https:\/\/www.europesays.com\/fr\/wp-json\/wp\/v2\/posts"}],"about":[{"href":"https:\/\/www.europesays.com\/fr\/wp-json\/wp\/v2\/types\/post"}],"author":[{"embeddable":true,"href":"https:\/\/www.europesays.com\/fr\/wp-json\/wp\/v2\/users\/2"}],"replies":[{"embeddable":true,"href":"https:\/\/www.europesays.com\/fr\/wp-json\/wp\/v2\/comments?post=172253"}],"version-history":[{"count":0,"href":"https:\/\/www.europesays.com\/fr\/wp-json\/wp\/v2\/posts\/172253\/revisions"}],"wp:featuredmedia":[{"embeddable":true,"href":"https:\/\/www.europesays.com\/fr\/wp-json\/wp\/v2\/media\/172254"}],"wp:attachment":[{"href":"https:\/\/www.europesays.com\/fr\/wp-json\/wp\/v2\/media?parent=172253"}],"wp:term":[{"taxonomy":"category","embeddable":true,"href":"https:\/\/www.europesays.com\/fr\/wp-json\/wp\/v2\/categories?post=172253"},{"taxonomy":"post_tag","embeddable":true,"href":"https:\/\/www.europesays.com\/fr\/wp-json\/wp\/v2\/tags?post=172253"}],"curies":[{"name":"wp","href":"https:\/\/api.w.org\/{rel}","templated":true}]}}