{"id":172261,"date":"2025-06-13T02:11:11","date_gmt":"2025-06-13T02:11:11","guid":{"rendered":"https:\/\/www.europesays.com\/fr\/172261\/"},"modified":"2025-06-13T02:11:11","modified_gmt":"2025-06-13T02:11:11","slug":"donald-trump-assure-quil-va-mettre-fin-a-la-politique-en-faveur-des-voitures-electriques-en-californie","status":"publish","type":"post","link":"https:\/\/www.europesays.com\/fr\/172261\/","title":{"rendered":"Donald Trump assure qu&rsquo;il va mettre fin \u00e0 la politique en faveur des voitures \u00e9lectriques en Californie"},"content":{"rendered":"<p>Le pr\u00e9sident am\u00e9ricain s\u2019en prend frontalement \u00e0 la politique environnementale de cet \u00c9tat d\u00e9mocrate \u00e9rig\u00e9 en \u00e9pouvantail, en signant un texte qui remet en cause son interdiction des moteurs \u00e0 essence en 2035. La Californie attaque en justice l\u2019administration Trump.<\/p>\n<p class=\"fig-paragraph\">Le pr\u00e9sident am\u00e9ricain Donald Trump a assur\u00e9 ce jeudi qu&rsquo;il allait mettre fin \u00e0 la politique ambitieuse en faveur des\u00a0<a href=\"http:\/\/www.lefigaro.fr\/automobile\/une-majorite-des-francais-ne-souhaite-pas-acheter-de-voiture-electrique-meme-au-prix-d-une-thermique-20250604\" target=\"_blank\" data-fig-type=\"NewsFlash\" rel=\"noopener\" data-gtm-custom-categorie=\"navigation\" data-gtm-custom-action=\"crossclick\" data-gtm-custom-label=\"Contextuel\" data-gtm-event=\"customEventSPE\" data-fig-domain=\"LEFIGARO\">voitures \u00e9lectriques<\/a>\u00a0de la Californie, un \u00c9tat d\u00e9mocrate \u00e9rig\u00e9 en \u00e9pouvantail. \u00abNous sauvons officiellement l&rsquo;industrie automobile am\u00e9ricaine de la destruction\u00bb, a d\u00e9clar\u00e9 le chef de l&rsquo;\u00c9tat, lors d&rsquo;un \u00e9v\u00e8nement organis\u00e9 \u00e0 la Maison Blanche. Il a sign\u00e9 \u00e0 cette occasion, selon ses services, une r\u00e9solution vot\u00e9e par le Congr\u00e8s en mai, destin\u00e9e \u00e0 emp\u00eacher la Californie d&rsquo;interdire la vente de v\u00e9hicules thermiques neufs en 2035.<\/p>\n<p class=\"fig-paragraph\">Les autorit\u00e9s californiennes ont annonc\u00e9 peu apr\u00e8s qu&rsquo;elles saisissaient la justice contre l\u2019\u00c9tat f\u00e9d\u00e9ral qui s&rsquo;attaque au dispositif d\u00e9rogatoire dont b\u00e9n\u00e9ficie l&rsquo;\u00c9tat le plus peupl\u00e9 du pays. La politique du pr\u00e9sident r\u00e9publicain \u00abcompromet nos vies, notre \u00e9conomie et notre environnement\u00bb, a d\u00e9clar\u00e9 le procureur g\u00e9n\u00e9ral de Californie, Rob Bonta. La signature de Donald Trump faisait peu de doute\u00a0: le milliardaire r\u00e9publicain, climatosceptique notoire, a fait campagne en 2024 sur sa volont\u00e9 de forer du p\u00e9trole \u00e0 tout-va. Il a aussi d\u00e9j\u00e0 abandonn\u00e9 l&rsquo;objectif fix\u00e9 par son pr\u00e9d\u00e9cesseur d\u00e9mocrate Joe Biden de vendre 50% de voitures \u00e9lectriques aux \u00c9tats-Unis d&rsquo;ici 2030.<\/p>\n<p>Un diktat selon Trump<\/p>\n<p class=\"fig-paragraph\">Sous l&rsquo;impulsion du gouverneur d\u00e9mocrate Gavin Newsom, le parlement de Californie avait l\u00e9gif\u00e9r\u00e9 en 2022 pour imposer que tous les v\u00e9hicules neufs vendus dans l&rsquo;\u00c9tat soient \u00e0 \u00abz\u00e9ro \u00e9mission\u00bb polluante \u00e0 partir de 2035. Une ambition partag\u00e9e par une dizaine d&rsquo;autres \u00c9tats d\u00e9mocrates, mais contest\u00e9e par le pr\u00e9sident Donald Trump et son Parti r\u00e9publicain qui d\u00e9noncent ce qu&rsquo;ils estiment \u00eatre un diktat pour l&rsquo;ensemble des \u00c9tats-Unis.<\/p>\n<p class=\"fig-paragraph\">La Californie compte le plus grand nombre de voitures \u00e9lectriques du pays et b\u00e9n\u00e9ficie depuis plus d&rsquo;un demi-si\u00e8cle de d\u00e9rogations qui lui permettent de fixer des normes environnementales plus strictes que la l\u00e9gislation f\u00e9d\u00e9rale. L&rsquo;\u00c9tat de l&rsquo;Ouest am\u00e9ricain a ainsi pouss\u00e9 de longue date les constructeurs automobiles \u00e0 fabriquer des voitures respectant ses normes d&rsquo;\u00e9mission et vendues partout aux \u00c9tats-Unis.<\/p>\n","protected":false},"excerpt":{"rendered":"Le pr\u00e9sident am\u00e9ricain s\u2019en prend frontalement \u00e0 la politique environnementale de cet \u00c9tat d\u00e9mocrate \u00e9rig\u00e9 en \u00e9pouvantail, en&hellip;\n","protected":false},"author":2,"featured_media":172262,"comment_status":"","ping_status":"","sticky":false,"template":"","format":"standard","meta":{"footnotes":""},"categories":[6],"tags":[339,340,35,343,345,350,130,344,352,349,75,33,34,341,313,73,1011,27,346,342,353,351,347,348,354,3889],"class_list":{"0":"post-172261","1":"post","2":"type-post","3":"status-publish","4":"format-standard","5":"has-post-thumbnail","7":"category-economie","8":"tag-actualite-economique","9":"tag-bourse","10":"tag-business","11":"tag-cac-40","12":"tag-chef-dentreprise","13":"tag-concurrence","14":"tag-consommation","15":"tag-creation-dentreprise","16":"tag-crise","17":"tag-delocalisations","18":"tag-donald-trump","19":"tag-economie","20":"tag-economy","21":"tag-emploi","22":"tag-entreprises","23":"tag-etats-unis","24":"tag-fr","25":"tag-france","26":"tag-grands-patrons","27":"tag-impots","28":"tag-licenciements","29":"tag-monopole","30":"tag-multinationales","31":"tag-privatisation","32":"tag-unio","33":"tag-voitures-electriques"},"share_on_mastodon":{"url":"https:\/\/pubeurope.com\/@fr\/114673633505571514","error":""},"_links":{"self":[{"href":"https:\/\/www.europesays.com\/fr\/wp-json\/wp\/v2\/posts\/172261","targetHints":{"allow":["GET"]}}],"collection":[{"href":"https:\/\/www.europesays.com\/fr\/wp-json\/wp\/v2\/posts"}],"about":[{"href":"https:\/\/www.europesays.com\/fr\/wp-json\/wp\/v2\/types\/post"}],"author":[{"embeddable":true,"href":"https:\/\/www.europesays.com\/fr\/wp-json\/wp\/v2\/users\/2"}],"replies":[{"embeddable":true,"href":"https:\/\/www.europesays.com\/fr\/wp-json\/wp\/v2\/comments?post=172261"}],"version-history":[{"count":0,"href":"https:\/\/www.europesays.com\/fr\/wp-json\/wp\/v2\/posts\/172261\/revisions"}],"wp:featuredmedia":[{"embeddable":true,"href":"https:\/\/www.europesays.com\/fr\/wp-json\/wp\/v2\/media\/172262"}],"wp:attachment":[{"href":"https:\/\/www.europesays.com\/fr\/wp-json\/wp\/v2\/media?parent=172261"}],"wp:term":[{"taxonomy":"category","embeddable":true,"href":"https:\/\/www.europesays.com\/fr\/wp-json\/wp\/v2\/categories?post=172261"},{"taxonomy":"post_tag","embeddable":true,"href":"https:\/\/www.europesays.com\/fr\/wp-json\/wp\/v2\/tags?post=172261"}],"curies":[{"name":"wp","href":"https:\/\/api.w.org\/{rel}","templated":true}]}}