{"id":172280,"date":"2025-06-13T02:23:15","date_gmt":"2025-06-13T02:23:15","guid":{"rendered":"https:\/\/www.europesays.com\/fr\/172280\/"},"modified":"2025-06-13T02:23:15","modified_gmt":"2025-06-13T02:23:15","slug":"accident-sur-la709-un-vehicule-en-feu-des-bouchons-a-prevoir","status":"publish","type":"post","link":"https:\/\/www.europesays.com\/fr\/172280\/","title":{"rendered":"accident sur l&rsquo;A709, un v\u00e9hicule en feu, des bouchons \u00e0 pr\u00e9voir"},"content":{"rendered":"<p>\n\t\t\t\t\tUn accident s&rsquo;est d\u00e9roul\u00e9 autour de 16h15 ce jeudi, sur l&rsquo;autoroute A709 qui dessert le centre de Montpellier. \t\t\t\t<\/p>\n<p>\n\t\t\t\t\t\t\t\t\t\u00a9 DR \u2013 Accident de v\u00e9lo.\t\t\t\t\t\t\t\t<\/p>\n<p>L\u2019<strong>incendie d\u2019un v\u00e9hicule <\/strong>\u00e9tait en cours \u00e0 16h15 ce jeudi 12 juin, sur l\u2019A709. Le feu s\u2019est propag\u00e9 sur l\u2019accotement et la v\u00e9g\u00e9tation au KM11, apr\u00e8s <strong><a href=\"https:\/\/infoccitanie.fr\/tag\/montpellier\/\" rel=\"nofollow noopener\" target=\"_blank\">Montpellier<\/a> Est, \u00e9changeur 29. <\/strong>A 16h49, \u00e0 l\u2019arri\u00e8re, les conducteurs font face \u00e0 un embouteillage et ne peuvent rouler que sur les deux voies de gauche. Un <strong>bouchon d\u2019environ 3km<\/strong> est \u00e0 constater apr\u00e8s <strong>Vendargues, sortie 28<\/strong>. L\u2019\u00e9changeur 29, Montpellier Est, est totalement satur\u00e9 pour ceux qui souhaitent quitter l\u2019autoroute ou ceux qui souhaitent rejoindre l\u2019A709, \u00e0 proximit\u00e9 du rond point du Z\u00e9nith. Les <a href=\"https:\/\/www.google.com\/search?q=sdis+h%C3%A9rault&amp;rlz=1C1VDKB_frFR1096FR1096&amp;oq=sdis+h%C3%A9rault+&amp;gs_lcrp=EgZjaHJvbWUqCggAEAAY4wIYgAQyCggAEAAY4wIYgAQyEAgBEC4YrwEYxwEYgAQYjgUyCAgCEAAYFhgeMgoIAxAAGIAEGKIEMgcIBBAAGO8FMgoIBRAAGKIEGIkF0gEIMTI5NmowajSoAgCwAgE&amp;sourceid=chrome&amp;ie=UTF-8\" target=\"_blank\" rel=\"nofollow noopener\">pompiers <\/a>sont sur place.<\/p>\n","protected":false},"excerpt":{"rendered":"Un accident s&rsquo;est d\u00e9roul\u00e9 autour de 16h15 ce jeudi, sur l&rsquo;autoroute A709 qui dessert le centre de Montpellier.&hellip;\n","protected":false},"author":2,"featured_media":172281,"comment_status":"","ping_status":"","sticky":false,"template":"","format":"standard","meta":{"footnotes":""},"categories":[9599],"tags":[119,1111,11,1777,674,1011,27,2208,12,2680,25],"class_list":{"0":"post-172280","1":"post","2":"type-post","3":"status-publish","4":"format-standard","5":"has-post-thumbnail","7":"category-montpellier","8":"tag-accident","9":"tag-actu","10":"tag-actualites","11":"tag-eu","12":"tag-europe","13":"tag-fr","14":"tag-france","15":"tag-montpellier","16":"tag-news","17":"tag-occitanie","18":"tag-republique-francaise"},"share_on_mastodon":{"url":"https:\/\/pubeurope.com\/@fr\/114673680592463734","error":""},"_links":{"self":[{"href":"https:\/\/www.europesays.com\/fr\/wp-json\/wp\/v2\/posts\/172280","targetHints":{"allow":["GET"]}}],"collection":[{"href":"https:\/\/www.europesays.com\/fr\/wp-json\/wp\/v2\/posts"}],"about":[{"href":"https:\/\/www.europesays.com\/fr\/wp-json\/wp\/v2\/types\/post"}],"author":[{"embeddable":true,"href":"https:\/\/www.europesays.com\/fr\/wp-json\/wp\/v2\/users\/2"}],"replies":[{"embeddable":true,"href":"https:\/\/www.europesays.com\/fr\/wp-json\/wp\/v2\/comments?post=172280"}],"version-history":[{"count":0,"href":"https:\/\/www.europesays.com\/fr\/wp-json\/wp\/v2\/posts\/172280\/revisions"}],"wp:featuredmedia":[{"embeddable":true,"href":"https:\/\/www.europesays.com\/fr\/wp-json\/wp\/v2\/media\/172281"}],"wp:attachment":[{"href":"https:\/\/www.europesays.com\/fr\/wp-json\/wp\/v2\/media?parent=172280"}],"wp:term":[{"taxonomy":"category","embeddable":true,"href":"https:\/\/www.europesays.com\/fr\/wp-json\/wp\/v2\/categories?post=172280"},{"taxonomy":"post_tag","embeddable":true,"href":"https:\/\/www.europesays.com\/fr\/wp-json\/wp\/v2\/tags?post=172280"}],"curies":[{"name":"wp","href":"https:\/\/api.w.org\/{rel}","templated":true}]}}