{"id":172282,"date":"2025-06-13T02:26:15","date_gmt":"2025-06-13T02:26:15","guid":{"rendered":"https:\/\/www.europesays.com\/fr\/172282\/"},"modified":"2025-06-13T02:26:15","modified_gmt":"2025-06-13T02:26:15","slug":"isere-un-gros-pic-de-chaleur-arrive-lalerte-canicule-activee-les-secteurs-concernes","status":"publish","type":"post","link":"https:\/\/www.europesays.com\/fr\/172282\/","title":{"rendered":"Is\u00e8re. Un gros pic de chaleur arrive, l&rsquo;alerte canicule activ\u00e9e : les secteurs concern\u00e9s"},"content":{"rendered":"<p>            Par<br \/>\n        <strong><br \/>\n            <a href=\"https:\/\/actu.fr\/auteur\/julien-sournies\" title=\"Consulter tous les articles de Julien Sournies\" rel=\"nofollow noopener\" target=\"_blank\">Julien Sournies<\/a><br \/>\n        <\/strong><\/p>\n<p>        Publi\u00e9 le<\/p>\n<p>            12 juin 2025 \u00e0 10h54        <\/p>\n<p>Il ne fera pas bon de fl\u00e2ner dans les rues sans avoir de quoi se prot\u00e9ger contre les fortes chaleurs en <a href=\"https:\/\/actu.fr\/auvergne-rhone-alpes\/isere_38\" rel=\"nofollow noopener\" target=\"_blank\">Is\u00e8re<\/a>. Et pour cause\u2009: M\u00e9t\u00e9o France a plac\u00e9 le d\u00e9partement is\u00e9rois en <strong>vigilance jaune canicule<\/strong> ce jeudi 12\u00a0juin 2025 \u00e0 partir de midi.<\/p>\n<p class=\" wall-content\">Voici \u00e0 quoi s\u2019attendre et quelles seront les zones du territoire les plus impact\u00e9es.<\/p>\n<p>35\u00b0C \u00e0 Grenoble ce jeudi<\/p>\n<p class=\" wall-content\">D\u00e8s ce jeudi matin, la chaleur est d\u00e9j\u00e0 \u00e9touffante sur l\u2019ensemble du d\u00e9partement, o\u00f9 la barre des 30\u00b0C est franchie du c\u00f4t\u00e9 de <a href=\"https:\/\/actu.fr\/grenoble\/\" rel=\"nofollow noopener\" target=\"_blank\">Grenoble<\/a> notamment. Et comme pr\u00e9vu, l\u2019apr\u00e8s-midi sera encore plus \u00e9touffante. Dans la capitale des Alpes, il faudra compter <strong>jusqu\u2019\u00e0 35\u00b0C<\/strong>.<\/p>\n<p class=\" wall-content\">Plus au nord, \u00e0 proximit\u00e9 de la fronti\u00e8re avec le d\u00e9partement du Rh\u00f4ne, le thermom\u00e8tre affichera jusqu\u2019\u00e0 34\u00b0C dans les secteurs de Vienne, Roussillon ou encore La Tour-du-Pin. De fortes chaleurs qui se poursuivront jusqu\u2019en soir\u00e9e, o\u00f9 <strong>27\u00b0C<\/strong> sont notamment attendus \u00e0 Grenoble.<\/p>\n<p>Une chaleur extr\u00eame avant une d\u00e9gradation<\/p>\n<p class=\" wall-content\">Mais le pire est \u00e0 venir. En effet, la journ\u00e9e de vendredi 13\u00a0juin sera encore plus suffocante en Is\u00e8re. \u00c0 l\u2019image de la veille, il fera encore tr\u00e8s chaud \u00e0 <strong>Grenoble avec 36\u00b0C<\/strong> l\u2019apr\u00e8s-midi. \u00c0 Voiron, Vienne, Roussillon et La Tour-du-Pin, le thermom\u00e8tre affichera jusqu\u2019\u00e0 35\u00b0C, selon M\u00e9t\u00e9o France. Avant une<strong> d\u00e9gradation orageuse<\/strong> ce week-end.<\/p>\n<p>Vid\u00e9os : en ce moment sur Actu<\/p>\n<p class=\" wall-content\">Toujours d\u2019apr\u00e8s M\u00e9t\u00e9o France, des orages vont en effet \u00e9clater ce samedi 14 juin, sur les secteurs de Grenoble, Theys, Villard-de-Lans et Valjouffrey \u00e0 partir de l\u2019apr\u00e8s-midi.<\/p>\n<p class=\" wall-content\">Quant \u00e0 la journ\u00e9e de dimanche 15\u00a0juin, le ph\u00e9nom\u00e8ne orageux va s\u2019\u00e9tendre sur l\u2019ensemble du d\u00e9partement is\u00e9rois jusqu\u2019en fin de soir\u00e9e.<\/p>\n<p class=\" wall-content\">Suivez toute l\u2019actualit\u00e9 de vos villes et m\u00e9dias favoris en vous inscrivant \u00e0 <a href=\"https:\/\/moncompte.actu.fr\" title=\"D\u00e9couvez Mon Actu\" rel=\"nofollow noopener\" data-trk=\"{&quot;cta&quot;:{&quot;action&quot;:&quot;https:\\\/\\\/moncompte.actu.fr&quot;,&quot;category&quot;:&quot;mon compte&quot;,&quot;from&quot;:&quot;article footer&quot;,&quot;name&quot;:&quot;Mon actu&quot;,&quot;type&quot;:&quot;cta&quot;}}\" target=\"_blank\">Mon Actu<\/a>.<\/p>\n","protected":false},"excerpt":{"rendered":"Par Julien Sournies Publi\u00e9 le 12 juin 2025 \u00e0 10h54 Il ne fera pas bon de fl\u00e2ner dans&hellip;\n","protected":false},"author":2,"featured_media":136048,"comment_status":"","ping_status":"","sticky":false,"template":"","format":"standard","meta":{"footnotes":""},"categories":[9566],"tags":[1111,11,2430,6698,1777,674,1011,27,2731,2487,2357,12,25,15637],"class_list":{"0":"post-172282","1":"post","2":"type-post","3":"status-publish","4":"format-standard","5":"has-post-thumbnail","7":"category-grenoble","8":"tag-actu","9":"tag-actualites","10":"tag-auvergne-rhone-alpes","11":"tag-canicule","12":"tag-eu","13":"tag-europe","14":"tag-fr","15":"tag-france","16":"tag-grenoble","17":"tag-meteo","18":"tag-meteo-france","19":"tag-news","20":"tag-republique-francaise","21":"tag-vague-de-chaleur"},"share_on_mastodon":{"url":"https:\/\/pubeurope.com\/@fr\/114673692645155755","error":""},"_links":{"self":[{"href":"https:\/\/www.europesays.com\/fr\/wp-json\/wp\/v2\/posts\/172282","targetHints":{"allow":["GET"]}}],"collection":[{"href":"https:\/\/www.europesays.com\/fr\/wp-json\/wp\/v2\/posts"}],"about":[{"href":"https:\/\/www.europesays.com\/fr\/wp-json\/wp\/v2\/types\/post"}],"author":[{"embeddable":true,"href":"https:\/\/www.europesays.com\/fr\/wp-json\/wp\/v2\/users\/2"}],"replies":[{"embeddable":true,"href":"https:\/\/www.europesays.com\/fr\/wp-json\/wp\/v2\/comments?post=172282"}],"version-history":[{"count":0,"href":"https:\/\/www.europesays.com\/fr\/wp-json\/wp\/v2\/posts\/172282\/revisions"}],"wp:featuredmedia":[{"embeddable":true,"href":"https:\/\/www.europesays.com\/fr\/wp-json\/wp\/v2\/media\/136048"}],"wp:attachment":[{"href":"https:\/\/www.europesays.com\/fr\/wp-json\/wp\/v2\/media?parent=172282"}],"wp:term":[{"taxonomy":"category","embeddable":true,"href":"https:\/\/www.europesays.com\/fr\/wp-json\/wp\/v2\/categories?post=172282"},{"taxonomy":"post_tag","embeddable":true,"href":"https:\/\/www.europesays.com\/fr\/wp-json\/wp\/v2\/tags?post=172282"}],"curies":[{"name":"wp","href":"https:\/\/api.w.org\/{rel}","templated":true}]}}