{"id":172286,"date":"2025-06-13T02:29:24","date_gmt":"2025-06-13T02:29:24","guid":{"rendered":"https:\/\/www.europesays.com\/fr\/172286\/"},"modified":"2025-06-13T02:29:24","modified_gmt":"2025-06-13T02:29:24","slug":"avec-rennes-a-la-pagaie-voguez-une-derniere-fois-sous-le-parking-vilaine-sport","status":"publish","type":"post","link":"https:\/\/www.europesays.com\/fr\/172286\/","title":{"rendered":"Avec Rennes \u00e0 la pagaie, voguez une derni\u00e8re fois sous le parking Vilaine . Sport"},"content":{"rendered":"<p>Chaque ann\u00e9e, Rennes \u00e0 la pagaie permet de vivre une aventure nautique in\u00e9dite, explorer la capitale bretonne fil de l\u2019eau<strong> \u00ab sous un angle aussi ludique qu\u2019original\u00a0\u00bb<\/strong>. Cette op\u00e9ration \u00e0 destination du grand public est organis\u00e9e par le comit\u00e9 d\u00e9partemental de cano\u00eb-kayak (CDCK35), avec les clubs locaux et les \u00e9tudiants en BTS GEA (gestion des entreprises et des administrations).<\/p>\n<p>Pendant une journ\u00e9e, samedi 14\u00a0juin 2025, il sera possible de naviguer sur la Vilaine, en centre-ville, accompagn\u00e9 par des moniteurs. La navigation se fait en cano\u00eb ou en kayak, \u00e9galement \u00e0 bord d\u2019un dragon boat, ce bateau \u00e0 t\u00eate de dragon qui emm\u00e8ne vingt pagayeurs. Deux rang\u00e9es de dix, avec un batteur qui donne le rythme et un barreur \u00e0 l\u2019arri\u00e8re.<\/p>\n<p><strong>Lire aussi : <\/strong> <a href=\"https:\/\/rennes.maville.com\/actu\/actudet_-suppression-du-parking-vilaine-a-rennes-comment-proteger-oiseaux-et-chauves-souris-_7-6843267_actu.Htm\" target=\"_blank\" rel=\"noopener\">Suppression du parking Vilaine \u00e0 Rennes : comment prot\u00e9ger oiseaux et chauves-souris ?<\/a><\/p>\n<p>\u00ab\u00a0Un moment\u00a0inoubliable \u00bb<\/p>\n<p>Pour cette cinqui\u00e8me \u00e9dition, l\u2019\u00e9v\u00e8nement rev\u00eat un caract\u00e8re tout particulier. <strong>\u00ab\u00a0C\u2019est la derni\u00e8re chance pour les participants de naviguer sous la dalle du parking Vilaine\u00a0\u00bb<\/strong>, avant <a href=\"https:\/\/rennes.maville.com\/actu\/actudet_-demolition-du-parking-pont-flottant-a-rennes-3-ans-de-travaux-pour-se-reconnecter-a-la-vilaine-_52674-6842202_actu.Htm\" target=\"_blank\" rel=\"noopener\">la d\u00e9molition pr\u00e9vue pour r\u00e9v\u00e9ler le fleuve au grand jour<\/a>. <strong>\u00ab\u00a0Ce passage spectaculaire promet d\u2019\u00eatre un moment inoubliable, \u00e0 partager en famille ou entre amis.\u00a0\u00bb<\/strong><\/p>\n<p><strong>Lire <\/strong> <strong>aussi <\/strong> <strong>: <\/strong> <a href=\"https:\/\/rennes.maville.com\/actu\/actudet_-recit.-a-rennes-comment-la-vilaine-a-disparu-sous-le-ciment-d-un-parking-dans-les-annees-1960-_52674-6483278_actu.Htm\" target=\"_blank\" rel=\"noopener\">R\u00c9CIT. \u00c0 Rennes, comment la Vilaine a disparu sous le ciment d\u2019un parking dans les ann\u00e9es 1960<\/a><\/p>\n<p>Rennes \u00e0 la pagaie ne se limite pas \u00e0 une simple balade sur l\u2019eau. <strong>\u00ab\u00a0Notre ambition est de faire d\u00e9couvrir le cano\u00eb-kayak au plus grand nombre, afin d\u2019attirer de nouveaux passionn\u00e9s au sein des clubs.\u00a0\u00bb <\/strong>En parall\u00e8le, le comit\u00e9 d\u00e9partemental souhaite r\u00e9colter des fonds <strong>\u00ab\u00a0pour investir dans du mat\u00e9riel neuf et soutenir ses actions en faveur des sports de pagaie sur le territoire\u00a0\u00bb<\/strong>.<\/p>\n<p><strong>Samedi 14\u00a0juin,<\/strong> Rennes \u00e0 la pagaie avec deux cr\u00e9neaux disponibles. Le matin, \u00e0 9\u00a0h\u00a030, d\u00e9part de la plaine de Baud et arriv\u00e9e au jardin de la Confluence. L\u2019apr\u00e8s-midi, \u00e0 14\u00a0h, m\u00eame parcours dans le sens inverse. La balade dure deux heures. Tarifs\u00a0: 18\u00a0\u20ac, 15\u00a0\u20ac pour les moins de 15\u00a0ans (activit\u00e9 accessible d\u00e8s 8\u00a0ans). R\u00e9servations aupr\u00e8s de l\u2019office de tourisme Destination Rennes.<\/p>\n<p>\u00a0<\/p>\n","protected":false},"excerpt":{"rendered":"Chaque ann\u00e9e, Rennes \u00e0 la pagaie permet de vivre une aventure nautique in\u00e9dite, explorer la capitale bretonne fil&hellip;\n","protected":false},"author":2,"featured_media":172287,"comment_status":"","ping_status":"","sticky":false,"template":"","format":"standard","meta":{"footnotes":""},"categories":[2821],"tags":[1111,11,3809,1465,829,1777,674,63,1011,27,1792,1922,12,584,25,479,3728,517,1470],"class_list":{"0":"post-172286","1":"post","2":"type-post","3":"status-publish","4":"format-standard","5":"has-post-thumbnail","7":"category-rennes","8":"tag-actu","9":"tag-actualites","10":"tag-ball","11":"tag-basket","12":"tag-bretagne","13":"tag-eu","14":"tag-europe","15":"tag-football","16":"tag-fr","17":"tag-france","18":"tag-handball","19":"tag-info","20":"tag-news","21":"tag-rennes","22":"tag-republique-francaise","23":"tag-rugby","24":"tag-saint-malo","25":"tag-sport","26":"tag-volley"},"share_on_mastodon":{"url":"https:\/\/pubeurope.com\/@fr\/114673704600669814","error":""},"_links":{"self":[{"href":"https:\/\/www.europesays.com\/fr\/wp-json\/wp\/v2\/posts\/172286","targetHints":{"allow":["GET"]}}],"collection":[{"href":"https:\/\/www.europesays.com\/fr\/wp-json\/wp\/v2\/posts"}],"about":[{"href":"https:\/\/www.europesays.com\/fr\/wp-json\/wp\/v2\/types\/post"}],"author":[{"embeddable":true,"href":"https:\/\/www.europesays.com\/fr\/wp-json\/wp\/v2\/users\/2"}],"replies":[{"embeddable":true,"href":"https:\/\/www.europesays.com\/fr\/wp-json\/wp\/v2\/comments?post=172286"}],"version-history":[{"count":0,"href":"https:\/\/www.europesays.com\/fr\/wp-json\/wp\/v2\/posts\/172286\/revisions"}],"wp:featuredmedia":[{"embeddable":true,"href":"https:\/\/www.europesays.com\/fr\/wp-json\/wp\/v2\/media\/172287"}],"wp:attachment":[{"href":"https:\/\/www.europesays.com\/fr\/wp-json\/wp\/v2\/media?parent=172286"}],"wp:term":[{"taxonomy":"category","embeddable":true,"href":"https:\/\/www.europesays.com\/fr\/wp-json\/wp\/v2\/categories?post=172286"},{"taxonomy":"post_tag","embeddable":true,"href":"https:\/\/www.europesays.com\/fr\/wp-json\/wp\/v2\/tags?post=172286"}],"curies":[{"name":"wp","href":"https:\/\/api.w.org\/{rel}","templated":true}]}}