{"id":172288,"date":"2025-06-13T02:30:38","date_gmt":"2025-06-13T02:30:38","guid":{"rendered":"https:\/\/www.europesays.com\/fr\/172288\/"},"modified":"2025-06-13T02:30:38","modified_gmt":"2025-06-13T02:30:38","slug":"da-pietro-le-plus-italien-des-restaurants-strasbourgeois","status":"publish","type":"post","link":"https:\/\/www.europesays.com\/fr\/172288\/","title":{"rendered":"Da Pietro, le plus italien des restaurants strasbourgeois"},"content":{"rendered":"<p><strong>Aujourd\u2019hui, bienvenue dans le plus italien des restaurants strasbourgeois, une affaire familiale aux accents du sud de l\u2019Italie appel\u00e9e Ristorante Italiano Da Pietro. On vous emm\u00e8ne rue du Puits, dans une p\u00e9pite de quartier qui met le fait maison et la cuisine passion au c\u0153ur de son projet.<\/strong><\/p>\n<p>En 2020, <strong>un petit restaurant italien<\/strong> d\u2019une trentaine de couverts s\u2019installait <strong>\u00e0 la place du Croque Bedaine centre<\/strong>, dans la trop discr\u00e8te rue du Puits, tout proche de la place Saint-Thomas.<\/p>\n<p>En y entrant pour la premi\u00e8re fois, on avait d\u00e9couvert <strong>toute une famille fra\u00eechement arriv\u00e9e de la ville de Bari<\/strong>, en Italie. Chacun(e) \u00e9tait \u00e0 son poste, et rien qu\u2019au nez, <strong>ce que l\u2019on allait manger nous donnait d\u00e9j\u00e0 envie.\u00a0<\/strong><\/p>\n<p>                <img width=\"667\" height=\"500\" src=\"https:\/\/www.europesays.com\/fr\/wp-content\/uploads\/2025\/06\/ristorante-italiano-da-pietro29.jpeg\" class=\"attachment-gallery size-gallery\" alt=\"Ristorante italiano da pietro29\" data-full-url=\"https:\/\/www.europesays.com\/fr\/wp-content\/uploads\/2025\/06\/ristorante-italiano-da-pietro29.jpeg\" decoding=\"async\" loading=\"lazy\"  \/>            <\/p>\n<p>                <img width=\"375\" height=\"500\" src=\"https:\/\/www.europesays.com\/fr\/wp-content\/uploads\/2025\/06\/pietro-restaurant-italien-da-pietro-img-9634-375x500.jpeg\" class=\"attachment-gallery size-gallery\" alt=\"Pietro restaurant italien da pietro IMG_9634\" data-full-url=\"https:\/\/pokaa.fr\/wp-content\/uploads\/2025\/06\/12\/pietro-restaurant-italien-da-pietro-img-9634.jpeg\" decoding=\"async\" loading=\"lazy\"  \/>            <\/p>\n<p>                <img width=\"375\" height=\"500\" src=\"https:\/\/www.europesays.com\/fr\/wp-content\/uploads\/2025\/06\/pietro-restaurant-italien-da-pietro-img-9798-375x500.jpeg\" class=\"attachment-gallery size-gallery\" alt=\"Pietro restaurant italien da pietro IMG_9798\" data-full-url=\"https:\/\/pokaa.fr\/wp-content\/uploads\/2025\/06\/12\/pietro-restaurant-italien-da-pietro-img-9798.jpeg\" decoding=\"async\" loading=\"lazy\"  \/>            <\/p>\n<p>                <img width=\"375\" height=\"500\" src=\"https:\/\/www.europesays.com\/fr\/wp-content\/uploads\/2025\/06\/pietro-restaurant-italien-da-pietro-img-9780-375x500.jpeg\" class=\"attachment-gallery size-gallery\" alt=\"Pietro restaurant italien da pietro IMG_9780\" data-full-url=\"https:\/\/pokaa.fr\/wp-content\/uploads\/2025\/06\/12\/pietro-restaurant-italien-da-pietro-img-9780.jpeg\" decoding=\"async\" loading=\"lazy\"  \/>            <\/p>\n<p>                <img width=\"375\" height=\"500\" src=\"https:\/\/www.europesays.com\/fr\/wp-content\/uploads\/2025\/06\/pietro-restaurant-italien-da-pietro-img-9746-375x500.jpeg\" class=\"attachment-gallery size-gallery\" alt=\"Pietro restaurant italien da pietro IMG_9746\" data-full-url=\"https:\/\/pokaa.fr\/wp-content\/uploads\/2025\/06\/12\/pietro-restaurant-italien-da-pietro-img-9746.jpeg\" decoding=\"async\" loading=\"lazy\"  \/>            <\/p>\n<p>                    \u00a9 Bastien Pietronave \/ Pokaa<\/p>\n<p><strong>Danilo<\/strong>, le fils,<strong> Silvana<\/strong>, la maman et cheffe p\u00e2tissi\u00e8re, et enfin <strong>Pietro<\/strong>, le chef de cuisine, avaient ramen\u00e9 <strong>leur personnalit\u00e9<\/strong>, bien tranch\u00e9e, et<strong> leurs plus belles recettes.<\/strong><\/p>\n<p>Au bout de quelques semaines seulement, <strong>le succ\u00e8s \u00e9tait d\u00e9j\u00e0 au rendez-vous<\/strong>, et les Strasbourgeois(es) ont commenc\u00e9 \u00e0 venir de loin pour<strong> go\u00fbter \u00e0 une cuisine\u00a0qui se fait tr\u00e8s peu \u00e0 Strasbourg.<\/strong><\/p>\n<p>Chez \u00ab Da Pietro \u00bb, ils et elles ont d\u00e9couvert <strong>une cuisine de go\u00fbt, traditionnelle, familiale et sans chichis<\/strong>, qui puise ses racines<strong> dans le c\u0153ur de l\u2019Italie.<\/strong><\/p>\n<p>                <img width=\"375\" height=\"500\" src=\"https:\/\/www.europesays.com\/fr\/wp-content\/uploads\/2025\/06\/pietro-restaurant-italien-da-pietro-img-9694-375x500.jpeg\" class=\"attachment-gallery size-gallery\" alt=\"Pietro restaurant italien da pietro IMG_9694\" data-full-url=\"https:\/\/pokaa.fr\/wp-content\/uploads\/2025\/06\/12\/pietro-restaurant-italien-da-pietro-img-9694.jpeg\" decoding=\"async\" loading=\"lazy\"  \/>            <\/p>\n<p>                <img width=\"375\" height=\"500\" src=\"https:\/\/www.europesays.com\/fr\/wp-content\/uploads\/2025\/06\/pietro-restaurant-italien-da-pietro-img-9807-2-375x500.jpeg\" class=\"attachment-gallery size-gallery\" alt=\"Pietro restaurant italien da pietro IMG_9807 2\" data-full-url=\"https:\/\/pokaa.fr\/wp-content\/uploads\/2025\/06\/12\/pietro-restaurant-italien-da-pietro-img-9807-2.jpeg\" decoding=\"async\" loading=\"lazy\"  \/>            <\/p>\n<p>                <img width=\"375\" height=\"500\" src=\"https:\/\/www.europesays.com\/fr\/wp-content\/uploads\/2025\/06\/pietro-restaurant-italien-da-pietro-img-9678-375x500.jpeg\" class=\"attachment-gallery size-gallery\" alt=\"Pietro restaurant italien da pietro IMG_9678\" data-full-url=\"https:\/\/pokaa.fr\/wp-content\/uploads\/2025\/06\/12\/pietro-restaurant-italien-da-pietro-img-9678.jpeg\" decoding=\"async\" loading=\"lazy\"  \/>            <\/p>\n<p>                <img width=\"375\" height=\"500\" src=\"https:\/\/www.europesays.com\/fr\/wp-content\/uploads\/2025\/06\/pietro-restaurant-italien-da-pietro-img-9602-375x500.jpeg\" class=\"attachment-gallery size-gallery\" alt=\"Pietro restaurant italien da pietro IMG_9602\" data-full-url=\"https:\/\/pokaa.fr\/wp-content\/uploads\/2025\/06\/12\/pietro-restaurant-italien-da-pietro-img-9602.jpeg\" decoding=\"async\" loading=\"lazy\"  \/>            <\/p>\n<p>                <img width=\"375\" height=\"500\" src=\"https:\/\/www.europesays.com\/fr\/wp-content\/uploads\/2025\/06\/pietro-restaurant-italien-da-pietro-img-9707-375x500.jpeg\" class=\"attachment-gallery size-gallery\" alt=\"Pietro restaurant italien da pietro IMG_9707\" data-full-url=\"https:\/\/pokaa.fr\/wp-content\/uploads\/2025\/06\/12\/pietro-restaurant-italien-da-pietro-img-9707.jpeg\" decoding=\"async\" loading=\"lazy\"  \/>            <\/p>\n<p>                    \u00a9 Bastien Pietronave \/ Pokaa<\/p>\n<p>Un vrai bout d\u2019Italie qui ram\u00e8ne la mer en Alsace <\/p>\n<p>\u00ab\u00a0Da Pietro\u00a0\u00bb, c\u2019est <strong>un restaurant comme on en fait plus<\/strong>. Des nappes blanches, un aquarium \u00e0 homards, des tableaux qui reprennent les photos du pays,<strong> un peu de simplicit\u00e9 fait du bien, et de kitsch aussi !<\/strong><\/p>\n<p>C\u2019est vrai qu\u2019ici, l\u2019important, <strong>ce sont \u00e0 la fois les visages du lieu et ce que l\u2019on retrouve dans l\u2019assiette<\/strong>, et l\u00e0, \u00e7a met tout le monde d\u2019accord depuis 5 ans, et que \u00e7a passe vite\u2026<\/p>\n<p>                <img width=\"375\" height=\"500\" src=\"https:\/\/www.europesays.com\/fr\/wp-content\/uploads\/2025\/06\/pietro-restaurant-italien-da-pietro-img-9761-375x500.jpeg\" class=\"attachment-gallery size-gallery\" alt=\"Pietro restaurant italien da pietro IMG_9761\" data-full-url=\"https:\/\/pokaa.fr\/wp-content\/uploads\/2025\/06\/12\/pietro-restaurant-italien-da-pietro-img-9761.jpeg\" decoding=\"async\" loading=\"lazy\"  \/>            <\/p>\n<p>                <img width=\"375\" height=\"500\" src=\"https:\/\/www.europesays.com\/fr\/wp-content\/uploads\/2025\/06\/pietro-restaurant-italien-da-pietro-img-9769-2-375x500.jpeg\" class=\"attachment-gallery size-gallery\" alt=\"Pietro restaurant italien da pietro IMG_9769 2\" data-full-url=\"https:\/\/pokaa.fr\/wp-content\/uploads\/2025\/06\/12\/pietro-restaurant-italien-da-pietro-img-9769-2.jpeg\" decoding=\"async\" loading=\"lazy\"  \/>            <\/p>\n<p>                <img width=\"375\" height=\"500\" src=\"https:\/\/www.europesays.com\/fr\/wp-content\/uploads\/2025\/06\/pietro-restaurant-italien-da-pietro-img-9672-2-375x500.jpeg\" class=\"attachment-gallery size-gallery\" alt=\"Pietro restaurant italien da pietro IMG_9672 2\" data-full-url=\"https:\/\/pokaa.fr\/wp-content\/uploads\/2025\/06\/12\/pietro-restaurant-italien-da-pietro-img-9672-2.jpeg\" decoding=\"async\" loading=\"lazy\"  \/>            <\/p>\n<p>                <img width=\"375\" height=\"500\" src=\"https:\/\/www.europesays.com\/fr\/wp-content\/uploads\/2025\/06\/pietro-restaurant-italien-da-pietro-img-9716-375x500.jpeg\" class=\"attachment-gallery size-gallery\" alt=\"Pietro restaurant italien da pietro IMG_9716\" data-full-url=\"https:\/\/pokaa.fr\/wp-content\/uploads\/2025\/06\/12\/pietro-restaurant-italien-da-pietro-img-9716.jpeg\" decoding=\"async\" loading=\"lazy\"  \/>            <\/p>\n<p>                <img width=\"375\" height=\"500\" src=\"https:\/\/www.europesays.com\/fr\/wp-content\/uploads\/2025\/06\/pietro-restaurant-italien-da-pietro-img-9757-2-375x500.jpeg\" class=\"attachment-gallery size-gallery\" alt=\"Pietro restaurant italien da pietro IMG_9757 2\" data-full-url=\"https:\/\/pokaa.fr\/wp-content\/uploads\/2025\/06\/12\/pietro-restaurant-italien-da-pietro-img-9757-2.jpeg\" decoding=\"async\" loading=\"lazy\"  \/>            <\/p>\n<p>                    \u00a9 Bastien Pietronave \/ Pokaa<\/p>\n<p>Oubliez les pizzas et les clich\u00e9s sur l\u2019Italie, ici, on mange comme \u00e0 Bari, et toute la famille est aux petits soins pour proposer<strong> des plats cuisin\u00e9s avec une r\u00e9elle passion<\/strong>, et \u00e7a se sent tout de suite.<\/p>\n<p>Pietro, le chef, est <strong>fier des produits qu\u2019il propose<\/strong>, de ses poissons frais, <strong>des p\u00e2tes qui sont faites maison<\/strong>, et de<strong> la pr\u00e9sentation toujours impeccable<\/strong> de ses assiettes. Plus discr\u00e8te, concentr\u00e9e \u00e0 la t\u00e2che, <strong>Silvana pr\u00e9pare le pain<\/strong>, fait monter la cr\u00e8me p\u00e2tissi\u00e8re, et<strong> g\u00e8re avec exigence la valse des desserts.<\/strong><\/p>\n<p>                <img width=\"375\" height=\"500\" src=\"https:\/\/www.europesays.com\/fr\/wp-content\/uploads\/2025\/06\/pietro-restaurant-italien-da-pietro-img-9662-375x500.jpeg\" class=\"attachment-gallery size-gallery\" alt=\"Pietro restaurant italien da pietro IMG_9662\" data-full-url=\"https:\/\/pokaa.fr\/wp-content\/uploads\/2025\/06\/12\/pietro-restaurant-italien-da-pietro-img-9662.jpeg\" decoding=\"async\" loading=\"lazy\"  \/>            <\/p>\n<p>                <img width=\"375\" height=\"500\" src=\"https:\/\/www.europesays.com\/fr\/wp-content\/uploads\/2025\/06\/pietro-restaurant-italien-da-pietro-img-9668-375x500.jpeg\" class=\"attachment-gallery size-gallery\" alt=\"Pietro restaurant italien da pietro IMG_9668\" data-full-url=\"https:\/\/pokaa.fr\/wp-content\/uploads\/2025\/06\/12\/pietro-restaurant-italien-da-pietro-img-9668.jpeg\" decoding=\"async\" loading=\"lazy\"  \/>            <\/p>\n<p>                <img width=\"375\" height=\"500\" src=\"https:\/\/www.europesays.com\/fr\/wp-content\/uploads\/2025\/06\/pietro-restaurant-italien-da-pietro-img-9812-2-375x500.jpeg\" class=\"attachment-gallery size-gallery\" alt=\"Pietro restaurant italien da pietro IMG_9812 2\" data-full-url=\"https:\/\/pokaa.fr\/wp-content\/uploads\/2025\/06\/12\/pietro-restaurant-italien-da-pietro-img-9812-2.jpeg\" decoding=\"async\" loading=\"lazy\"  \/>            <\/p>\n<p>                <img width=\"375\" height=\"500\" src=\"https:\/\/www.europesays.com\/fr\/wp-content\/uploads\/2025\/06\/pietro-restaurant-italien-da-pietro-img-9680-375x500.jpeg\" class=\"attachment-gallery size-gallery\" alt=\"Pietro restaurant italien da pietro IMG_9680\" data-full-url=\"https:\/\/pokaa.fr\/wp-content\/uploads\/2025\/06\/12\/pietro-restaurant-italien-da-pietro-img-9680.jpeg\" decoding=\"async\" loading=\"lazy\"  \/>            <\/p>\n<p>                    \u00a9 Bastien Pietronave \/ Pokaa<\/p>\n<p><strong>Tagliatelles de thon rouge marin\u00e9 aux agrumes et au poivre rose<\/strong> ; couteaux gratin\u00e9s aux herbes sauvages ; caprese de calamars r\u00f4tis aux tomates et au pesto de basilic ; carpaccio de bar marin\u00e9 ; <strong>linguine aux moules<\/strong> ; raviolis verts farcis ou spaghetti au rago\u00fbt de poulpe, <strong>tout \u00e7a sonne comme une douce po\u00e9sie !<\/strong><\/p>\n<p>En plus du pain, des p\u00e2tes, des desserts ou des sauces qui sont faits maison, les chef(fe)s portent une vraie attention \u00e0 chaque assiette, il et elle prennent du plaisir \u00e0 <strong>nous faire d\u00e9couvrir des saveurs et des associations parfois\u00a0<\/strong><b>\u00e9tonnantes<\/b>. On se r\u00e9gale, tout simplement.<\/p>\n<p>                <img width=\"375\" height=\"500\" src=\"https:\/\/www.europesays.com\/fr\/wp-content\/uploads\/2025\/06\/pietro-restaurant-italien-da-pietro-img-9790-375x500.jpeg\" class=\"attachment-gallery size-gallery\" alt=\"Pietro restaurant italien da pietro IMG_9790\" data-full-url=\"https:\/\/pokaa.fr\/wp-content\/uploads\/2025\/06\/12\/pietro-restaurant-italien-da-pietro-img-9790.jpeg\" decoding=\"async\" loading=\"lazy\"  \/>            <\/p>\n<p>                <img width=\"375\" height=\"500\" src=\"https:\/\/www.europesays.com\/fr\/wp-content\/uploads\/2025\/06\/pietro-restaurant-italien-da-pietro-img-9773-2-375x500.jpeg\" class=\"attachment-gallery size-gallery\" alt=\"Pietro restaurant italien da pietro IMG_9773 2\" data-full-url=\"https:\/\/pokaa.fr\/wp-content\/uploads\/2025\/06\/12\/pietro-restaurant-italien-da-pietro-img-9773-2.jpeg\" decoding=\"async\" loading=\"lazy\"  \/>            <\/p>\n<p>                <img width=\"375\" height=\"500\" src=\"https:\/\/www.europesays.com\/fr\/wp-content\/uploads\/2025\/06\/pietro-restaurant-italien-da-pietro-img-9736-2-375x500.jpeg\" class=\"attachment-gallery size-gallery\" alt=\"Pietro restaurant italien da pietro IMG_9736 2\" data-full-url=\"https:\/\/pokaa.fr\/wp-content\/uploads\/2025\/06\/12\/pietro-restaurant-italien-da-pietro-img-9736-2.jpeg\" decoding=\"async\" loading=\"lazy\"  \/>            <\/p>\n<p>                <img width=\"888\" height=\"500\" src=\"https:\/\/www.europesays.com\/fr\/wp-content\/uploads\/2025\/06\/pietro-restaurant-italien-da-pietro-3c620990-353b-490b-abd3-41dca5b99cc0-888x500.jpeg\" class=\"attachment-gallery size-gallery\" alt=\"Pietro restaurant italien da pietro 3c620990-353b-490b-abd3-41dca5b99cc0\" data-full-url=\"https:\/\/pokaa.fr\/wp-content\/uploads\/2025\/06\/12\/pietro-restaurant-italien-da-pietro-3c620990-353b-490b-abd3-41dca5b99cc0.jpeg\" decoding=\"async\" loading=\"lazy\"  \/>            <\/p>\n<p>                    \u00a9 Bastien Pietronave \/ Pokaa<\/p>\n<p>Pour le voyage,<strong> pour les papilles qui sont titill\u00e9es<\/strong>, pour l\u2019accueil qui nous est fait,<strong> mais aussi pour l\u2019experience d\u2019un vrai moment de cuisine partag\u00e9<\/strong>, on aime beaucoup cette adresse, <strong>sinc\u00e8re et fi\u00e8re.<\/strong><\/p>\n<p>    <img width=\"800\" height=\"600\" src=\"https:\/\/www.europesays.com\/fr\/wp-content\/uploads\/2025\/06\/pietro-restaurant-italien-da-pietro-img-9724-800x600.jpeg\" class=\"attachment-image-size-L size-image-size-L\" alt=\"Pietro restaurant italien da pietro IMG_9724\" decoding=\"async\" loading=\"lazy\"  \/>         \u00a9 Bastien Pietronave \/ Pokaa <\/p>\n<p>Les petits et gros + <\/p>\n<ul>\n<li><strong>Le restaurant f\u00eate (seulement) ses 5 ans, on a l\u2019impression qu\u2019il a toujours \u00e9t\u00e9 l\u00e0, et la qualit\u00e9 est toujours au rendez-vous.<\/strong><\/li>\n<li><strong>Les midis, le menu du jour (entr\u00e9e + plat + dessert) est \u00e0 22,50 \u20ac.<\/strong><\/li>\n<li>Les plats sont juste d\u00e9licieux, et ils racontent une certaine Italie que l\u2019on a moins l\u2019habitude de voir.<\/li>\n<li><strong>Les poissons et les fruits de mer sont mis en avant de la meilleure des mani\u00e8res.<\/strong><\/li>\n<li>Les desserts sont vraiment originaux, et ils sont pr\u00e9par\u00e9s avec amour (mais finissez-les, sinon Silvana sera un peu triste).<\/li>\n<li><strong>C\u2019est l\u2019un des meilleurs restaurants de poissons et de fruits de mer de la ville.<\/strong><\/li>\n<li><strong>Une petite terrasse est en place dans cette rue tr\u00e8s calme.<\/strong><\/li>\n<li>On adore taper la discute avec Danilo, Silvana et Pietro, une famille vraiment attachante.<\/li>\n<li>Il y a la clim dans la salle !<\/li>\n<\/ul>\n<p>            Da Pietro <\/p>\n<p>            Quoi ?<br \/>\n            Restaurant italien         <\/p>\n<p>            o\u00f9 ?<br \/>\n            3 rue du Puits, \u00e0 Strasbourg         <\/p>\n<p>                Plus d&rsquo;infos ?<\/p>\n<p><strong><a href=\"https:\/\/www.google.com\/url?sa=t&amp;source=web&amp;rct=j&amp;opi=89978449&amp;url=https:\/\/www.ristoranteitalianodapietro.com\/fr\/&amp;ved=2ahUKEwi7v_TqhuyNAxV1UKQEHX_MJ9UQFnoECEkQAQ&amp;usg=AOvVaw3fngmHc1FaIU6QxPjbGRPB\" target=\"_blank\" rel=\"noopener\">Le site web<\/a><\/strong><\/p>\n<p><strong><a href=\"https:\/\/www.google.com\/url?sa=t&amp;source=web&amp;rct=j&amp;opi=89978449&amp;url=https:\/\/www.facebook.com\/p\/Ristorante-italiano-da-Pietro-100063740281464\/%3Flocale%3Dfr_FR&amp;ved=2ahUKEwjqvLmEh-yNAxULWqQEHXgeINEQFnoECAwQAQ&amp;usg=AOvVaw3hoY2Es66ZHuI2Zp1JWAPx\" target=\"_blank\" rel=\"noopener\">La page Facebook<\/a><\/strong><\/p>\n<p><strong><a href=\"https:\/\/www.google.com\/url?sa=t&amp;source=web&amp;rct=j&amp;opi=89978449&amp;url=https:\/\/www.instagram.com\/ristorante_italiano_da_pietro\/p\/DIf7d7bs0R3\/&amp;ved=2ahUKEwjMkpaXh-yNAxVvUaQEHaA8Mp0QFnoECB0QAQ&amp;usg=AOvVaw0ystCEBG6PJx_gzPl4fs5p\" target=\"_blank\" rel=\"noopener\">La page Instagram<\/a><\/strong><\/p>\n<p><strong>T\u00e9l : 03 88 16 57 30<\/strong><\/p>\n<p>                <img width=\"375\" height=\"500\" src=\"https:\/\/www.europesays.com\/fr\/wp-content\/uploads\/2025\/06\/pietro-restaurant-italien-da-pietro-img-9807-2-375x500.jpeg\" class=\"attachment-gallery size-gallery\" alt=\"Pietro restaurant italien da pietro IMG_9807 2\" data-full-url=\"https:\/\/pokaa.fr\/wp-content\/uploads\/2025\/06\/12\/pietro-restaurant-italien-da-pietro-img-9807-2.jpeg\" decoding=\"async\" loading=\"lazy\"  \/>            <\/p>\n<p>                <img width=\"375\" height=\"500\" src=\"https:\/\/www.europesays.com\/fr\/wp-content\/uploads\/2025\/06\/pietro-restaurant-italien-da-pietro-img-9819-2-375x500.jpeg\" class=\"attachment-gallery size-gallery\" alt=\"Pietro restaurant italien da pietro IMG_9819 2\" data-full-url=\"https:\/\/pokaa.fr\/wp-content\/uploads\/2025\/06\/12\/pietro-restaurant-italien-da-pietro-img-9819-2.jpeg\" decoding=\"async\" loading=\"lazy\"  \/>            <\/p>\n<p>                <img width=\"667\" height=\"500\" src=\"https:\/\/www.europesays.com\/fr\/wp-content\/uploads\/2025\/06\/pietro-restaurant-italien-da-pietro-img-9778-667x500.jpeg\" class=\"attachment-gallery size-gallery\" alt=\"Pietro restaurant italien da pietro IMG_9778\" data-full-url=\"https:\/\/pokaa.fr\/wp-content\/uploads\/2025\/06\/12\/pietro-restaurant-italien-da-pietro-img-9778.jpeg\" decoding=\"async\" loading=\"lazy\"  \/>            <\/p>\n<p>                <img width=\"375\" height=\"500\" src=\"https:\/\/www.europesays.com\/fr\/wp-content\/uploads\/2025\/06\/pietro-restaurant-italien-da-pietro-img-9682-375x500.jpeg\" class=\"attachment-gallery size-gallery\" alt=\"Pietro restaurant italien da pietro IMG_9682\" data-full-url=\"https:\/\/pokaa.fr\/wp-content\/uploads\/2025\/06\/12\/pietro-restaurant-italien-da-pietro-img-9682.jpeg\" decoding=\"async\" loading=\"lazy\"  \/>            <\/p>\n<p>                <img width=\"375\" height=\"500\" src=\"https:\/\/www.europesays.com\/fr\/wp-content\/uploads\/2025\/06\/pietro-restaurant-italien-da-pietro-img-9655-375x500.jpeg\" class=\"attachment-gallery size-gallery\" alt=\"Pietro restaurant italien da pietro IMG_9655\" data-full-url=\"https:\/\/pokaa.fr\/wp-content\/uploads\/2025\/06\/12\/pietro-restaurant-italien-da-pietro-img-9655.jpeg\" decoding=\"async\" loading=\"lazy\"  \/>            <\/p>\n<p>                <img width=\"375\" height=\"500\" src=\"https:\/\/www.europesays.com\/fr\/wp-content\/uploads\/2025\/06\/pietro-restaurant-italien-da-pietro-img-9647-375x500.jpeg\" class=\"attachment-gallery size-gallery\" alt=\"Pietro restaurant italien da pietro IMG_9647\" data-full-url=\"https:\/\/pokaa.fr\/wp-content\/uploads\/2025\/06\/12\/pietro-restaurant-italien-da-pietro-img-9647.jpeg\" decoding=\"async\" loading=\"lazy\"  \/>            <\/p>\n<p>                <img width=\"667\" height=\"500\" src=\"https:\/\/www.europesays.com\/fr\/wp-content\/uploads\/2025\/06\/pietro-restaurant-italien-da-pietro-img-9628-667x500.jpeg\" class=\"attachment-gallery size-gallery\" alt=\"Pietro restaurant italien da pietro IMG_9628\" data-full-url=\"https:\/\/pokaa.fr\/wp-content\/uploads\/2025\/06\/12\/pietro-restaurant-italien-da-pietro-img-9628.jpeg\" decoding=\"async\" loading=\"lazy\"  \/>            <\/p>\n<p>                <img width=\"375\" height=\"500\" src=\"https:\/\/www.europesays.com\/fr\/wp-content\/uploads\/2025\/06\/da-pietro-fruits-de-merimg-9635-375x500.jpeg\" class=\"attachment-gallery size-gallery\" alt=\"Da pietro fruits de merIMG_9635\" data-full-url=\"https:\/\/pokaa.fr\/wp-content\/uploads\/2025\/06\/12\/da-pietro-fruits-de-merimg-9635.jpeg\" decoding=\"async\" loading=\"lazy\"  \/>            <\/p>\n<p>                <img width=\"281\" height=\"500\" src=\"https:\/\/www.europesays.com\/fr\/wp-content\/uploads\/2025\/06\/pietro-restaurant-italien-da-pietro-0d85244d-ea79-4507-96d4-f467088368dd-281x500.jpeg\" class=\"attachment-gallery size-gallery\" alt=\"Pietro restaurant italien da pietro 0d85244d-ea79-4507-96d4-f467088368dd\" data-full-url=\"https:\/\/pokaa.fr\/wp-content\/uploads\/2025\/06\/12\/pietro-restaurant-italien-da-pietro-0d85244d-ea79-4507-96d4-f467088368dd.jpeg\" decoding=\"async\" loading=\"lazy\"  \/>            <\/p>\n<p>                    \u00a9 Bastien Pietronave \/ Pokaa<\/p>\n<p><script async src=\"\/\/www.instagram.com\/embed.js\"><\/script><\/p>\n","protected":false},"excerpt":{"rendered":"Aujourd\u2019hui, bienvenue dans le plus italien des restaurants strasbourgeois, une affaire familiale aux accents du sud de l\u2019Italie&hellip;\n","protected":false},"author":2,"featured_media":172289,"comment_status":"","ping_status":"","sticky":false,"template":"","format":"standard","meta":{"footnotes":""},"categories":[2820],"tags":[1111,11,30717,1777,674,1011,27,30718,775,28354,12,10711,25,1340,640],"class_list":{"0":"post-172288","1":"post","2":"type-post","3":"status-publish","4":"format-standard","5":"has-post-thumbnail","7":"category-strasbourg","8":"tag-actu","9":"tag-actualites","10":"tag-da-pietro","11":"tag-eu","12":"tag-europe","13":"tag-fr","14":"tag-france","15":"tag-fruits-de-mer","16":"tag-grand-est","17":"tag-italien","18":"tag-news","19":"tag-poisson","20":"tag-republique-francaise","21":"tag-restaurant","22":"tag-strasbourg"},"share_on_mastodon":{"url":"https:\/\/pubeurope.com\/@fr\/114673709271332482","error":""},"_links":{"self":[{"href":"https:\/\/www.europesays.com\/fr\/wp-json\/wp\/v2\/posts\/172288","targetHints":{"allow":["GET"]}}],"collection":[{"href":"https:\/\/www.europesays.com\/fr\/wp-json\/wp\/v2\/posts"}],"about":[{"href":"https:\/\/www.europesays.com\/fr\/wp-json\/wp\/v2\/types\/post"}],"author":[{"embeddable":true,"href":"https:\/\/www.europesays.com\/fr\/wp-json\/wp\/v2\/users\/2"}],"replies":[{"embeddable":true,"href":"https:\/\/www.europesays.com\/fr\/wp-json\/wp\/v2\/comments?post=172288"}],"version-history":[{"count":0,"href":"https:\/\/www.europesays.com\/fr\/wp-json\/wp\/v2\/posts\/172288\/revisions"}],"wp:featuredmedia":[{"embeddable":true,"href":"https:\/\/www.europesays.com\/fr\/wp-json\/wp\/v2\/media\/172289"}],"wp:attachment":[{"href":"https:\/\/www.europesays.com\/fr\/wp-json\/wp\/v2\/media?parent=172288"}],"wp:term":[{"taxonomy":"category","embeddable":true,"href":"https:\/\/www.europesays.com\/fr\/wp-json\/wp\/v2\/categories?post=172288"},{"taxonomy":"post_tag","embeddable":true,"href":"https:\/\/www.europesays.com\/fr\/wp-json\/wp\/v2\/tags?post=172288"}],"curies":[{"name":"wp","href":"https:\/\/api.w.org\/{rel}","templated":true}]}}