{"id":172290,"date":"2025-06-13T02:31:12","date_gmt":"2025-06-13T02:31:12","guid":{"rendered":"https:\/\/www.europesays.com\/fr\/172290\/"},"modified":"2025-06-13T02:31:12","modified_gmt":"2025-06-13T02:31:12","slug":"des-engagements-pour-poursuivre-la-transition-ecologique","status":"publish","type":"post","link":"https:\/\/www.europesays.com\/fr\/172290\/","title":{"rendered":"\u200b\u200b\u200b\u200b\u200b\u200b\u200bDes engagements pour poursuivre la transition \u00e9cologique"},"content":{"rendered":"<p class=\"st-surtitre\">\n            L\u2019Ademe et l\u2019Eurom\u00e9tropole ont sign\u00e9 le 12 juin un contrat d\u2019objectif territorial, dot\u00e9 d\u2019un maximum de 350 000 euros.\n        <\/p>\n<p><img loading=\"lazy\" decoding=\"async\" alt=\"\" data-fileentryid=\"537322802\" height=\"400\" src=\"https:\/\/www.europesays.com\/fr\/wp-content\/uploads\/2025\/06\/ademe_interieur-jpg.jpeg\" style=\"margin:10px; float:left\" width=\"600\"\/>C\u2019est en bordure du parc du Heyritz, au sein du jardin d\u00e9monstrateur de <a href=\"https:\/\/www.sikle.fr\/\" rel=\"nofollow noopener\" target=\"_blank\">Sikle<\/a>, que se sont retrouv\u00e9s les signataires de la convention liant pour quatre ans <a href=\"https:\/\/www.ademe.fr\/\" rel=\"nofollow noopener\" target=\"_blank\">l\u2019Agence de la transition \u00e9cologique<\/a> (Ademe) et l\u2019Eurom\u00e9tropole de Strasbourg. R\u00e9duction des d\u00e9chets, pr\u00e9servation de la qualit\u00e9 de l\u2019air et r\u00e9duction de la consommation d\u2019\u00e9nergie par l\u2019utilisation d\u2019une mobilit\u00e9 d\u00e9carbon\u00e9e, \u00e9conomie circulaire, cr\u00e9ation d\u2019emplois\u00a0: soutenue par la collectivit\u00e9 d\u00e8s sa cr\u00e9ation, l\u2019activit\u00e9 de l\u2019association Silke, qui collecte \u00e0 v\u00e9lo les d\u00e9chets alimentaires aupr\u00e8s des professionnels pour les recycler en compost r\u00e9utilis\u00e9 dans les jardins nourriciers, \u201cd\u00e9montre qu\u2019on peut allier \u00e9conomie et \u00e9cologie\u201d, souligne Jeanne Barseghian, maire de Strasbourg. \u201cCe projet exemplaire illustre beaucoup des composantes de la transition \u00e9cologique qui mobilisent notre collectivit\u00e9 et s\u2019inscrivent dans le contrat d\u2019objectifs territorial sign\u00e9 aujourd\u2019hui\u201d, poursuit la pr\u00e9sidente d\u00e9l\u00e9gu\u00e9e de l\u2019Eurom\u00e9tropole.<\/p>\n<p><b>Enjeux partag\u00e9s<\/b><\/p>\n<p>Celui-ci pr\u00e9voit un engagement r\u00e9ciproque jusqu\u2019en 2029, qui s\u2019inscrit dans le cadre du label Territoire engag\u00e9 en transition \u00e9cologique. L\u2019Ademe apportera un financement de 75 000 \u20ac minimum, pouvant monter jusqu\u2019\u00e0 350 000\u20ac, pour soutenir les politiques de la collectivit\u00e9. Les progr\u00e8s de la m\u00e9tropole seront mesur\u00e9s \u00e0 l\u2019aune de l\u2019am\u00e9lioration de ses scores sur les volets Climat-air-\u00e9nergie et <a href=\"https:\/\/www.strasbourg.eu\/-\/label-tete-economie-circulaire-032025\" rel=\"nofollow noopener\" target=\"_blank\">Economie circulaire du label<\/a>. En ligne de mire\u00a0: le renforcement de la strat\u00e9gie solaire, le d\u00e9veloppement des \u00e9nergies renouvelables, la r\u00e9novation des b\u00e2timents, la poursuite des actions de r\u00e9duction des d\u00e9chets, la mise en place de fili\u00e8res d\u2019\u00e9conomie circulaire comme pour les biod\u00e9chets ou le recyclage des mat\u00e9riaux du BTP. \u201cDerri\u00e8re les indicateurs et les chiffres, il y a des actions publiques qui ont du sens, rappelle Pia Imbs, pr\u00e9sidente de l\u2019Eurom\u00e9tropole. Malgr\u00e9 les craintes qui p\u00e8sent sur l\u2019avenir des zones \u00e0 faibles \u00e9missions ou les aides \u00e9tatiques \u00e0 la r\u00e9novation des logements, notre d\u00e9marche de transition \u00e9cologique avance.\u201d\u00a0\u00a0<\/p>\n<p>Partageant les m\u00eames inqui\u00e9tudes de contexte, Sylvain Waserman, le pr\u00e9sident directeur g\u00e9n\u00e9ral de l\u2019Ademe, se veut rassurant\u00a0: \u201cLes enqu\u00eates et les retours de terrain montrent que les enjeux environnementaux sont largement partag\u00e9s par les citoyens, les entreprises et les collectivit\u00e9s, dont les actions essaiment.\u201d A sa suite, Samuel Bouju, le repr\u00e9sentant du pr\u00e9fet, rench\u00e9rit sur le r\u00f4le pilote de l\u2019\u00e9chelon local\u00a0: \u201cLe contrat d\u2019objectif territorial n\u2019est pas que financier, les m\u00e9thodologies d\u00e9velopp\u00e9es par les acteurs locaux ont aussi un effet levier sur la transition \u00e9cologique.\u201d Partager les enjeux mais surtout les solutions, c\u2019est aussi l\u2019objet des <a href=\"https:\/\/assises-energie.org\/%22%20%5Ct%20%22_blank\" rel=\"nofollow noopener\" target=\"_blank\">Assises europ\u00e9ennes de la transition \u00e9cologique<\/a> dont la <a href=\"https:\/\/assises-energie.org\/le-off-strasbourg-2025\/\" rel=\"nofollow noopener\" target=\"_blank\">programmation Off<\/a> d\u00e9marre le 13 juin.<\/p>\n<p>St\u00e9phanie Peuri\u00e8re<br \/>Photos J\u00e9r\u00f4me Dorkel<\/p>\n","protected":false},"excerpt":{"rendered":"L\u2019Ademe et l\u2019Eurom\u00e9tropole ont sign\u00e9 le 12 juin un contrat d\u2019objectif territorial, dot\u00e9 d\u2019un maximum de 350 000&hellip;\n","protected":false},"author":2,"featured_media":172291,"comment_status":"","ping_status":"","sticky":false,"template":"","format":"standard","meta":{"footnotes":""},"categories":[2820],"tags":[1111,11,30719,436,1777,674,1011,27,775,12,25,640,24438],"class_list":{"0":"post-172290","1":"post","2":"type-post","3":"status-publish","4":"format-standard","5":"has-post-thumbnail","7":"category-strasbourg","8":"tag-actu","9":"tag-actualites","10":"tag-agenda-2030","11":"tag-environnement","12":"tag-eu","13":"tag-europe","14":"tag-fr","15":"tag-france","16":"tag-grand-est","17":"tag-news","18":"tag-republique-francaise","19":"tag-strasbourg","20":"tag-ville-a-vivre"},"share_on_mastodon":{"url":"https:\/\/pubeurope.com\/@fr\/114673712161366934","error":""},"_links":{"self":[{"href":"https:\/\/www.europesays.com\/fr\/wp-json\/wp\/v2\/posts\/172290","targetHints":{"allow":["GET"]}}],"collection":[{"href":"https:\/\/www.europesays.com\/fr\/wp-json\/wp\/v2\/posts"}],"about":[{"href":"https:\/\/www.europesays.com\/fr\/wp-json\/wp\/v2\/types\/post"}],"author":[{"embeddable":true,"href":"https:\/\/www.europesays.com\/fr\/wp-json\/wp\/v2\/users\/2"}],"replies":[{"embeddable":true,"href":"https:\/\/www.europesays.com\/fr\/wp-json\/wp\/v2\/comments?post=172290"}],"version-history":[{"count":0,"href":"https:\/\/www.europesays.com\/fr\/wp-json\/wp\/v2\/posts\/172290\/revisions"}],"wp:featuredmedia":[{"embeddable":true,"href":"https:\/\/www.europesays.com\/fr\/wp-json\/wp\/v2\/media\/172291"}],"wp:attachment":[{"href":"https:\/\/www.europesays.com\/fr\/wp-json\/wp\/v2\/media?parent=172290"}],"wp:term":[{"taxonomy":"category","embeddable":true,"href":"https:\/\/www.europesays.com\/fr\/wp-json\/wp\/v2\/categories?post=172290"},{"taxonomy":"post_tag","embeddable":true,"href":"https:\/\/www.europesays.com\/fr\/wp-json\/wp\/v2\/tags?post=172290"}],"curies":[{"name":"wp","href":"https:\/\/api.w.org\/{rel}","templated":true}]}}