{"id":172294,"date":"2025-06-13T02:33:12","date_gmt":"2025-06-13T02:33:12","guid":{"rendered":"https:\/\/www.europesays.com\/fr\/172294\/"},"modified":"2025-06-13T02:33:12","modified_gmt":"2025-06-13T02:33:12","slug":"le-sommet-de-nice-sacheve-avec-un-cap-clair-sur-la-haute-mer-lexpress","status":"publish","type":"post","link":"https:\/\/www.europesays.com\/fr\/172294\/","title":{"rendered":"le sommet de Nice s&rsquo;ach\u00e8ve, avec un cap clair sur la haute mer \u2013 L&rsquo;Express"},"content":{"rendered":"<p class=\"paragraph article-body-paragraph article__item   article-body-paragraph--first \">Un durcissement du ton sur l&rsquo;exploitation mini\u00e8re des fonds marins a marqu\u00e9 le sommet, qui a r\u00e9uni sur la C\u00f4te d&rsquo;Azur une soixantaine de dirigeants du monde entier. Mais des reculs sur les \u00e9nergies fossiles et des d\u00e9ceptions sur la protection des aires marines ont laiss\u00e9 un go\u00fbt d&rsquo;inachev\u00e9 aux d\u00e9fenseurs de l\u2019environnement ou aux dirigeants d\u2019Etats insulaires. <\/p>\n<p> Une acc\u00e9l\u00e9ration sur la haute mer <\/p>\n<p class=\"paragraph article-body-paragraph article__item   \">Salu\u00e9e par tous, la ratification du trait\u00e9 sur la haute mer par une cinquantaine de pays, act\u00e9e lundi \u00e0 Nice, permet d&rsquo;esp\u00e9rer une entr\u00e9e en vigueur rapide de cet accord international destin\u00e9 \u00e0 mieux prot\u00e9ger les eaux internationales (au-del\u00e0 de 200 milles marins des c\u00f4tes, soit 370 km).<\/p>\n<p class=\"paragraph article-body-paragraph article__item   \">Rebecca Hubbard, de la High Seas Alliance, un regroupement d&rsquo;une cinquantaine d&rsquo;ONG, a salu\u00e9 un progr\u00e8s incroyable. Mais nous devons garder le pied sur l&rsquo;acc\u00e9l\u00e9rateur, a-t-elle pr\u00e9venu, alors que le trait\u00e9 n&rsquo;entrera en application que 120 jours apr\u00e8s le d\u00e9p\u00f4t de la 60e ratification.<\/p>\n<p class=\"paragraph article-body-paragraph article__item   \">La France n&rsquo;a pas r\u00e9ussi \u00e0 atteindre ce chiffre cl\u00e9 \u00e0 Nice, comme souhait\u00e9 par le pr\u00e9sident fran\u00e7ais Emmanuel Macron. Mais il y a eu une mobilisation d\u00e9mente, se r\u00e9jouit Romain Troubl\u00e9, directeur de la Fondation Tara Oc\u00e9an.<\/p>\n<p class=\"paragraph article-body-paragraph article__item   \">Une vraie acc\u00e9l\u00e9ration, abonde Fran\u00e7ois Chartier, de Greenpeace. A priori, le trait\u00e9 va \u00eatre finalis\u00e9 avant la fin de l&rsquo;ann\u00e9e et on va pouvoir travailler sur les premi\u00e8res aires marines prot\u00e9g\u00e9es en haute mer.<\/p>\n<p> Le ton monte sur l&rsquo;exploitation mini\u00e8re <\/p>\n<p class=\"paragraph article-body-paragraph article__item   \">D\u00e8s l&rsquo;ouverture du sommet, les dirigeants de la plan\u00e8te ont durci le ton face \u00e0 la d\u00e9cision de Donald Trump de lancer unilat\u00e9ralement l&rsquo;exploitation des nodules polym\u00e9talliques dans les eaux internationales du Pacifique.<\/p>\n<p><img decoding=\"async\" src=\"https:\/\/www.europesays.com\/fr\/wp-content\/uploads\/2025\/06\/1749781990_402_WVYRYNKLZVHWPPF7TOV73M23AU.jpg\" class=\"image-with-legend__cover-img\" alt=\"L'exploitation mini\u00e8re des fonds marins\" width=\"883\" height=\"0\" loading=\"lazy\"\/><\/p>\n<p class=\"image-with-legend__legend\">L&rsquo;exploitation mini\u00e8re des fonds marins<\/p>\n<p class=\"image-with-legend__credits\"> \u00a9  \/ afp.com\/Jonathan WALTER, Paz PIZARRO, Laurence SAUBADU<\/p>\n<p class=\"paragraph article-body-paragraph article__item   \">Les abysses ne sont pas \u00e0 vendre, a lanc\u00e9 Emmanuel Macron, parlant de folie et d&rsquo;action \u00e9conomique pr\u00e9datrice, tandis que le secr\u00e9taire g\u00e9n\u00e9ral de l&rsquo;ONU, Antonio Guterres, mettait en garde contre un nouveau Far West.<\/p>\n<p class=\"paragraph article-body-paragraph article__item   \">Cette rh\u00e9torique ferme n&rsquo;a toutefois pas permis d&rsquo;\u00e9largir sensiblement la coalition pour un moratoire sur l&rsquo;exploitation mini\u00e8re des fonds marins, pass\u00e9e de 32 \u00e0 37 pays seulement, sur les 169 \u00c9tats membres de l&rsquo;Autorit\u00e9 internationale des fonds marins (AIFM), charg\u00e9e de r\u00e9diger un code minier.<\/p>\n<p> Aires (mieux) prot\u00e9g\u00e9es <img decoding=\"async\" src=\"https:\/\/www.europesays.com\/fr\/wp-content\/uploads\/2025\/06\/C7UW5DDMMREXXISMJIF3JSSNCY.jpg\" class=\"image-with-legend__cover-img\" alt=\"Les aires marines prot\u00e9g\u00e9es dans le monde\" width=\"883\" height=\"0\" loading=\"lazy\"\/><\/p>\n<p class=\"image-with-legend__legend\">Les aires marines prot\u00e9g\u00e9es dans le monde<\/p>\n<p class=\"image-with-legend__credits\"> \u00a9  \/ afp.com\/Ioana PLESEA, Valentina BRESCHI<\/p>\n<p class=\"paragraph article-body-paragraph article__item   \">De la Colombie aux Samoa, en passant par le Portugal, la Gr\u00e8ce ou la Polyn\u00e9sie, des pays partout dans le monde ont annonc\u00e9 la cr\u00e9ation d&rsquo;aires marines prot\u00e9g\u00e9es (AMP), ou le renforcement des aires existantes, notamment en y interdisant le chalutage de fond. <\/p>\n<p class=\"paragraph article-body-paragraph article__item   \">Le monde pourrait d\u00e9passer les 10% d&rsquo;AMP \u00e0 l&rsquo;issue de la conf\u00e9rence, contre 8,34% auparavant. La faiblesse des annonces de la France, avec une limitation du chalutage de fond sur 4% seulement des eaux hexagonales, a d\u00e9\u00e7u les ONG.<\/p>\n<p> Motus sur les \u00e9nergies fossiles <img decoding=\"async\" src=\"https:\/\/www.europesays.com\/fr\/wp-content\/uploads\/2025\/06\/S2GOTA5FPND3LKGRMSPLBCUA2E.jpg\" class=\"image-with-legend__cover-img\" alt=\"Le ministre du Changement climatique du Vanuatu, Ralph Regenvanu, \u00e0 Nice le 9 juin 2025\" width=\"883\" height=\"0\" loading=\"lazy\"\/><\/p>\n<p class=\"image-with-legend__legend\">Le ministre du Changement climatique du Vanuatu, Ralph Regenvanu, \u00e0 Nice le 9 juin 2025<\/p>\n<p class=\"image-with-legend__credits\"> \u00a9  \/ afp.com\/Ludovic MARIN<\/p>\n<p class=\"paragraph article-body-paragraph article__item   \">Principales causes du r\u00e9chauffement climatique, les \u00e9nergies fossiles (gaz, p\u00e9trole et charbon) ne sont pas mentionn\u00e9es dans le projet de d\u00e9claration finale qui doit \u00eatre adopt\u00e9 vendredi. <\/p>\n<p class=\"paragraph article-body-paragraph article__item   \">Le texte pointe les effets n\u00e9fastes du changement climatique pour l&rsquo;oc\u00e9an et ses \u00e9cosyst\u00e8mes, sans pour autant plaider en faveur d&rsquo;une transition vers l&rsquo;abandon des \u00e9nergies fossiles, comme lors de la COP28 de Duba\u00ef en 2023.<\/p>\n<p class=\"paragraph article-body-paragraph article__item   \">C&rsquo;est la principale cause de la d\u00e9t\u00e9rioration des oc\u00e9ans, et nous n&rsquo;en parlons pas assez, c&rsquo;est regrettable, a estim\u00e9 Ralph Regenvanu, ministre de l&rsquo;Environnement de l&rsquo;archipel volcanique du Vanuatu, dans le Pacifique.<\/p>\n<p> Toujours pas d&rsquo;argent <\/p>\n<p class=\"paragraph article-body-paragraph article__item   \">Les 100 milliards de dollars de financement, \u00e9voqu\u00e9s par le Costa Rica avant la conf\u00e9rence de Nice, ne se sont pas mat\u00e9rialis\u00e9s.<\/p>\n<p class=\"paragraph article-body-paragraph article__item    article__text__endpicto\">Quelque 175 milliards de dollars (153 milliards d&rsquo;euros) par an sont n\u00e9cessaires pour atteindre l&rsquo;objectif de d\u00e9veloppement durable de l&rsquo;oc\u00e9an d&rsquo;ici 2030, selon un rapport du Forum \u00e9conomique mondial de 2022.<\/p>\n","protected":false},"excerpt":{"rendered":"Un durcissement du ton sur l&rsquo;exploitation mini\u00e8re des fonds marins a marqu\u00e9 le sommet, qui a r\u00e9uni sur&hellip;\n","protected":false},"author":2,"featured_media":172295,"comment_status":"","ping_status":"","sticky":false,"template":"","format":"standard","meta":{"footnotes":""},"categories":[2819],"tags":[1111,11,10944,1777,674,1011,27,12,2401,882,25],"class_list":{"0":"post-172294","1":"post","2":"type-post","3":"status-publish","4":"format-standard","5":"has-post-thumbnail","7":"category-nice","8":"tag-actu","9":"tag-actualites","10":"tag-archives","11":"tag-eu","12":"tag-europe","13":"tag-fr","14":"tag-france","15":"tag-news","16":"tag-nice","17":"tag-provence-alpes-cote-dazur","18":"tag-republique-francaise"},"share_on_mastodon":{"url":"https:\/\/pubeurope.com\/@fr\/114673719984720596","error":""},"_links":{"self":[{"href":"https:\/\/www.europesays.com\/fr\/wp-json\/wp\/v2\/posts\/172294","targetHints":{"allow":["GET"]}}],"collection":[{"href":"https:\/\/www.europesays.com\/fr\/wp-json\/wp\/v2\/posts"}],"about":[{"href":"https:\/\/www.europesays.com\/fr\/wp-json\/wp\/v2\/types\/post"}],"author":[{"embeddable":true,"href":"https:\/\/www.europesays.com\/fr\/wp-json\/wp\/v2\/users\/2"}],"replies":[{"embeddable":true,"href":"https:\/\/www.europesays.com\/fr\/wp-json\/wp\/v2\/comments?post=172294"}],"version-history":[{"count":0,"href":"https:\/\/www.europesays.com\/fr\/wp-json\/wp\/v2\/posts\/172294\/revisions"}],"wp:featuredmedia":[{"embeddable":true,"href":"https:\/\/www.europesays.com\/fr\/wp-json\/wp\/v2\/media\/172295"}],"wp:attachment":[{"href":"https:\/\/www.europesays.com\/fr\/wp-json\/wp\/v2\/media?parent=172294"}],"wp:term":[{"taxonomy":"category","embeddable":true,"href":"https:\/\/www.europesays.com\/fr\/wp-json\/wp\/v2\/categories?post=172294"},{"taxonomy":"post_tag","embeddable":true,"href":"https:\/\/www.europesays.com\/fr\/wp-json\/wp\/v2\/tags?post=172294"}],"curies":[{"name":"wp","href":"https:\/\/api.w.org\/{rel}","templated":true}]}}