{"id":172296,"date":"2025-06-13T02:34:15","date_gmt":"2025-06-13T02:34:15","guid":{"rendered":"https:\/\/www.europesays.com\/fr\/172296\/"},"modified":"2025-06-13T02:34:15","modified_gmt":"2025-06-13T02:34:15","slug":"voyage-a-nantes-2025-nouveaute-cette-annee-avec-une-avant-premiere-musicale-2","status":"publish","type":"post","link":"https:\/\/www.europesays.com\/fr\/172296\/","title":{"rendered":"Voyage \u00e0 Nantes 2025. Nouveaut\u00e9 cette ann\u00e9e, avec une avant-premi\u00e8re musicale"},"content":{"rendered":"<p>Chaque ann\u00e9e, La Nuit du VAN invite \u00e0 la d\u00e9couverte des nouvelles \u0153uvres de l\u2019\u00e9dition estivale du Voyage \u00e0 Nantes avec des interventions artistiques dans divers lieux de la ville. Pour cette \u00e9dition 2025, plac\u00e9e sous le signe de l\u2019\u00e9tranget\u00e9, la soir\u00e9e s\u2019annonce particuli\u00e8rement surprenante, fantastique, mais aussi gourmande, festive et conviviale. Cette ann\u00e9e, nouveaut\u00e9, il y aura une pr\u00e9-Nuit du VAN le vendredi 27 juin.<\/p>\n<p><a href=\"https:\/\/www.levoyageanantes.fr\/\" target=\"_blank\" rel=\"nofollow noopener\">La nuit du Voyage \u00e0 Nantes 2025, samedi 28 juin 2025<\/a> s\u2019inscrit dans le cadre de la saison Br\u00e9sil-France qui d\u00e9veloppe les \u00e9changes culturels entre les deux pays. L\u2019occasion d\u2019accro\u00eetre les liens entre Nantes et sa ville jumelle de Recife.<\/p>\n<p>\u00ab\u00a0Une musique un peu punk\u00a0\u00bb<\/p>\n<p>Sur la terrasse de Trempo, le public pourra assister \u00e0 des DJ sets de 19\u00a0h \u00e0 1\u00a0h\u00a030 le vendredi 27\u00a0juin. L\u2019artiste transdisciplinaire Lima Libra, dite Idlibra, viendra de Recife pour travailler en r\u00e9sidence \u00e0 Tremp aux c\u00f4t\u00e9s de la Nantaise Aasana (co-programmatrice du club Macadam). En cl\u00f4ture de cette r\u00e9sidence, les deux artistes se produiront le temps d\u2019une soir\u00e9e qui se terminera en back to back. La Nantaise, dont la grand-m\u00e8re est originaire de Recife produit \u00a0une musique un peu punk depuis quelques ann\u00e9es\u00a0. Elles seront aussi rejointes sur sc\u00e8ne par P\u00f6, qui va tous les ans au Br\u00e9sil et A\u00efnoha, qui est originaire de Sao-Paolo. Une belle occasion de prendre le tempo de la Nuit du Van.<\/p>\n<p>\u00a0<\/p>\n","protected":false},"excerpt":{"rendered":"Chaque ann\u00e9e, La Nuit du VAN invite \u00e0 la d\u00e9couverte des nouvelles \u0153uvres de l\u2019\u00e9dition estivale du Voyage&hellip;\n","protected":false},"author":2,"featured_media":171559,"comment_status":"","ping_status":"","sticky":false,"template":"","format":"standard","meta":{"footnotes":""},"categories":[2818],"tags":[17,1111,11,5648,10903,1777,674,1011,27,3724,766,12,7193,2636,25,586],"class_list":{"0":"post-172296","1":"post","2":"type-post","3":"status-publish","4":"format-standard","5":"has-post-thumbnail","7":"category-nantes","8":"tag-17","9":"tag-actu","10":"tag-actualites","11":"tag-annee","12":"tag-avant-premiere","13":"tag-eu","14":"tag-europe","15":"tag-fr","16":"tag-france","17":"tag-musicale","18":"tag-nantes","19":"tag-news","20":"tag-nouveaute","21":"tag-pays-de-la-loire","22":"tag-republique-francaise","23":"tag-voyage"},"share_on_mastodon":{"url":"https:\/\/pubeurope.com\/@fr\/114673723889251160","error":""},"_links":{"self":[{"href":"https:\/\/www.europesays.com\/fr\/wp-json\/wp\/v2\/posts\/172296","targetHints":{"allow":["GET"]}}],"collection":[{"href":"https:\/\/www.europesays.com\/fr\/wp-json\/wp\/v2\/posts"}],"about":[{"href":"https:\/\/www.europesays.com\/fr\/wp-json\/wp\/v2\/types\/post"}],"author":[{"embeddable":true,"href":"https:\/\/www.europesays.com\/fr\/wp-json\/wp\/v2\/users\/2"}],"replies":[{"embeddable":true,"href":"https:\/\/www.europesays.com\/fr\/wp-json\/wp\/v2\/comments?post=172296"}],"version-history":[{"count":0,"href":"https:\/\/www.europesays.com\/fr\/wp-json\/wp\/v2\/posts\/172296\/revisions"}],"wp:featuredmedia":[{"embeddable":true,"href":"https:\/\/www.europesays.com\/fr\/wp-json\/wp\/v2\/media\/171559"}],"wp:attachment":[{"href":"https:\/\/www.europesays.com\/fr\/wp-json\/wp\/v2\/media?parent=172296"}],"wp:term":[{"taxonomy":"category","embeddable":true,"href":"https:\/\/www.europesays.com\/fr\/wp-json\/wp\/v2\/categories?post=172296"},{"taxonomy":"post_tag","embeddable":true,"href":"https:\/\/www.europesays.com\/fr\/wp-json\/wp\/v2\/tags?post=172296"}],"curies":[{"name":"wp","href":"https:\/\/api.w.org\/{rel}","templated":true}]}}