{"id":172307,"date":"2025-06-13T02:40:17","date_gmt":"2025-06-13T02:40:17","guid":{"rendered":"https:\/\/www.europesays.com\/fr\/172307\/"},"modified":"2025-06-13T02:40:17","modified_gmt":"2025-06-13T02:40:17","slug":"feminicide-de-patricia-gomit-letat-assigne-pour-faute-lourde-par-la-famille","status":"publish","type":"post","link":"https:\/\/www.europesays.com\/fr\/172307\/","title":{"rendered":"F\u00e9minicide de Patricia Gomit\u00a0: l\u2019\u00c9tat assign\u00e9 pour \u00ab\u00a0faute lourde\u00a0\u00bb par la famille"},"content":{"rendered":"<p>L\u2019\u00c9tat a \u00e9t\u00e9 assign\u00e9 pour \u00ab\u00a0faute lourde\u00a0\u00bb devant le tribunal judiciaire de Paris, par la famille de Patricia Gomit, <a href=\"https:\/\/niort.maville.com\/actu\/actudet_-feminicide-tuee-dans-son-sommeil-en-deux-sevres-elle-disait-vivre-un-enfer-avec-son-ex-conjoint-_53158-6644039_actu.Htm\" target=\"_blank\" rel=\"noopener\">assassin\u00e9e \u00e0 51\u00a0ans \u00e0 Val-en-Vignes (Deux-S\u00e8vres) par son ex-conjoint<\/a> en juin\u00a02022, rapport l\u2019AFP. Au proc\u00e8s en janvier dernier devant la cour d\u2019assises des Deux-S\u00e8vres, l\u2019avocate g\u00e9n\u00e9rale avait \u00e9voqu\u00e9 la personnalit\u00e9 de l\u2019accus\u00e9, <strong>\u00ab\u00a0de type psychopathique avec une forte impulsivit\u00e9, sans empathie et sans culpabilit\u00e9\u00a0\u00bb.<\/strong> \u00c2g\u00e9 de 58\u00a0ans, Yunus Cosgun a \u00e9t\u00e9 condamn\u00e9 \u00e0 <a href=\"https:\/\/niort.maville.com\/actu\/actudet_-feminicide-en-deux-sevres-trente-ans-de-reclusion-pour-un-homme-qui-a-tue-son-ex-compagne-_54135-6645677_actu.Htm\" target=\"_blank\" rel=\"noopener\">trente ans de prison assortie d\u2019une p\u00e9riode de s\u00fbret\u00e9 de vingt ans<\/a>.<\/p>\n<p>Une peine jug\u00e9e insuffisante par les quatre filles et par le gendre de la victime, qui veulent faire reconna\u00eetre des dysfonctionnements tout au long de la cha\u00eene judiciaire.<\/p>\n<p>Une plainte class\u00e9e sans suite<\/p>\n<p>Dans son assignation, Me Fabien Arakelia, l\u2019avocat de la famille de Patricia Gomit, rappelle que cette derni\u00e8re avait port\u00e9 plainte \u00e0 la gendarmerie un mois avant sa mort, d\u00e9non\u00e7ant des violences physiques, verbales et psychologiques r\u00e9p\u00e9t\u00e9es, ainsi que des viols et des menaces de mort de la part de Yunus Cosgun. La plainte avait \u00e9t\u00e9 class\u00e9e sans suite malgr\u00e9 une incapacit\u00e9 totale de travail de trois jours d\u00e9livr\u00e9e \u00e0 l\u2019auxiliaire de vie sociale par un service hospitalier.<\/p>\n<p><strong>\u00ab\u00a0Vous avez une plaignante qui se d\u00e9place et qui vient dire \u201cje suis viol\u00e9e depuis de nombreuses ann\u00e9es, je suis violent\u00e9e\u201d avec un certificat m\u00e9dical et il n\u2019y a m\u00eame pas le d\u00e9but d\u2019une r\u00e9ponse judiciaire \u00bb,<\/strong> regrette l\u2019avocat. <strong>\u00ab\u00a0Si elle avait \u00e9t\u00e9 prise au s\u00e9rieux, elle serait encore parmi nous\u00a0! Il faut se r\u00e9veiller, les discours, les bonnes intentions c\u2019est bien, mais la pratique c\u2019est mieux.\u00a0\u00bb <\/strong><\/p>\n<p>Pour Me Fabien Arakelia, les gendarmes <strong>\u00ab\u00a0ne sont pas assez form\u00e9s\u00a0\u00bb<\/strong> \u00e0 ces situations.<\/p>\n<p>L\u2019\u00c9tat d\u00e9j\u00e0 condamn\u00e9 pour un cas similaire<\/p>\n<p>D\u00e9but juin, <a href=\"https:\/\/lille.maville.com\/actu\/actudet_-feminicide-de-nathalie-debaillie-l-etat-est-condamne-pour-faute-lourde-par-le-tribunal-de-paris-_12679-6838949_actu.Htm\" target=\"_blank\" rel=\"noopener\">l\u2019\u00c9tat a d\u00e9j\u00e0 \u00e9t\u00e9 condamn\u00e9 pour \u00ab\u00a0faute lourde\u00a0\u00bb<\/a>. Il a d\u00fb verser 27\u00a0000\u00a0\u20ac, au titre du pr\u00e9judice moral, \u00e0 la famille de Nathalie Debaillie, assassin\u00e9e par son ex-conjoint \u00e0 Lille en mai\u00a02019, contre lequel elle avait d\u00e9pos\u00e9 trois mains courantes et une plainte. Aucune de ses plaintes n\u2019avait \u00e9t\u00e9 enregistr\u00e9e et transmise au parquet.<\/p>\n<p>\u00a0<\/p>\n","protected":false},"excerpt":{"rendered":"L\u2019\u00c9tat a \u00e9t\u00e9 assign\u00e9 pour \u00ab\u00a0faute lourde\u00a0\u00bb devant le tribunal judiciaire de Paris, par la famille de Patricia&hellip;\n","protected":false},"author":2,"featured_media":172308,"comment_status":"","ping_status":"","sticky":false,"template":"","format":"standard","meta":{"footnotes":""},"categories":[2815],"tags":[1111,11,30723,16309,1777,674,652,28962,3555,1011,27,30722,811,1307,30724,12,16794,25],"class_list":{"0":"post-172307","1":"post","2":"type-post","3":"status-publish","4":"format-standard","5":"has-post-thumbnail","7":"category-lille","8":"tag-actu","9":"tag-actualites","10":"tag-assigne","11":"tag-etat","12":"tag-eu","13":"tag-europe","14":"tag-famille","15":"tag-faute","16":"tag-feminicide","17":"tag-fr","18":"tag-france","19":"tag-gomit","20":"tag-hauts-de-france","21":"tag-lille","22":"tag-lourde","23":"tag-news","24":"tag-patricia","25":"tag-republique-francaise"},"share_on_mastodon":{"url":"https:\/\/pubeurope.com\/@fr\/114673747476047109","error":""},"_links":{"self":[{"href":"https:\/\/www.europesays.com\/fr\/wp-json\/wp\/v2\/posts\/172307","targetHints":{"allow":["GET"]}}],"collection":[{"href":"https:\/\/www.europesays.com\/fr\/wp-json\/wp\/v2\/posts"}],"about":[{"href":"https:\/\/www.europesays.com\/fr\/wp-json\/wp\/v2\/types\/post"}],"author":[{"embeddable":true,"href":"https:\/\/www.europesays.com\/fr\/wp-json\/wp\/v2\/users\/2"}],"replies":[{"embeddable":true,"href":"https:\/\/www.europesays.com\/fr\/wp-json\/wp\/v2\/comments?post=172307"}],"version-history":[{"count":0,"href":"https:\/\/www.europesays.com\/fr\/wp-json\/wp\/v2\/posts\/172307\/revisions"}],"wp:featuredmedia":[{"embeddable":true,"href":"https:\/\/www.europesays.com\/fr\/wp-json\/wp\/v2\/media\/172308"}],"wp:attachment":[{"href":"https:\/\/www.europesays.com\/fr\/wp-json\/wp\/v2\/media?parent=172307"}],"wp:term":[{"taxonomy":"category","embeddable":true,"href":"https:\/\/www.europesays.com\/fr\/wp-json\/wp\/v2\/categories?post=172307"},{"taxonomy":"post_tag","embeddable":true,"href":"https:\/\/www.europesays.com\/fr\/wp-json\/wp\/v2\/tags?post=172307"}],"curies":[{"name":"wp","href":"https:\/\/api.w.org\/{rel}","templated":true}]}}