{"id":172311,"date":"2025-06-13T02:42:14","date_gmt":"2025-06-13T02:42:14","guid":{"rendered":"https:\/\/www.europesays.com\/fr\/172311\/"},"modified":"2025-06-13T02:42:14","modified_gmt":"2025-06-13T02:42:14","slug":"6-stations-de-la-ligne-t3-du-tram-non-desservies-depuis-plusieurs-heures-ce-jeudi","status":"publish","type":"post","link":"https:\/\/www.europesays.com\/fr\/172311\/","title":{"rendered":"6 stations de la ligne T3 du tram non desservies depuis plusieurs heures ce jeudi"},"content":{"rendered":"<p>\u00c0 <a href=\"https:\/\/www.laprovence.com\/\" target=\"_blank\" rel=\"noopener\">Marseille<\/a>, <strong>6 stations de la ligne T3 du tram ne sont pas desservies de Arenc Le Silo \u00e0 Belsunce Alcazar. Il s&rsquo;agit de Eurom\u00e9diterran\u00e9e Gant\u00e8s, Joliette, R\u00e9publique Dames et Sadi Carnot.<\/strong> Le trafic a \u00e9t\u00e9 interrompu une partie de la journ\u00e9e de ce jeudi 13 juin. La RTM indique un \u00ab\u00a0incident ind\u00e9pendant de (notre) volont\u00e9 \u00e0 hauteur d&rsquo;Arenc Le Silo\u00a0\u00bb.\u00a0<\/p>\n<p>La RTM pr\u00e9cise par ailleurs que \u00ab\u00a0la ligne circule uniquement entre Cours Saint-Louis et Rome Dragon\u00a0\u00bb et que \u00ab\u00a0la ligne sera r\u00e9tablie d\u00e8s que les conditions le permettront\u00a0\u00bb.\u00a0<\/p>\n<p>Pour rappel, la station Castellane n&rsquo;est pas desservie en raison des travaux de prolongement du tramway.<\/p>\n","protected":false},"excerpt":{"rendered":"\u00c0 Marseille, 6 stations de la ligne T3 du tram ne sont pas desservies de Arenc Le Silo&hellip;\n","protected":false},"author":2,"featured_media":172312,"comment_status":"","ping_status":"","sticky":false,"template":"","format":"standard","meta":{"footnotes":""},"categories":[2814],"tags":[17,1111,11,394,29588,1777,674,1011,27,3052,884,12,2828,882,16,25,8400,2221],"class_list":{"0":"post-172311","1":"post","2":"type-post","3":"status-publish","4":"format-standard","5":"has-post-thumbnail","7":"category-marseille","8":"tag-17","9":"tag-actu","10":"tag-actualites","11":"tag-depuis","12":"tag-desservies","13":"tag-eu","14":"tag-europe","15":"tag-fr","16":"tag-france","17":"tag-ligne","18":"tag-marseille","19":"tag-news","20":"tag-non","21":"tag-provence-alpes-cote-dazur","22":"tag-region","23":"tag-republique-francaise","24":"tag-stations","25":"tag-tram"},"share_on_mastodon":{"url":"https:\/\/pubeurope.com\/@fr\/114673755362110969","error":""},"_links":{"self":[{"href":"https:\/\/www.europesays.com\/fr\/wp-json\/wp\/v2\/posts\/172311","targetHints":{"allow":["GET"]}}],"collection":[{"href":"https:\/\/www.europesays.com\/fr\/wp-json\/wp\/v2\/posts"}],"about":[{"href":"https:\/\/www.europesays.com\/fr\/wp-json\/wp\/v2\/types\/post"}],"author":[{"embeddable":true,"href":"https:\/\/www.europesays.com\/fr\/wp-json\/wp\/v2\/users\/2"}],"replies":[{"embeddable":true,"href":"https:\/\/www.europesays.com\/fr\/wp-json\/wp\/v2\/comments?post=172311"}],"version-history":[{"count":0,"href":"https:\/\/www.europesays.com\/fr\/wp-json\/wp\/v2\/posts\/172311\/revisions"}],"wp:featuredmedia":[{"embeddable":true,"href":"https:\/\/www.europesays.com\/fr\/wp-json\/wp\/v2\/media\/172312"}],"wp:attachment":[{"href":"https:\/\/www.europesays.com\/fr\/wp-json\/wp\/v2\/media?parent=172311"}],"wp:term":[{"taxonomy":"category","embeddable":true,"href":"https:\/\/www.europesays.com\/fr\/wp-json\/wp\/v2\/categories?post=172311"},{"taxonomy":"post_tag","embeddable":true,"href":"https:\/\/www.europesays.com\/fr\/wp-json\/wp\/v2\/tags?post=172311"}],"curies":[{"name":"wp","href":"https:\/\/api.w.org\/{rel}","templated":true}]}}