{"id":172314,"date":"2025-06-13T02:44:19","date_gmt":"2025-06-13T02:44:19","guid":{"rendered":"https:\/\/www.europesays.com\/fr\/172314\/"},"modified":"2025-06-13T02:44:19","modified_gmt":"2025-06-13T02:44:19","slug":"bon-ete-a-toutes-et-tous","status":"publish","type":"post","link":"https:\/\/www.europesays.com\/fr\/172314\/","title":{"rendered":"Bon \u00e9t\u00e9 \u00e0 toutes et tous !"},"content":{"rendered":"<p>C\u2019est la derni\u00e8re de la saison et nous vous souhaitons un Bel \u00e9t\u00e9\u00a0! La musique prend toute sa place avec <strong>Guillaume <\/strong>qui<strong> <\/strong>re\u00e7oit une partie du groupe <strong>Foes &amp; Darlings<\/strong>.<strong> Thomas<\/strong> nous fait la lecture d\u2019un extrait de \u00ab\u00a0Sereine\u00a0\u00bb sign\u00e9 <strong>Christian Chavassieux. <\/strong>Et Nous terminons avec nos G\u00e9d\u00e9ons\u00a0!<\/p>\n<p><strong>Ennemis et ch\u00e9ris<\/strong><\/p>\n<p>Nous d\u00e9butons <strong>Guillaume<\/strong> et ses invit\u00e9s <strong>F<a href=\"https:\/\/foesanddarlings.bandcamp.com\/music\" rel=\"nofollow noopener\" target=\"_blank\">oes &amp; Darlings<\/a><\/strong>. Groupe \u00ab\u00a0v\u00e9t\u00e9ran\u00a0\u00bb de la sc\u00e8ne lyonnaise. <strong>Julien SnF<\/strong> et ses acolytes. Font sonner leurs influences entre les\u00a0<strong>Beatles<\/strong>\u00a0et les\u00a0<strong>Kinks<\/strong>. Avec malice et plaisir le groupe sait placer ce qu\u2019il faut pour nous entrainer dans leur sillage\u00a0! Le groupe embrasse des th\u00e9matiques plus en phase avec les adversit\u00e9s de la sagesse naissante que nous tentons tous de d\u00e9poussi\u00e9rer pour retrouver la patine brillante de notre jeunesse.\u00a0<strong>Foes &amp; Darlings\u00a0<\/strong>ou le plaisir de faire de la musique cheveux au vent, de ne pas quitter cet amour de jeunesse grav\u00e9 au fer rouge, celui d\u2019une pop qui entre imm\u00e9diate et douce sophistication a marqu\u00e9 l\u2019histoire de la musique, et la leur assur\u00e9ment. <a href=\"https:\/\/www.groomlyon.com\/agenda\/release-party-foes-darlings-dj-set-mr-day\/\" rel=\"nofollow noopener\" target=\"_blank\">En concert le 19 juin au groom<\/a>.<\/p>\n<p><img fetchpriority=\"high\" decoding=\"async\" width=\"675\" height=\"675\" src=\"https:\/\/www.europesays.com\/fr\/wp-content\/uploads\/2025\/06\/a1550372049_10-675x675.jpg\" alt=\"\" class=\"wp-image-249948\"\/><\/p>\n<p>Sereine<\/p>\n<p>La lecture de Thomas cette semaine nous entraine dans l\u2019univers de <a href=\"https:\/\/www.babelio.com\/auteur\/Christian-Chavassieux\/71771\" rel=\"nofollow noopener\" target=\"_blank\">Christian Chavassieux<\/a>.<\/p>\n<p>Dans un futur tr\u00e8s proche, une femme accouche en secret chez elle. Sur une impulsion inexplicable, elle cache le b\u00e9b\u00e9 \u00e0 son mari, \u00e0 ses autres enfants, et l\u2019enferme dans un cagibi pour des ann\u00e9es.<br \/>Cependant, le pays bascule, les \u00e9v\u00e9nements ext\u00e9rieurs portent une ombre sinistre sur le microcosme familial. D\u2019un fait-divers, <strong>Christian Chavassieux<\/strong> fait une all\u00e9gorie du mal myst\u00e9rieux qui plonge tout un pays dans l\u2019irrationnel. L\u2019auteur Christian Chavassieux vit pr\u00e8s de Roanne, dans la Loire. Romancier, nouvelliste, sc\u00e9nariste de bande dessin\u00e9e, auteur pour le th\u00e9\u00e2tre, il \u00e9crit \u00e9galement de nombreux textes pour des artistes.<\/p>\n<p>Nos G\u00e9d\u00e9ons<\/p>\n<p>Bon \u00e9t\u00e9 avec Guillaume qui nous propose de d\u00e9couvrir le nouvel album du duo st\u00e9phanois <strong>Terre Noire<\/strong> et <a href=\"https:\/\/www.france.tv\/spectacles-et-culture\/emissions-culturelles\/5788074-2-terrenoire-a-terrenoire.html\" rel=\"nofollow noopener\" target=\"_blank\">un documentaire sur France t\u00e9l\u00e9vision<\/a>.<\/p>\n<p>Ga\u00eblle nous propose une exposition sur les musiques \u00e9lectroniques dans notre ville. <a href=\"https:\/\/www.bm-lyon.fr\/les-rendez-vous-des-bibliotheques-municipales-de-lyon\/#\/animation\/3737\/date\/9204\" rel=\"nofollow noopener\" target=\"_blank\">Entre Rave et r\u00e9alit\u00e9 <\/a>est \u00e0 voir jusqu\u2019au 31octobre.<\/p>\n<p>Et pour moi un festival en plein air au parc de Gerland pour passer un bon \u00e9t\u00e9 en musique.<a href=\"https:\/\/www.woodstower.com\/\" rel=\"nofollow noopener\" target=\"_blank\"> Le Woodstower festival<\/a> c\u2019est du 17 au 20 juillet !<\/p>\n<\/p>\n<p><img loading=\"lazy\" decoding=\"async\" width=\"1200\" height=\"675\" data-id=\"249951\" src=\"https:\/\/www.europesays.com\/fr\/wp-content\/uploads\/2025\/06\/ete.png\" alt=\"\" class=\"wp-image-249951\"  \/><\/p>\n<p>J\u2019aime \u00e7a\u00a0:<\/p>\n<p>J\u2019aime chargement\u2026<\/p>\n<p><a class=\"sd-link-color\"\/><\/p>\n<p>\n\tArticles similaires\n<\/p>\n<p>\t\t\t\t<img decoding=\"async\" src=\"https:\/\/www.europesays.com\/fr\/wp-content\/uploads\/2025\/06\/1749782659_335_49adaf6f5045f4adb6ae3698cc4c61d757c24c08a05b8a6b070edfff6551293d\" alt=\"Ga\u00eble Beaussier\"\/><\/p>\n<p>Depuis 20 ans, rien d&rsquo;impossible&#8230; T\u00e9l\u00e9, Radio, presse \u00e9crite ! Des envies&#8230;plein la t\u00eate ! Et une \u00e9nergie d\u00e9bordante&#8230;&#13;<br \/>\nJ&rsquo;\u00e9cris pour diff\u00e9rents publics : Du visiteur de mus\u00e9e avec un Audio guide, \u00e0 l&rsquo;amateur d&rsquo;art devant sa t\u00e9l\u00e9, en passant par les accrocs de la radio&#8230; sans oublier la pub&#8230;&#13;<br \/>\nDepuis 2002 je r\u00e9alise des \u00e9v\u00e9nements et des programmes de formation dans le domaine de l&rsquo;art, de la communication et de la culture d&rsquo;entreprise. &#13;<br \/>\nJe poursuis \u00e9galement ma carri\u00e8re d&rsquo;enseignante en histoire de l&rsquo;art pour ne pas perdre le go\u00fbt du d\u00e9fi au quotidien&#8230;Captiver des \u00e9tudiants, pas toujours tr\u00e8s curieux !<\/p>\n","protected":false},"excerpt":{"rendered":"C\u2019est la derni\u00e8re de la saison et nous vous souhaitons un Bel \u00e9t\u00e9\u00a0! La musique prend toute sa&hellip;\n","protected":false},"author":2,"featured_media":172315,"comment_status":"","ping_status":"","sticky":false,"template":"","format":"standard","meta":{"footnotes":""},"categories":[1889],"tags":[1111,11,2430,2627,30725,30726,1777,674,30727,1011,27,23339,30728,2428,12,25,30729,30730],"class_list":{"0":"post-172314","1":"post","2":"type-post","3":"status-publish","4":"format-standard","5":"has-post-thumbnail","7":"category-lyon","8":"tag-actu","9":"tag-actualites","10":"tag-auvergne-rhone-alpes","11":"tag-beatles","12":"tag-bibliotheque-de-la-part-dieu","13":"tag-christian-chavassieux","14":"tag-eu","15":"tag-europe","16":"tag-foes-and-darlings","17":"tag-fr","18":"tag-france","19":"tag-france-television","20":"tag-kinks","21":"tag-lyon","22":"tag-news","23":"tag-republique-francaise","24":"tag-sereine","25":"tag-woodstower-festival"},"share_on_mastodon":{"url":"https:\/\/pubeurope.com\/@fr\/114673763466325602","error":""},"_links":{"self":[{"href":"https:\/\/www.europesays.com\/fr\/wp-json\/wp\/v2\/posts\/172314","targetHints":{"allow":["GET"]}}],"collection":[{"href":"https:\/\/www.europesays.com\/fr\/wp-json\/wp\/v2\/posts"}],"about":[{"href":"https:\/\/www.europesays.com\/fr\/wp-json\/wp\/v2\/types\/post"}],"author":[{"embeddable":true,"href":"https:\/\/www.europesays.com\/fr\/wp-json\/wp\/v2\/users\/2"}],"replies":[{"embeddable":true,"href":"https:\/\/www.europesays.com\/fr\/wp-json\/wp\/v2\/comments?post=172314"}],"version-history":[{"count":0,"href":"https:\/\/www.europesays.com\/fr\/wp-json\/wp\/v2\/posts\/172314\/revisions"}],"wp:featuredmedia":[{"embeddable":true,"href":"https:\/\/www.europesays.com\/fr\/wp-json\/wp\/v2\/media\/172315"}],"wp:attachment":[{"href":"https:\/\/www.europesays.com\/fr\/wp-json\/wp\/v2\/media?parent=172314"}],"wp:term":[{"taxonomy":"category","embeddable":true,"href":"https:\/\/www.europesays.com\/fr\/wp-json\/wp\/v2\/categories?post=172314"},{"taxonomy":"post_tag","embeddable":true,"href":"https:\/\/www.europesays.com\/fr\/wp-json\/wp\/v2\/tags?post=172314"}],"curies":[{"name":"wp","href":"https:\/\/api.w.org\/{rel}","templated":true}]}}