{"id":172316,"date":"2025-06-13T02:45:27","date_gmt":"2025-06-13T02:45:27","guid":{"rendered":"https:\/\/www.europesays.com\/fr\/172316\/"},"modified":"2025-06-13T02:45:27","modified_gmt":"2025-06-13T02:45:27","slug":"ces-deux-joueuses-de-lol-se-sont-mariees-les-superbes-images-de-leur-union-font-reagir","status":"publish","type":"post","link":"https:\/\/www.europesays.com\/fr\/172316\/","title":{"rendered":"ces deux joueuses de l&rsquo;OL se sont mari\u00e9es, les superbes images de leur union font r\u00e9agir"},"content":{"rendered":"<p>            Par<br \/>\n        <strong><br \/>\n            <a href=\"https:\/\/actu.fr\/auteur\/ludivine-caporal\" title=\"Consulter tous les articles de Ludivine Caporal\" target=\"_blank\" rel=\"noopener\">Ludivine Caporal<\/a><br \/>\n        <\/strong><\/p>\n<p>        Publi\u00e9 le<\/p>\n<p>            12 juin 2025 \u00e0 17h30        <\/p>\n<p>\u00ab\u00a0Je te choisis. Je te choisirai toujours\u00a0\u00bb, a \u00e9crit Ellie Carpenter en l\u00e9gende de sa photo de mariage avec Dani\u00eblle van de Donk, publi\u00e9e ce jour sur <a href=\"https:\/\/actu.fr\/tag\/instagram\" target=\"_blank\" rel=\"noopener\">Instagram<\/a>.\u00a0<\/p>\n<p class=\" wall-content\">Un an et demi apr\u00e8s avoir <a href=\"https:\/\/actu.fr\/auvergne-rhone-alpes\/lyon_69123\/ol-deux-joueuses-se-sont-fiancees-une-premiere-au-sein-du-club-feminin_60513696.html\" target=\"_blank\" rel=\"noopener\">publiquement annonc\u00e9 leurs fian\u00e7ailles<\/a>, les deux joueuses de football qui s\u2019\u00e9taient rencontr\u00e9es au sein du club de l\u2019OL Lyonnes (<strong>ancien OL f\u00e9minin<\/strong>) en 2021, se sont unies en portant chacune une magnifique robe blanche.<\/p>\n<p>Les images du mariage provoquent une pluie de r\u00e9actions<\/p>\n<p class=\" wall-content\">L\u2019ancienne milieu de terrain n\u00e9erlandaise \u00e2g\u00e9e de 33 ans et l\u2019arri\u00e8re droit australienne de 25 ans se sont ainsi dit \u00ab\u00a0oui\u00a0\u00bb pour la vie. Un \u00e9v\u00e9nement qui a suscit\u00e9 <strong>de nombreuses r\u00e9actions<\/strong> sur les r\u00e9seaux sociaux, notamment de la part d\u2019autres joueuses de foot ou de l\u2019OL Lyonnes, qui n\u2019ont pas manqu\u00e9 de les f\u00e9liciter.<\/p>\n<p class=\" wall-content\"><a href=\"https:\/\/www.instagram.com\/p\/DKzjNUvM-OH\/embed\" title=\"Ouvrir le lien sur Instagram\" target=\"_blank\" rel=\"noopener\">Visualiser le contenu sur Instagram<\/a><\/p>\n<p class=\" wall-content\"><a href=\"https:\/\/www.instagram.com\/p\/DKwYGdFoXHF\/embed\" title=\"Ouvrir le lien sur Instagram\" target=\"_blank\" rel=\"noopener\">Visualiser le contenu sur Instagram<\/a><\/p>\n<p class=\" wall-content\">\u00ab\u00a0F\u00e9licitations\u00a0\u00bb, a comment\u00e9 leur co\u00e9quipi\u00e8re Amel Majri. \u00ab\u00a0Vous \u00eates superbes et heureuses, je suis fier de vous\u00a0\u00bb, a r\u00e9agi Jean-Michel Aulas, l\u2019ex-pr\u00e9sident de l\u2019Olympique lyonnais.<\/p>\n<p>Dani\u00eblle van de Donk pas renouvel\u00e9e au sein du club<\/p>\n<p class=\" wall-content\">Leur mariage, qui s\u2019est d\u00e9roul\u00e9 en Occitanie dans le domaine d\u2019un ch\u00e2teau du sud de la France, intervient quelques semaines apr\u00e8s que la n\u00e9erlandaise Dani\u00eblle van de Donk a vu son contrat lyonnais ne pas \u00eatre renouvel\u00e9.<\/p>\n<p>Vid\u00e9os : en ce moment sur Actu<\/p>\n<p class=\" wall-content\"><a href=\"https:\/\/www.instagram.com\/p\/DJwLJFxMf9t\/embed\" title=\"Ouvrir le lien sur Instagram\" target=\"_blank\" rel=\"noopener\">Visualiser le contenu sur Instagram<\/a><\/p>\n<p class=\" wall-content\">Ellie Carpenter, elle, \u00e9volue pour le moment toujours \u00e0 l\u2019OL Lyonnes. Reste \u00e0 voir si elle suivra ou non sa femme dans une autre ville fran\u00e7aise, voire un autre pays.<\/p>\n<p class=\" wall-content\">Suivez toute l\u2019actualit\u00e9 de vos villes et m\u00e9dias favoris en vous inscrivant \u00e0 <a href=\"https:\/\/moncompte.actu.fr\" title=\"D\u00e9couvez Mon Actu\" rel=\"nofollow noopener\" data-trk=\"{&quot;cta&quot;:{&quot;action&quot;:&quot;https:\\\/\\\/moncompte.actu.fr&quot;,&quot;category&quot;:&quot;mon compte&quot;,&quot;from&quot;:&quot;article footer&quot;,&quot;name&quot;:&quot;Mon actu&quot;,&quot;type&quot;:&quot;cta&quot;}}\" target=\"_blank\">Mon Actu<\/a>.<\/p>\n<p>                    <script async src=\"\/\/www.instagram.com\/embed.js\"><\/script><\/p>\n","protected":false},"excerpt":{"rendered":"Par Ludivine Caporal Publi\u00e9 le 12 juin 2025 \u00e0 17h30 \u00ab\u00a0Je te choisis. Je te choisirai toujours\u00a0\u00bb, a&hellip;\n","protected":false},"author":2,"featured_media":172317,"comment_status":"","ping_status":"","sticky":false,"template":"","format":"standard","meta":{"footnotes":""},"categories":[1889],"tags":[1111,11,2430,1777,674,1011,27,9087,2428,1930,12,2853,25,104],"class_list":{"0":"post-172316","1":"post","2":"type-post","3":"status-publish","4":"format-standard","5":"has-post-thumbnail","7":"category-lyon","8":"tag-actu","9":"tag-actualites","10":"tag-auvergne-rhone-alpes","11":"tag-eu","12":"tag-europe","13":"tag-fr","14":"tag-france","15":"tag-lgbt","16":"tag-lyon","17":"tag-mariage","18":"tag-news","19":"tag-olympique-lyonnais-ol","20":"tag-republique-francaise","21":"tag-societe"},"share_on_mastodon":{"url":"https:\/\/pubeurope.com\/@fr\/114673767244000009","error":""},"_links":{"self":[{"href":"https:\/\/www.europesays.com\/fr\/wp-json\/wp\/v2\/posts\/172316","targetHints":{"allow":["GET"]}}],"collection":[{"href":"https:\/\/www.europesays.com\/fr\/wp-json\/wp\/v2\/posts"}],"about":[{"href":"https:\/\/www.europesays.com\/fr\/wp-json\/wp\/v2\/types\/post"}],"author":[{"embeddable":true,"href":"https:\/\/www.europesays.com\/fr\/wp-json\/wp\/v2\/users\/2"}],"replies":[{"embeddable":true,"href":"https:\/\/www.europesays.com\/fr\/wp-json\/wp\/v2\/comments?post=172316"}],"version-history":[{"count":0,"href":"https:\/\/www.europesays.com\/fr\/wp-json\/wp\/v2\/posts\/172316\/revisions"}],"wp:featuredmedia":[{"embeddable":true,"href":"https:\/\/www.europesays.com\/fr\/wp-json\/wp\/v2\/media\/172317"}],"wp:attachment":[{"href":"https:\/\/www.europesays.com\/fr\/wp-json\/wp\/v2\/media?parent=172316"}],"wp:term":[{"taxonomy":"category","embeddable":true,"href":"https:\/\/www.europesays.com\/fr\/wp-json\/wp\/v2\/categories?post=172316"},{"taxonomy":"post_tag","embeddable":true,"href":"https:\/\/www.europesays.com\/fr\/wp-json\/wp\/v2\/tags?post=172316"}],"curies":[{"name":"wp","href":"https:\/\/api.w.org\/{rel}","templated":true}]}}