{"id":172320,"date":"2025-06-13T02:48:09","date_gmt":"2025-06-13T02:48:09","guid":{"rendered":"https:\/\/www.europesays.com\/fr\/172320\/"},"modified":"2025-06-13T02:48:09","modified_gmt":"2025-06-13T02:48:09","slug":"une-enquete-ouverte-pour-violences-policieres-presumees","status":"publish","type":"post","link":"https:\/\/www.europesays.com\/fr\/172320\/","title":{"rendered":"une enqu\u00eate ouverte pour violences polici\u00e8res pr\u00e9sum\u00e9es"},"content":{"rendered":"<p>            Par<br \/>\n        <strong><br \/>\n            <a href=\"https:\/\/actu.fr\/auteur\/redaction-paris\" title=\"Consulter tous les articles de R\u00e9daction Paris\" target=\"_blank\" rel=\"noopener\">R\u00e9daction Paris<\/a><br \/>\n        <\/strong><\/p>\n<p>        Publi\u00e9 le<\/p>\n<p>            12 juin 2025 \u00e0 18h07        <\/p>\n<p>Le parquet de <a href=\"https:\/\/actu.fr\/paris\/\" target=\"_blank\" rel=\"noopener\">Paris<\/a> a annonc\u00e9, jeudi 12\u00a0juin 2025, l\u2019ouverture d\u2019une enqu\u00eate pour <strong>violences volontaires par personne d\u00e9positaire de l\u2019autorit\u00e9 publique<\/strong>, \u00e0 la suite de <a href=\"https:\/\/actu.fr\/ile-de-france\/paris_75056\/occupation-de-la-gaite-lyrique-les-jeunes-migrants-deloges-par-la-prefecture-de-police-de-paris_62386717.html\" target=\"_blank\" rel=\"noopener\">l\u2019\u00e9vacuation de plusieurs centaines de jeunes migrants<\/a> de la Ga\u00eet\u00e9 Lyrique (3e), intervenue le 18\u00a0mars dernier. L\u2019enqu\u00eate, lanc\u00e9e le 21\u00a0mars, fait suite \u00e0 \u00ab\u2009un signalement de l\u2019Inspection g\u00e9n\u00e9rale de la police nationale (<strong>IGPN<\/strong>), relatif \u00e0 des violences qui auraient \u00e9t\u00e9 commises par des fonctionnaires de police lors de l\u2019\u00e9vacuation\u2009\u00bb, a pr\u00e9cis\u00e9 le minist\u00e8re public, confirmant une information obtenue par l\u2019AFP aupr\u00e8s d\u2019une source proche du dossier.<\/p>\n<p class=\" wall-content\">Cette proc\u00e9dure permet notamment<strong> \u00ab\u2009l\u2019exploitation des vid\u00e9osurveillances de cet \u00e9v\u00e9nement\u2009\u00bb<\/strong>, afin d\u2019en garantir la conservation dans le cadre de l\u2019instruction, a ajout\u00e9 le parquet.<\/p>\n<p>Une \u00e9vacuation de 450 jeunes migrants<\/p>\n<p class=\" wall-content\">Le 18\u00a0mars, sur arr\u00eat\u00e9 du pr\u00e9fet de police, les forces de l\u2019ordre ont proc\u00e9d\u00e9 \u00e0<strong> l\u2019\u00e9vacuation d\u2019environ 450 jeunes migrants<\/strong>, majoritairement originaires d\u2019Afrique subsaharienne, <a href=\"https:\/\/actu.fr\/ile-de-france\/paris_75056\/occupation-de-la-gaite-lyrique-a-paris-la-salle-ferme-ses-portes-au-public-jusqu-a-nouvel-ordre_62016227.html\" target=\"_blank\" rel=\"noopener\">qui occupaient les lieux<\/a> depuis le 10\u00a0d\u00e9cembre 2024. Install\u00e9s dans ce centre culturel appartenant \u00e0 la <a href=\"https:\/\/actu.fr\/tag\/mairie-de-paris\" target=\"_blank\" rel=\"noopener\">mairie de Paris<\/a>, ils r\u00e9clamaient la reconnaissance de leur minorit\u00e9 et un h\u00e9bergement. Leur \u00e2ge fait toutefois l\u2019objet de contestations de la part de la municipalit\u00e9 et de la pr\u00e9fecture de police.<\/p>\n<p class=\" wall-content\">D\u00e8s la mi-d\u00e9cembre, <strong>la Ga\u00eet\u00e9 Lyrique avait annul\u00e9 sa programmation culturelle<\/strong>. L\u2019\u00e9tablissement, tout en se disant compr\u00e9hensif, d\u00e9non\u00e7ait \u00ab\u2009\u00e0 la fois l\u2019occupation et l\u2019inaction des autorit\u00e9s\u2009\u00bb. Le 10\u00a0f\u00e9vrier, une plainte contre X avait \u00e9t\u00e9 d\u00e9pos\u00e9e par la direction pour <strong>d\u00e9gradations de biens<\/strong> et diffusion de messages malveillants.<\/p>\n<p>Une tribune pour d\u00e9noncer \u00ab\u2009la brutalit\u00e9\u2009\u00bb de l\u2019op\u00e9ration<\/p>\n<p class=\" wall-content\">Le jour de l\u2019\u00e9vacuation, aux alentours de 6\u00a0heures du matin, CRS et gendarmes mobiles ont franchi les cordons form\u00e9s par plusieurs dizaines de militants rassembl\u00e9s devant l\u2019\u00e9tablissement, <strong>dans un climat tendu<\/strong>, selon des journalistes de l\u2019AFP pr\u00e9sents sur place. Les forces de l\u2019ordre ont ensuite p\u00e9n\u00e9tr\u00e9 dans les locaux. Une journaliste a rapport\u00e9 avoir vu de jeunes migrants quitter les lieux avec leurs effets personnels. Peu avant 9\u00a0heures, <strong>des gaz lacrymog\u00e8nes ont \u00e9t\u00e9 utilis\u00e9s<\/strong> pour disperser les manifestants.<\/p>\n<p>Vid\u00e9os : en ce moment sur Actu<\/p>\n<p class=\" wall-content\">Le pr\u00e9fet de police a indiqu\u00e9 que <strong>46\u00a0personnes avaient \u00e9t\u00e9 interpell\u00e9es<\/strong>. Il a \u00e9galement fait \u00e9tat de six jeunes migrants bless\u00e9s, sans n\u00e9cessit\u00e9 de soins m\u00e9dicaux. Trois autres personnes ont \u00e9t\u00e9 prises en charge\u2009: un migrant, un CRS, et un journaliste l\u00e9g\u00e8rement bless\u00e9 au genou.<\/p>\n<p class=\" wall-content\">Dans les jours qui ont suivi l\u2019\u00e9vacuation, <strong>plus de 400 artistes<\/strong>, parmi lesquels Virginie Despentes, Joey Starr, Ad\u00e8le Haenel et Marina Hands, ont d\u00e9nonc\u00e9 \u00ab\u2009la brutalit\u00e9\u2009\u00bb de l\u2019op\u00e9ration <a href=\"https:\/\/www.politis.fr\/articles\/2025\/03\/tribune-expulsion-gaite-lyrique-jamais-lart-ne-pourra-servir-dalibi-a-des-matraquages-et-a-des-expulsions-de-mineurs\/\" target=\"_blank\" rel=\"noopener\">dans une tribune<\/a>.<\/p>\n<p class=\" wall-content\">Avec AFP<\/p>\n<p class=\" wall-content\">Suivez toute l\u2019actualit\u00e9 de vos villes et m\u00e9dias favoris en vous inscrivant \u00e0 <a href=\"https:\/\/moncompte.actu.fr\" title=\"D\u00e9couvez Mon Actu\" rel=\"nofollow noopener\" data-trk=\"{&quot;cta&quot;:{&quot;action&quot;:&quot;https:\\\/\\\/moncompte.actu.fr&quot;,&quot;category&quot;:&quot;mon compte&quot;,&quot;from&quot;:&quot;article footer&quot;,&quot;name&quot;:&quot;Mon actu&quot;,&quot;type&quot;:&quot;cta&quot;}}\" target=\"_blank\">Mon Actu<\/a>.<\/p>\n","protected":false},"excerpt":{"rendered":"Par R\u00e9daction Paris Publi\u00e9 le 12 juin 2025 \u00e0 18h07 Le parquet de Paris a annonc\u00e9, jeudi 12\u00a0juin&hellip;\n","protected":false},"author":2,"featured_media":172321,"comment_status":"","ping_status":"","sticky":false,"template":"","format":"standard","meta":{"footnotes":""},"categories":[1888],"tags":[1111,1928,11,1927,1777,674,118,1011,27,1251,12,1926,626,1925,1072,1931,25],"class_list":{"0":"post-172320","1":"post","2":"type-post","3":"status-publish","4":"format-standard","5":"has-post-thumbnail","7":"category-paris","8":"tag-actu","9":"tag-actu-paris","10":"tag-actualites","11":"tag-actualites-paris","12":"tag-eu","13":"tag-europe","14":"tag-faits-divers","15":"tag-fr","16":"tag-france","17":"tag-migrants","18":"tag-news","19":"tag-news-paris","20":"tag-paris","21":"tag-paris-news","22":"tag-police","23":"tag-prefecture-de-police-de-paris","24":"tag-republique-francaise"},"share_on_mastodon":{"url":"https:\/\/pubeurope.com\/@fr\/114673778948302097","error":""},"_links":{"self":[{"href":"https:\/\/www.europesays.com\/fr\/wp-json\/wp\/v2\/posts\/172320","targetHints":{"allow":["GET"]}}],"collection":[{"href":"https:\/\/www.europesays.com\/fr\/wp-json\/wp\/v2\/posts"}],"about":[{"href":"https:\/\/www.europesays.com\/fr\/wp-json\/wp\/v2\/types\/post"}],"author":[{"embeddable":true,"href":"https:\/\/www.europesays.com\/fr\/wp-json\/wp\/v2\/users\/2"}],"replies":[{"embeddable":true,"href":"https:\/\/www.europesays.com\/fr\/wp-json\/wp\/v2\/comments?post=172320"}],"version-history":[{"count":0,"href":"https:\/\/www.europesays.com\/fr\/wp-json\/wp\/v2\/posts\/172320\/revisions"}],"wp:featuredmedia":[{"embeddable":true,"href":"https:\/\/www.europesays.com\/fr\/wp-json\/wp\/v2\/media\/172321"}],"wp:attachment":[{"href":"https:\/\/www.europesays.com\/fr\/wp-json\/wp\/v2\/media?parent=172320"}],"wp:term":[{"taxonomy":"category","embeddable":true,"href":"https:\/\/www.europesays.com\/fr\/wp-json\/wp\/v2\/categories?post=172320"},{"taxonomy":"post_tag","embeddable":true,"href":"https:\/\/www.europesays.com\/fr\/wp-json\/wp\/v2\/tags?post=172320"}],"curies":[{"name":"wp","href":"https:\/\/api.w.org\/{rel}","templated":true}]}}