{"id":172330,"date":"2025-06-13T02:53:10","date_gmt":"2025-06-13T02:53:10","guid":{"rendered":"https:\/\/www.europesays.com\/fr\/172330\/"},"modified":"2025-06-13T02:53:10","modified_gmt":"2025-06-13T02:53:10","slug":"trump-tres-decu-a-la-fois-par-la-russie-et-kiev-et-dautres-prisonniers-rentrent-au-bercail-2","status":"publish","type":"post","link":"https:\/\/www.europesays.com\/fr\/172330\/","title":{"rendered":"Trump \u00ab tr\u00e8s d\u00e9\u00e7u \u00bb \u00e0 la fois par la Russie et Kiev, et d\u2019autres prisonniers rentrent au bercail"},"content":{"rendered":"<p><strong>R\u00e9cap &#8211; \u00ab 20 Minutes \u00bb fait le point pour vous tous les soirs sur le conflit en Ukraine. Ce jeudi, Donald Trump a mis un nouveau coup de pression sur Kiev et le Kremlin<\/strong><\/p>\n<p>Vous avez rat\u00e9 les derniers \u00e9v\u00e9nements sur la <a href=\"https:\/\/www.20minutes.fr\/monde\/ukraine\/?at_medium=RSS%20feed&amp;at_campaign=ynews&amp;utm_source=yahoo&amp;utm_medium=rss&amp;utm_campaign=news_feed&amp;utm_content=in_article_link\" rel=\"nofollow noopener\" target=\"_blank\" data-ylk=\"slk:guerre en Ukraine;elm:context_link;itc:0;sec:content-canvas\" class=\"link \">guerre en Ukraine<\/a> ? 20 Minutes fait le point pour vous tous les soirs. Voici l\u2019essentiel de ce mercredi 11 juin 2025, 1.204e jour du conflit.<\/p>\n<p>Le fait du jour<\/p>\n<p>De nouvelles frappes de drones nocturnes russes ont fait 14 bless\u00e9s \u00e0 Kharkiv, grande ville du nord-est de l\u2019Ukraine vis\u00e9e quasiment tous les jours par des attaques a\u00e9riennes. Dans un message sur Telegram, les services de secours ont annonc\u00e9 jeudi ce bilan, tandis que le gouverneur de la r\u00e9gion, Oleg Synegoubov, a pr\u00e9cis\u00e9 qu\u2019un gar\u00e7on de 2 ans, ainsi que trois adolescentes figuraient parmi les bless\u00e9s.<\/p>\n<p>Le maire, Igor Terekhov, a d\u00e9clar\u00e9 que les attaques avaient eu lieu entre 1h37 et 3h08 du matin et caus\u00e9 des incendies dans des b\u00e2timents r\u00e9sidentiels et scolaires. Des d\u00e9bris sont tomb\u00e9s \u00ab pr\u00e8s d\u2019aires de jeu \u00bb pour enfants, a-t-il ajout\u00e9.<\/p>\n<p>La nuit pr\u00e9c\u00e9dente, des frappes <a href=\"https:\/\/www.20minutes.fr\/monde\/russie\/?at_medium=RSS%20feed&amp;at_campaign=ynews&amp;utm_source=yahoo&amp;utm_medium=rss&amp;utm_campaign=news_feed&amp;utm_content=in_article_link\" rel=\"nofollow noopener\" target=\"_blank\" data-ylk=\"slk:russes;elm:context_link;itc:0;sec:content-canvas\" class=\"link \">russes<\/a> avaient d\u00e9j\u00e0 tu\u00e9 trois personnes et fait une soixantaine de bless\u00e9s \u00e0 Kharkiv, qui comptait avant l\u2019invasion de 2022 environ 1,5 million d\u2019habitants.<\/p>\n<p>La d\u00e9claration du jour<\/p>\n<blockquote class=\"caas-blockquote\">\n<p>Je suis tr\u00e8s d\u00e9\u00e7u par la Russie mais je suis aussi d\u00e9\u00e7u par l\u2019Ukraine parce que je pense qu\u2019un accord aurait pu \u00eatre trouv\u00e9. \u00bb<\/p>\n<\/blockquote>\n<p><a href=\"https:\/\/www.20minutes.fr\/dossier\/donald_trump?at_medium=RSS%20feed&amp;at_campaign=ynews&amp;utm_source=yahoo&amp;utm_medium=rss&amp;utm_campaign=news_feed&amp;utm_content=in_article_link\" rel=\"nofollow noopener\" target=\"_blank\" data-ylk=\"slk:Donald Trump;elm:context_link;itc:0;sec:content-canvas\" class=\"link \">Donald Trump<\/a>, dont les Europ\u00e9ens voudraient qu\u2019il sanctionne plus durement Moscou, a de nouveau renvoy\u00e9 jeudi l\u2019Ukraine et la Russie dos \u00e0 dos, lors d\u2019un \u00e9change avec la presse \u00e0 la Maison Blanche.<\/p>\n<p>Volodymyr Zelensky a indiqu\u00e9 de son c\u00f4t\u00e9 depuis Kiev qu\u2019il esp\u00e9rait rencontrer son homologue am\u00e9ricain au Canada(&#8230;)<\/p>\n<p><a href=\"https:\/\/www.20minutes.fr\/monde\/ukraine\/4158262-20250612-guerre-ukraine-trump-tres-decu-fois-russie-kiev-autres-prisonniers-rentrent-bercail?at_medium=RSS%20feed&amp;at_campaign=ynews&amp;utm_source=yahoo&amp;utm_medium=rss&amp;utm_campaign=news_feed&amp;utm_content=read_more_link\" rel=\"nofollow noopener\" target=\"_blank\" data-ylk=\"slk:Lire la suite sur 20minutes;elm:context_link;itc:0;sec:content-canvas\" class=\"link \">Lire la suite sur 20minutes<\/a><\/p>\n<p>\u00c0 lire aussi :<br \/><a href=\"https:\/\/www.20minutes.fr\/monde\/russie\/4158150-20250612-russie-lev-chlosberg-opposant-vladimir-poutine-reste-pays-desormais-arrete?at_medium=RSS%20feed&amp;at_campaign=ynews&amp;utm_source=yahoo&amp;utm_medium=rss&amp;utm_campaign=news_feed&amp;utm_content=related_content_link\" rel=\"nofollow noopener\" target=\"_blank\" data-ylk=\"slk:Russie : Qui est Lev Chlosberg, opposant \u00e0 Vladimir Poutine rest\u00e9 au pays et d\u00e9sormais arr\u00eat\u00e9 ?;elm:context_link;itc:0;sec:content-canvas\" class=\"link \">Russie : Qui est Lev Chlosberg, opposant \u00e0 Vladimir Poutine rest\u00e9 au pays et d\u00e9sormais arr\u00eat\u00e9 ?<\/a><br \/><a href=\"https:\/\/www.20minutes.fr\/monde\/4158084-20250612-guerre-ukraine-prisonniers-russes-renvoyes-front-liberation?at_medium=RSS%20feed&amp;at_campaign=ynews&amp;utm_source=yahoo&amp;utm_medium=rss&amp;utm_campaign=news_feed&amp;utm_content=related_content_link\" rel=\"nofollow noopener\" target=\"_blank\" data-ylk=\"slk:Guerre en Ukraine : Les prisonniers russes renvoy\u00e9s au front d\u00e8s leur lib\u00e9ration;elm:context_link;itc:0;sec:content-canvas\" class=\"link \">Guerre en Ukraine : Les prisonniers russes renvoy\u00e9s au front d\u00e8s leur lib\u00e9ration<\/a><\/p>\n","protected":false},"excerpt":{"rendered":"R\u00e9cap &#8211; \u00ab 20 Minutes \u00bb fait le point pour vous tous les soirs sur le conflit en&hellip;\n","protected":false},"author":2,"featured_media":172331,"comment_status":"","ping_status":"","sticky":false,"template":"","format":"standard","meta":{"footnotes":""},"categories":[1590],"tags":[642,11,75,1777,674,30731,11229,5493,12,220],"class_list":{"0":"post-172330","1":"post","2":"type-post","3":"status-publish","4":"format-standard","5":"has-post-thumbnail","7":"category-ukraine","8":"tag-20-minutes","9":"tag-actualites","10":"tag-donald-trump","11":"tag-eu","12":"tag-europe","13":"tag-igor-terekhov","14":"tag-kiev","15":"tag-lukraine","16":"tag-news","17":"tag-ukraine"},"share_on_mastodon":{"url":"https:\/\/pubeurope.com\/@fr\/114673798599873381","error":""},"_links":{"self":[{"href":"https:\/\/www.europesays.com\/fr\/wp-json\/wp\/v2\/posts\/172330","targetHints":{"allow":["GET"]}}],"collection":[{"href":"https:\/\/www.europesays.com\/fr\/wp-json\/wp\/v2\/posts"}],"about":[{"href":"https:\/\/www.europesays.com\/fr\/wp-json\/wp\/v2\/types\/post"}],"author":[{"embeddable":true,"href":"https:\/\/www.europesays.com\/fr\/wp-json\/wp\/v2\/users\/2"}],"replies":[{"embeddable":true,"href":"https:\/\/www.europesays.com\/fr\/wp-json\/wp\/v2\/comments?post=172330"}],"version-history":[{"count":0,"href":"https:\/\/www.europesays.com\/fr\/wp-json\/wp\/v2\/posts\/172330\/revisions"}],"wp:featuredmedia":[{"embeddable":true,"href":"https:\/\/www.europesays.com\/fr\/wp-json\/wp\/v2\/media\/172331"}],"wp:attachment":[{"href":"https:\/\/www.europesays.com\/fr\/wp-json\/wp\/v2\/media?parent=172330"}],"wp:term":[{"taxonomy":"category","embeddable":true,"href":"https:\/\/www.europesays.com\/fr\/wp-json\/wp\/v2\/categories?post=172330"},{"taxonomy":"post_tag","embeddable":true,"href":"https:\/\/www.europesays.com\/fr\/wp-json\/wp\/v2\/tags?post=172330"}],"curies":[{"name":"wp","href":"https:\/\/api.w.org\/{rel}","templated":true}]}}