{"id":172334,"date":"2025-06-13T02:55:09","date_gmt":"2025-06-13T02:55:09","guid":{"rendered":"https:\/\/www.europesays.com\/fr\/172334\/"},"modified":"2025-06-13T02:55:09","modified_gmt":"2025-06-13T02:55:09","slug":"le-logement-des-migrants-illegaux-dans-des-hotels-prolonge-jusquen-2029-malgre-le-cout-colossal-pour-les-contribuables","status":"publish","type":"post","link":"https:\/\/www.europesays.com\/fr\/172334\/","title":{"rendered":"le logement des migrants ill\u00e9gaux dans des h\u00f4tels prolong\u00e9 jusqu\u2019en 2029, malgr\u00e9 le co\u00fbt colossal pour les contribuables"},"content":{"rendered":"<p style=\"text-align: justify;\">L\u2019aveu est discret, mais il en dit long sur la strat\u00e9gie migratoire du <a href=\"https:\/\/www.breizh-info.com\/2025\/06\/11\/248044\/irlande-du-nord-ballymena-emeutes-immigration-et-perte-de-controle-vers-une-fracture-irreversible-au-sein-du-royaume-uni\/\" rel=\"nofollow noopener\" target=\"_blank\">Royaume-Uni<\/a>. La nouvelle chanceli\u00e8re du Tr\u00e9sor britannique, Rachel Reeves, <a href=\"https:\/\/www.thetimes.com\/uk\/politics\/article\/spending-review-latest-news-rachel-reeves-live-wlnr2k8wq\" rel=\"nofollow noopener\" target=\"_blank\">a annonc\u00e9 que le gouvernement travailliste poursuivrait le recours aux h\u00f4tels pour h\u00e9berger les demandeurs d\u2019asile jusqu\u2019\u00e0<\/a> la fin du mandat parlementaire, soit potentiellement jusqu\u2019en 2029. Une d\u00e9cision qui confirme, en creux, l\u2019incapacit\u00e9 des autorit\u00e9s \u00e0 enrayer la crise migratoire.<\/p>\n<p><strong>Des promesses fermes, des actes flous<\/strong><\/p>\n<p style=\"text-align: justify;\">Alors que le Premier ministre Keir Starmer assurait vouloir \u00ab briser les r\u00e9seaux de passeurs \u00bb op\u00e9rant depuis la France et mettre fin aux travers\u00e9es ill\u00e9gales de la Manche, la r\u00e9alit\u00e9 du terrain contredit ces promesses. Rachel Reeves, dans le cadre de sa revue des d\u00e9penses publiques, a reconnu que la suppression du dispositif des \u00ab h\u00f4tels pour migrants \u00bb n\u2019interviendrait pas avant plusieurs ann\u00e9es.<\/p>\n<p style=\"text-align: justify;\">En parall\u00e8le, elle a annonc\u00e9 un financement annuel de 280 millions de livres pour une nouvelle entit\u00e9 baptis\u00e9e\u00a0Border Security Command, cens\u00e9e lutter contre l\u2019immigration ill\u00e9gale. Mais cette mesure ne suffira pas \u00e0 rassurer une opinion publique de plus en plus hostile \u00e0 ce qu\u2019elle per\u00e7oit comme une politique migratoire laxiste, inefficace, et ruineuse.<\/p>\n<p style=\"text-align: justify;\">Les chiffres sont vertigineux. Si le gouvernement conservateur pr\u00e9c\u00e9dent tablait sur 4,5 milliards de livres entre 2019 et 2029 pour loger les migrants dans des h\u00f4tels priv\u00e9s, un rapport de la Cour nationale des comptes britannique publi\u00e9 en mai estime d\u00e9sormais le co\u00fbt r\u00e9el \u00e0 15,3 milliards sur dix ans. En 2024, ce syst\u00e8me a co\u00fbt\u00e9 1,67 milliard de livres au contribuable, soit environ 4,6 millions par jour.<\/p>\n<p style=\"text-align: justify;\"><a href=\"https:\/\/archive.is\/vu0ZG#selection-3301.0-3320.0\" rel=\"nofollow noopener\" target=\"_blank\">Selon le\u00a0Telegraph,<\/a> avec une telle somme, le pays pourrait construire 15 h\u00f4pitaux modernes. Un contraste saisissant dans un contexte d\u2019aust\u00e9rit\u00e9 budg\u00e9taire et de services publics satur\u00e9s.<\/p>\n<p style=\"text-align: justify;\">Le dispositif n\u2019est pas seulement critiqu\u00e9 pour son co\u00fbt : il suscite \u00e9galement des tensions croissantes dans les villes concern\u00e9es. \u00c0 Glasgow, en 2020, un migrant soudanais h\u00e9berg\u00e9 gratuitement dans un h\u00f4tel avait poignard\u00e9 six personnes, dont un policier, apr\u00e8s s\u2019\u00eatre plaint du caract\u00e8re \u00ab inappropri\u00e9 \u00bb de la nourriture fournie.<\/p>\n<p style=\"text-align: justify;\">\u00c0 cela s\u2019ajoute l\u2019exasp\u00e9ration croissante des riverains confront\u00e9s \u00e0 la transformation de leur cadre de vie par l\u2019installation forc\u00e9e de centaines de clandestins, souvent sans concertation locale.<\/p>\n<p><strong>Un syst\u00e8me \u00e0 bout de souffle<\/strong><\/p>\n<p style=\"text-align: justify;\">Depuis le d\u00e9but de l\u2019ann\u00e9e, plus de 15 000 migrants sont arriv\u00e9s ill\u00e9galement sur les c\u00f4tes britanniques, un record pour cette p\u00e9riode. Le porte-parole de l\u2019opposition, Chris Philp, a d\u00e9nonc\u00e9 \u00ab l\u2019effondrement total du contr\u00f4le des fronti\u00e8res \u00bb et \u00ab la pire ann\u00e9e jamais enregistr\u00e9e \u00bb pour les travers\u00e9es ill\u00e9gales en petite embarcation.<\/p>\n<p style=\"text-align: justify;\">Alors que le gouvernement promet de renforcer les expulsions et de traiter plus rapidement les dossiers d\u2019asile, tr\u00e8s peu de retours sont effectivement r\u00e9alis\u00e9s. Le nombre de d\u00e9bout\u00e9s toujours pr\u00e9sents sur le territoire augmente, fragilisant encore un peu plus la cr\u00e9dibilit\u00e9 de l\u2019\u00c9tat.<\/p>\n<p style=\"text-align: justify;\">Le Royaume-Uni, souvent pr\u00e9sent\u00e9 comme un mod\u00e8le de fermet\u00e9 migratoire, r\u00e9v\u00e8le aujourd\u2019hui ses propres failles : une administration paralys\u00e9e, un appareil judiciaire d\u00e9bord\u00e9, des collectivit\u00e9s locales \u00e9puis\u00e9es\u2026 et une population de plus en plus inqui\u00e8te de voir son pays transform\u00e9 sans son consentement.<\/p>\n<p style=\"text-align: justify;\">Pour la France et les autres nations europ\u00e9ennes confront\u00e9es \u00e0 des flux similaires, l\u2019exp\u00e9rience britannique sonne comme un avertissement. Tant que l\u2019on continuera \u00e0 traiter l\u2019immigration clandestine comme une fatalit\u00e9 plut\u00f4t qu\u2019un d\u00e9fi de souverainet\u00e9, les h\u00f4tels ne d\u00e9sempliront pas\u2026 et la coh\u00e9sion nationale continuera de se fissurer\u2026jusqu\u2019\u00e0 la rupture totale.<\/p>\n<p style=\"text-align: justify;\">Cr\u00e9dit photo : DR (photo d\u2019illustration)<br \/>[cc] Breizh-info.com, 2025, d\u00e9p\u00eaches libres de copie et de diffusion sous r\u00e9serve de mention et de lien vers la source d\u2019origine<\/p>\n","protected":false},"excerpt":{"rendered":"L\u2019aveu est discret, mais il en dit long sur la strat\u00e9gie migratoire du Royaume-Uni. La nouvelle chanceli\u00e8re du&hellip;\n","protected":false},"author":2,"featured_media":153495,"comment_status":"","ping_status":"","sticky":false,"template":"","format":"standard","meta":{"footnotes":""},"categories":[1588],"tags":[11,3590,1777,674,1061,1251,12,30732,473,1853,1851,1850,1852],"class_list":{"0":"post-172334","1":"post","2":"type-post","3":"status-publish","4":"format-standard","5":"has-post-thumbnail","7":"category-royaume-uni","8":"tag-actualites","9":"tag-cout","10":"tag-eu","11":"tag-europe","12":"tag-immigration","13":"tag-migrants","14":"tag-news","15":"tag-royaume-ui","16":"tag-royaume-uni","17":"tag-royaume-uni-de-grande-bretagne-et-dirlande-du-nord","18":"tag-uk","19":"tag-united-kingdom","20":"tag-united-kingdom-of-great-britain-and-northern-ireland"},"share_on_mastodon":{"url":"https:\/\/pubeurope.com\/@fr\/114673806593792494","error":""},"_links":{"self":[{"href":"https:\/\/www.europesays.com\/fr\/wp-json\/wp\/v2\/posts\/172334","targetHints":{"allow":["GET"]}}],"collection":[{"href":"https:\/\/www.europesays.com\/fr\/wp-json\/wp\/v2\/posts"}],"about":[{"href":"https:\/\/www.europesays.com\/fr\/wp-json\/wp\/v2\/types\/post"}],"author":[{"embeddable":true,"href":"https:\/\/www.europesays.com\/fr\/wp-json\/wp\/v2\/users\/2"}],"replies":[{"embeddable":true,"href":"https:\/\/www.europesays.com\/fr\/wp-json\/wp\/v2\/comments?post=172334"}],"version-history":[{"count":0,"href":"https:\/\/www.europesays.com\/fr\/wp-json\/wp\/v2\/posts\/172334\/revisions"}],"wp:featuredmedia":[{"embeddable":true,"href":"https:\/\/www.europesays.com\/fr\/wp-json\/wp\/v2\/media\/153495"}],"wp:attachment":[{"href":"https:\/\/www.europesays.com\/fr\/wp-json\/wp\/v2\/media?parent=172334"}],"wp:term":[{"taxonomy":"category","embeddable":true,"href":"https:\/\/www.europesays.com\/fr\/wp-json\/wp\/v2\/categories?post=172334"},{"taxonomy":"post_tag","embeddable":true,"href":"https:\/\/www.europesays.com\/fr\/wp-json\/wp\/v2\/tags?post=172334"}],"curies":[{"name":"wp","href":"https:\/\/api.w.org\/{rel}","templated":true}]}}