{"id":172335,"date":"2025-06-13T02:56:10","date_gmt":"2025-06-13T02:56:10","guid":{"rendered":"https:\/\/www.europesays.com\/fr\/172335\/"},"modified":"2025-06-13T02:56:10","modified_gmt":"2025-06-13T02:56:10","slug":"un-marseillais-et-un-toulousain-sillustrent-avec-langleterre-euro-espoirs-gr-b","status":"publish","type":"post","link":"https:\/\/www.europesays.com\/fr\/172335\/","title":{"rendered":"Un Marseillais et un Toulousain s\u2019illustrent avec l\u2019Angleterre &#8211; Euro Espoirs &#8211; Gr. B"},"content":{"rendered":"<p>La Ligue des talents frappe encore.<\/p>\n<p>Tenante du titre, l\u2019Angleterre a r\u00e9ussi ses d\u00e9buts \u00e0 l\u2019Euro Espoirs. Les jeunes Lions ont mat\u00e9 la Tch\u00e9quie (1-3) gr\u00e2ce \u00e0 des <strong>buts du champion d\u2019Angleterre Harvey Elliott (39e), du Marseillais Jonathan Rowe (48e)<\/strong> <strong>et du Toulousain Charlie Cresswell (76e)<\/strong>. Les Anglais sont deuxi\u00e8mes de leur groupe, derri\u00e8re l\u2019Allemagne, qui s\u2019est impos\u00e9e contre la Slov\u00e9nie (3-0). Encore avec les A pour <a target=\"_blank\" href=\"https:\/\/www.sofoot.com\/articles\/la-france-termine-sa-saison-par-une-victoire-contre-lallemagne-en-ligue-des-nations\" rel=\"nofollow noopener\">le Final Four de la Ligue des nations il y a quatre jours<\/a>, le crack de Stuttgart, <strong>Nick Woltemade, a plant\u00e9 un tripl\u00e9<\/strong> (19e, 42e, 82e).<\/p>\n<p>En revanche,<strong> les Pays-Bas ont jou\u00e9 avec le feu<\/strong>, \u00e9vitant la d\u00e9faite de justesse contre la Finlande (2-2). Avec Ian Maatsen, Kenneth Taylor et <strong>Ruben van Bommel \u2013 oui, le fils de Mark<\/strong> \u2013 dans le onze de d\u00e9part, les N\u00e9erlandais ont pris <strong>deux buts en trois minutes<\/strong> (25e, 28e). Luciano Valente a n\u00e9anmoins relanc\u00e9 le suspense (59e), avant qu\u2019Ernest Poku arrache le nul dans le temps additionnel (90e+3).<\/p>\n<p>Des buts, des buts et encore des buts !<\/p>\n<p>\t\t\t\t\t\t\t\t\t\t<a class=\"lien-connexe\" href=\"https:\/\/www.sofoot.com\/articles\/iturbe-stansfield-hato-quenda-les-dix-joueurs-a-suivre-a-leuro-espoirs\" rel=\"nofollow noopener\" target=\"_blank\">Les dix joueurs \u00e0 suivre \u00e0 l\u2019Euro Espoirs<\/a>\t\t\t\t\t<\/p>\n","protected":false},"excerpt":{"rendered":"La Ligue des talents frappe encore. Tenante du titre, l\u2019Angleterre a r\u00e9ussi ses d\u00e9buts \u00e0 l\u2019Euro Espoirs. Les&hellip;\n","protected":false},"author":2,"featured_media":172336,"comment_status":"","ping_status":"","sticky":false,"template":"","format":"standard","meta":{"footnotes":""},"categories":[1587],"tags":[47,11,61,672,69,1804,65,1805,1803,64,1777,674,63,1801,68,66,12,62,70,1802,67],"class_list":{"0":"post-172335","1":"post","2":"type-post","3":"status-publish","4":"format-standard","5":"has-post-thumbnail","7":"category-allemagne","8":"tag-actualite","9":"tag-actualites","10":"tag-actus-football","11":"tag-allemagne","12":"tag-bundesliga","13":"tag-bundesrepublik-deutschland","14":"tag-championnats-europeens","15":"tag-de","16":"tag-deutschland","17":"tag-equipe-de-france","18":"tag-eu","19":"tag-europe","20":"tag-football","21":"tag-germany","22":"tag-ligua","23":"tag-ligue-1","24":"tag-news","25":"tag-news-foot","26":"tag-premier-league","27":"tag-republique-federale-dallemagne","28":"tag-serie-a"},"share_on_mastodon":{"url":"https:\/\/pubeurope.com\/@fr\/114673810348642552","error":""},"_links":{"self":[{"href":"https:\/\/www.europesays.com\/fr\/wp-json\/wp\/v2\/posts\/172335","targetHints":{"allow":["GET"]}}],"collection":[{"href":"https:\/\/www.europesays.com\/fr\/wp-json\/wp\/v2\/posts"}],"about":[{"href":"https:\/\/www.europesays.com\/fr\/wp-json\/wp\/v2\/types\/post"}],"author":[{"embeddable":true,"href":"https:\/\/www.europesays.com\/fr\/wp-json\/wp\/v2\/users\/2"}],"replies":[{"embeddable":true,"href":"https:\/\/www.europesays.com\/fr\/wp-json\/wp\/v2\/comments?post=172335"}],"version-history":[{"count":0,"href":"https:\/\/www.europesays.com\/fr\/wp-json\/wp\/v2\/posts\/172335\/revisions"}],"wp:featuredmedia":[{"embeddable":true,"href":"https:\/\/www.europesays.com\/fr\/wp-json\/wp\/v2\/media\/172336"}],"wp:attachment":[{"href":"https:\/\/www.europesays.com\/fr\/wp-json\/wp\/v2\/media?parent=172335"}],"wp:term":[{"taxonomy":"category","embeddable":true,"href":"https:\/\/www.europesays.com\/fr\/wp-json\/wp\/v2\/categories?post=172335"},{"taxonomy":"post_tag","embeddable":true,"href":"https:\/\/www.europesays.com\/fr\/wp-json\/wp\/v2\/tags?post=172335"}],"curies":[{"name":"wp","href":"https:\/\/api.w.org\/{rel}","templated":true}]}}