{"id":172343,"date":"2025-06-13T03:00:12","date_gmt":"2025-06-13T03:00:12","guid":{"rendered":"https:\/\/www.europesays.com\/fr\/172343\/"},"modified":"2025-06-13T03:00:12","modified_gmt":"2025-06-13T03:00:12","slug":"avec-lexcuse-de-minorite-quelle-peine-de-prison-risque-le-suspect-de-14-ans","status":"publish","type":"post","link":"https:\/\/www.europesays.com\/fr\/172343\/","title":{"rendered":"avec l&rsquo;excuse de minorit\u00e9, quelle peine de prison risque le suspect de 14 ans\u00a0?"},"content":{"rendered":"<p>            Par<br \/>\n        <strong><br \/>\n            <a href=\"https:\/\/actu.fr\/auteur\/lea-giandomenico\" title=\"Consulter tous les articles de L\u00e9a Giandomenico\" rel=\"nofollow noopener\" target=\"_blank\">L\u00e9a Giandomenico<\/a><br \/>\n        <\/strong><\/p>\n<p>        Publi\u00e9 le<\/p>\n<p>            12 juin 2025 \u00e0 20h51        <\/p>\n<p>Un meurtre avec pr\u00e9m\u00e9ditation, mais une peine r\u00e9duite parce que mineur. L\u2019adolescent de 14 ans suspect\u00e9 d\u2019avoir tu\u00e9 M\u00e9lanie, <a href=\"https:\/\/actu.fr\/faits-divers\/haute-marne-un-collegien-blesse-grievement-une-surveillante-au-couteau-la-victime-en-urgence-absolue_62749787.html\" rel=\"nofollow noopener\" target=\"_blank\">une surveillante de 31 ans<\/a>, devant le portail d\u2019un coll\u00e8ge de Nogent (Haute-Marne), devrait b\u00e9n\u00e9ficier de \u00ab\u00a0l\u2019excuse de minorit\u00e9\u00a0\u00bb. Et ne devrait donc pas passer toute sa vie derri\u00e8re les barreaux.<\/p>\n<p class=\" wall-content\">Ce jeudi 12 juin, le coll\u00e9gien a \u00e9t\u00e9 mis en examen pour <a href=\"https:\/\/actu.fr\/bourgogne-franche-comte\/dijon_21231\/surveillante-tuee-a-nogent-le-collegien-de-14-ans-defere-au-parquet-de-dijon_62761639.html\" rel=\"nofollow noopener\" target=\"_blank\">\u00ab l\u2019infraction criminelle de meurtre sur une personne charg\u00e9e d\u2019une mission de service public \u00bb<\/a> et plac\u00e9 sous le statut de t\u00e9moin assist\u00e9 pour l\u2019infraction d\u00e9lictuelle de violences aggrav\u00e9es sur un militaire de la gendarmerie nationale, a annonc\u00e9 le procureur de la R\u00e9publique Olivier Caracotch.<\/p>\n<p>Que dit la loi pour les mineurs ?\u00a0<\/p>\n<p class=\" wall-content\">La r\u00e8gle, inscrite dans le Code p\u00e9nal et \u00e9labor\u00e9e par le Conseil National de la R\u00e9sistance (CNR) lors d\u2019une ordonnance du 2 f\u00e9vrier 1945, pr\u00e9voit qu\u2019un mineur soit jug\u00e9 moins durement qu\u2019un majeur.<\/p>\n<p class=\" wall-content\">Selon <a href=\"https:\/\/www.legifrance.gouv.fr\/codes\/article_lc\/LEGIARTI000039099354\" rel=\"nofollow noopener\" target=\"_blank\">l\u2019article 122-8 du code p\u00e9nal,<\/a> \u00ab\u00a0les mineurs capables de discernement sont p\u00e9nalement responsables des crimes, d\u00e9lits ou contraventions dont ils ont \u00e9t\u00e9 reconnus coupables, en tenant compte de<strong> l\u2019att\u00e9nuation de responsabilit\u00e9 dont ils b\u00e9n\u00e9ficient en raison de leur \u00e2ge<\/strong>, dans des conditions fix\u00e9es par le code de la justice p\u00e9nale des mineurs\u00a0\u00bb.<\/p>\n<p>Vid\u00e9os : en ce moment sur ActuPeine r\u00e9duite par rapport aux majeurs<\/p>\n<p class=\" wall-content\">Et c\u2019est bien cette att\u00e9nuation de responsabilit\u00e9 sur laquelle il faut s\u2019arr\u00eater. En fait, cela veut dire que les mineurs voient leur peine r\u00e9duite par rapport aux majeurs. Peine r\u00e9duite de moiti\u00e9, mais attention, pas dans tous les cas.\u00a0<\/p>\n<p class=\" wall-content\">Pour comprendre cette situation, il faut conna\u00eetre la peine que risquerait un majeur pour meurtre avec pr\u00e9m\u00e9ditation. L\u00e0-dessus, le Code p\u00e9nal est clair : \u00ab\u00a0Le meurtre commis avec pr\u00e9m\u00e9ditation ou guet-apens constitue un assassinat, il est puni de la r\u00e9clusion criminelle \u00e0 perp\u00e9tuit\u00e9\u00a0\u00bb, selon <a href=\"https:\/\/www.legifrance.gouv.fr\/codes\/section_lc\/LEGITEXT000006070719\/LEGISCTA000006165276\/#:~:text=Version%20en%20vigueur%20au%2012%20juin%202025&amp;text=Le%20fait%20de%20donner%20volontairement,trente%20ans%20de%20r%C3%A9clusion%20criminelle.&amp;text=Le%20meurtre%20qui%20pr%C3%A9c%C3%A8de%2C%20accompagne,la%20r%C3%A9clusion%20criminelle%20%C3%A0%20perp%C3%A9tuit%C3%A9.\" rel=\"nofollow noopener\" target=\"_blank\">l\u2019article 221-3<\/a>.<\/p>\n<p class=\" wall-content\">Pour rappel, la perp\u00e9tuit\u00e9 s\u2019applique jusqu\u2019\u00e0 la mort du d\u00e9tenu, mais peut \u00eatre lev\u00e9 selon la p\u00e9riode de s\u00fbret\u00e9 fix\u00e9e (une p\u00e9riode o\u00f9 aucun am\u00e9nagement de peine n\u2019est possible), allant de 18 \u00e0 30 ans.<\/p>\n<p class=\" wall-content\">\u00c7a, c\u2019est pour les majeurs.\u00a0\u00ab\u00a0Ici, le suspect est mineur, quoi qu\u2019il en soit\u00a0\u00bb, commence Alexandra Hawrylyszyn, avocate en droit p\u00e9nal \u00e0 Paris, jointe par\u00a0actu.fr,\u00a0pour justifier que le suspect b\u00e9n\u00e9ficiera bien de l\u2019excuse de minorit\u00e9, et d\u2019une r\u00e9duction de sa peine.<\/p>\n<p>20 ans de prison, \u00ab\u00a0au vu de la gravit\u00e9 des faits\u00a0\u00bb<\/p>\n<p class=\" wall-content\">Pour les mineurs, selon <a href=\"https:\/\/www.legifrance.gouv.fr\/codes\/article_lc\/LEGIARTI000039087991\" rel=\"nofollow noopener\" target=\"_blank\">l\u2019article L121-5 du code de la justice p\u00e9nale des mineurs,<\/a> avec l\u2019excuse de minorit\u00e9, c\u2019est la moiti\u00e9 de la peine qui est cens\u00e9e \u00eatre prononc\u00e9e. Mais la perp\u00e9tuit\u00e9 ne pouvant pas \u00eatre r\u00e9duite de moiti\u00e9 (comme elle est inquantifiable), la justice a fix\u00e9 cette p\u00e9riode \u00e0 20 ans maximum.<\/p>\n<p class=\" wall-content\">Dans ce cas pr\u00e9cis, le suspect de 14 ans ne pourra pas se voir appliquer plus de 20 ans de r\u00e9clusion criminelle. Reste \u00e0 savoir ce qu\u2019en d\u00e9cideront les juges.\u00a0<\/p>\n<p class=\" wall-content\">Pour un avocat p\u00e9naliste qui n\u2019a pas souhait\u00e9 \u00eatre cit\u00e9, \u00ab\u00a0au vu de la gravit\u00e9 des faits, les juges devraient retenir la r\u00e9clusion criminelle \u00e0 perp\u00e9tuit\u00e9, vu qu\u2019il y avait pr\u00e9m\u00e9ditation avec arme\u00a0\u00bb.<\/p>\n<p class=\" wall-content\">\u00ab\u00a0Vu les d\u00e9clarations du suspect, et au vu de la pr\u00e9m\u00e9ditation de l\u2019acte, il risque de <strong>prendre 20 ans d\u2019emprisonnement<\/strong>\u00ab\u00a0, ajoute Alexandra Hawrylyszyn.<strong style=\"font-size: 1.8rem;\">\u00a0<\/strong><\/p>\n<p>Tribunal pour enfants ou Cour d&rsquo;assises de mineurs ?<\/p>\n<p>Devant quelle juridiction le suspect va-t-il \u00eatre jug\u00e9 ? Normalement, pour passer devant la Cour d&rsquo;assises des mineurs, il faut avoir plus de 16 ans. \u00ab\u00a0Il ne pourra \u00eatre jug\u00e9 que par un tribunal des enfants puisqu&rsquo;il a 14 ans. On peut \u00eatre tent\u00e9 de penser que ces tribunaux sont plus indulgents que ceux avec les jur\u00e9s populaires\u00a0\u00bb, commente Alexandra Hawrylyszyn.<\/p>\n<p>Dans ce cas, il y a un juge professionnel (le juge des enfants) et deux juges assesseurs (qui interviennent aupr\u00e8s du juge des mineurs), mais pas de jur\u00e9s populaires, selon l&rsquo;avocate p\u00e9naliste.<\/p>\n<p>\u00ab\u00a0Pas d\u2019ant\u00e9c\u00e9dent, casier vierge\u00a0\u00bb<\/p>\n<p class=\" wall-content\">Pour autant, dans ce dossier, l\u2019avocat p\u00e9naliste que nous avons contact\u00e9 pense que les juges ne vont pas forc\u00e9ment retenir vingt ans.<\/p>\n<blockquote class=\"ac-article-quote wall-content\">\n<p>Il n&rsquo;a pas d\u2019ant\u00e9c\u00e9dents, son casier est vierge, donc dans ces cas-l\u00e0, les juges sont rarement dans le maximum.<\/p>\n<p>    <strong>Avocat p\u00e9naliste<\/strong>\n            <\/p><\/blockquote>\n<p class=\" wall-content\">R\u00e9f\u00e9rent anti-harc\u00e8lement, bien int\u00e9gr\u00e9 dans son coll\u00e8ge, bon \u00e9l\u00e8ve, ce dernier est \u00ab issu d\u2019une famille unie et ins\u00e9r\u00e9e professionnellement \u00bb et \u00ab aucun membre de sa famille, ni lui-m\u00eame, ne pr\u00e9sente d\u2019ant\u00e9c\u00e9dents judiciaires \u00bb. Il avait fait l\u2019objet de deux sanctions disciplinaires en novembre et d\u00e9cembre 2024.<\/p>\n<p class=\" wall-content\">En revanche, des expertises pourront \u00eatre men\u00e9es pour aiguiller le jugement. Et justement, lors de sa garde \u00e0 vue, le mis en cause s\u2019est montr\u00e9 \u00ab d\u00e9tach\u00e9 \u00bb et ne pr\u00e9sente \u00ab\u00a0aucun signe \u00e9voquant un possible trouble mental\u00a0\u00bb. Le procureur ajoute qu\u2019il n\u2019a exprim\u00e9 \u00ab aucun regret, ni aucune compassion pour les victimes \u00bb.<\/p>\n<p class=\" wall-content\">Aux enqu\u00eateurs, le coll\u00e9gien a indiqu\u00e9 ne plus supporter le comportement des surveillantes en g\u00e9n\u00e9ral, qui auraient eu, selon lui, une attitude diff\u00e9rente selon les \u00e9l\u00e8ves.\u00a0<\/p>\n<p class=\" wall-content\">D\u2019ici son jugement, reste \u00e0 savoir combien de temps il sera incarc\u00e9r\u00e9 dans le cadre d\u2019une d\u00e9tention provisoire, comme c\u2019est une affaire criminelle. \u00ab\u00a0Contrairement aux majeurs, o\u00f9 les mandats de d\u00e9p\u00f4t en cas d\u2019instruction criminelle sont d\u2019un an renouvelable, pour lui, ce sera de <strong>six mois renouvelable une seule fois<\/strong>\u00ab\u00a0, poursuit l\u2019avocate.<\/p>\n<p>Pas de lev\u00e9e de l\u2019excuse<\/p>\n<p class=\" wall-content\">Et s\u2019il avait eu plus de 16 ans ? Le vote <a href=\"https:\/\/actu.fr\/societe\/durcir-la-justice-des-mineurs-le-parlement-adopte-la-loi-controversee-defendue-par-gabriel-attal_62658557.html\" rel=\"nofollow noopener\" target=\"_blank\">d\u2019une loi port\u00e9e par Gabriel Attal, <\/a>qui durcit la justice des mineurs, pr\u00e9voit l\u2019inversion du principe de \u00ab\u2009l\u2019excuse de minorit\u00e9\u2009\u00bb. Ce qui signifie qu\u2019\u00e0 partir de 16 ans, l\u2019att\u00e9nuation de la responsabilit\u00e9 deviendra l\u2019exception qui devra \u00eatre motiv\u00e9e par le juge et non plus la r\u00e8gle, pour les cas de r\u00e9cidive punis d\u2019au moins cinq ans d\u2019emprisonnement.<\/p>\n<blockquote class=\"ac-article-quote wall-content\">\n<p>S&rsquo;il est condamn\u00e9, il pourra avoir l&rsquo;excuse de minorit\u00e9 car il a moins de 16 ans. S&rsquo;il avait eu plus de 16 ans, il n&rsquo;aurait pas eu cette excuse syst\u00e9matiquement.<\/p>\n<p>    <strong>Alexandra Hawrylyszyn<\/strong><br \/>\n        Avocate p\u00e9naliste    <\/p><\/blockquote>\n<p class=\" wall-content\">Dans certains cas, il est possible exceptionnellement de lever cette \u00ab excuse de minorit\u00e9 \u00bb, comme le stipule une ordonnance de 2021 : \u00ab Le tribunal pour enfants et la Cour d\u2019assises des mineurs peuvent, \u00e0 titre exceptionnel et compte tenu des circonstances de l\u2019esp\u00e8ce et de la personnalit\u00e9 du mineur ainsi que de sa situation, d\u00e9cider qu\u2019il n\u2019y a pas lieu de faire application des r\u00e8gles d\u2019att\u00e9nuation des peines mentionn\u00e9es \u00bb.<\/p>\n<p class=\" wall-content\">Mais pour l\u2019avocate Alexandra Hawrylyszyn, il n\u2019y aura pas de lev\u00e9e possible au vu des faits. \u00ab\u00a0Le probl\u00e8me, c\u2019est qu\u2019il a moins de 16 ans, de toute fa\u00e7on, il ne va pas partir pour 30 ans\u00a0\u00bb, pr\u00e9cise-t-elle.<\/p>\n<p class=\" wall-content\">Pour ce qui concerne <strong>le lieu de d\u00e9tention,<\/strong> l\u2019adolescent devrait \u00eatre incarc\u00e9r\u00e9 en maison d\u2019arr\u00eat pour mineurs. \u00ab\u00a0Mais ce qui est s\u00fbr, c\u2019est qu\u2019il ne sera pas dans un centre \u00e9ducatif renforc\u00e9 (CER), une alternative \u00e0 l\u2019incarc\u00e9ration\u00a0\u00bb, conclut Alexandra Hawrylyszyn.<\/p>\n<p class=\" wall-content\">Suivez toute l\u2019actualit\u00e9 de vos villes et m\u00e9dias favoris en vous inscrivant \u00e0 <a href=\"https:\/\/moncompte.actu.fr\" title=\"D\u00e9couvez Mon Actu\" rel=\"nofollow noopener\" data-trk=\"{&quot;cta&quot;:{&quot;action&quot;:&quot;https:\\\/\\\/moncompte.actu.fr&quot;,&quot;category&quot;:&quot;mon compte&quot;,&quot;from&quot;:&quot;article footer&quot;,&quot;name&quot;:&quot;Mon actu&quot;,&quot;type&quot;:&quot;cta&quot;}}\" target=\"_blank\">Mon Actu<\/a>.<\/p>\n","protected":false},"excerpt":{"rendered":"Par L\u00e9a Giandomenico Publi\u00e9 le 12 juin 2025 \u00e0 20h51 Un meurtre avec pr\u00e9m\u00e9ditation, mais une peine r\u00e9duite&hellip;\n","protected":false},"author":2,"featured_media":172344,"comment_status":"","ping_status":"","sticky":false,"template":"","format":"standard","meta":{"footnotes":""},"categories":[2],"tags":[11,1719,1011,27,303,12,25,104],"class_list":{"0":"post-172343","1":"post","2":"type-post","3":"status-publish","4":"format-standard","5":"has-post-thumbnail","7":"category-actualites","8":"tag-actualites","9":"tag-enfants","10":"tag-fr","11":"tag-france","12":"tag-justice","13":"tag-news","14":"tag-republique-francaise","15":"tag-societe"},"share_on_mastodon":{"url":"https:\/\/pubeurope.com\/@fr\/114673826066852749","error":""},"_links":{"self":[{"href":"https:\/\/www.europesays.com\/fr\/wp-json\/wp\/v2\/posts\/172343","targetHints":{"allow":["GET"]}}],"collection":[{"href":"https:\/\/www.europesays.com\/fr\/wp-json\/wp\/v2\/posts"}],"about":[{"href":"https:\/\/www.europesays.com\/fr\/wp-json\/wp\/v2\/types\/post"}],"author":[{"embeddable":true,"href":"https:\/\/www.europesays.com\/fr\/wp-json\/wp\/v2\/users\/2"}],"replies":[{"embeddable":true,"href":"https:\/\/www.europesays.com\/fr\/wp-json\/wp\/v2\/comments?post=172343"}],"version-history":[{"count":0,"href":"https:\/\/www.europesays.com\/fr\/wp-json\/wp\/v2\/posts\/172343\/revisions"}],"wp:featuredmedia":[{"embeddable":true,"href":"https:\/\/www.europesays.com\/fr\/wp-json\/wp\/v2\/media\/172344"}],"wp:attachment":[{"href":"https:\/\/www.europesays.com\/fr\/wp-json\/wp\/v2\/media?parent=172343"}],"wp:term":[{"taxonomy":"category","embeddable":true,"href":"https:\/\/www.europesays.com\/fr\/wp-json\/wp\/v2\/categories?post=172343"},{"taxonomy":"post_tag","embeddable":true,"href":"https:\/\/www.europesays.com\/fr\/wp-json\/wp\/v2\/tags?post=172343"}],"curies":[{"name":"wp","href":"https:\/\/api.w.org\/{rel}","templated":true}]}}