{"id":172353,"date":"2025-06-13T03:08:10","date_gmt":"2025-06-13T03:08:10","guid":{"rendered":"https:\/\/www.europesays.com\/fr\/172353\/"},"modified":"2025-06-13T03:08:10","modified_gmt":"2025-06-13T03:08:10","slug":"gabriel-bortoleto-evite-la-pression-des-debutants-et-revele-son-secret-pour-gagner-en-f2-et-f3","status":"publish","type":"post","link":"https:\/\/www.europesays.com\/fr\/172353\/","title":{"rendered":"Gabriel Bortoleto \u00e9vite la pression des d\u00e9butants et r\u00e9v\u00e8le son secret pour gagner en F2 et F3."},"content":{"rendered":"<p>Lib\u00e9rer la pression : Le parcours en Formule 1 de la star montante Gabriel Bortoleto  <\/p>\n<\/p>\n<p>Dans le monde impitoyable de la Formule 1, o\u00f9 le talent et la t\u00e9nacit\u00e9 r\u00e8gnent en ma\u00eetres, les jeunes pilotes font face \u00e0 une pression immense pour prouver leur valeur sur la piste. Alors que des noms comme Jack Doohan, Liam Lawson et Franco Colapinto ont lutt\u00e9 contre de grandes attentes au d\u00e9but de leur carri\u00e8re, une \u00e9toile montante a r\u00e9ussi \u00e0 naviguer dans le regard intense du public avec une impressionnante s\u00e9r\u00e9nit\u00e9 \u2013 Gabriel Bortoleto.  <\/p>\n<p>Ayant suscit\u00e9 des comparaisons favorables avec son co\u00e9quipier Nico Hulkenberg, Bortoleto a habilement \u00e9vit\u00e9 les appr\u00e9hensions du d\u00e9butant qui frappent souvent les nouveaux venus dans le sport. Le prodige br\u00e9silien r\u00e9fl\u00e9chit \u00e0 la pression palpable qu\u2019il a ressentie en Formule 2 et en Formule 3, o\u00f9 l\u2019incertitude de s\u00e9curiser un financement pour les saisons suivantes pesait lourd.  <\/p>\n<p>\u00ab\u00a0En F3 et en F2, la pression est sans pareil. Vous n\u2019avez qu\u2019une seule chance,\u00a0\u00bb a d\u00e9clar\u00e9 Bortoleto. \u00ab\u00a0Gagner n\u2019est pas seulement un d\u00e9sir ; c\u2019est une n\u00e9cessit\u00e9 si vous nourrissez des r\u00eaves d\u2019atteindre la Formule 1. Les enjeux sont \u00e9lev\u00e9s, et la marge d\u2019erreur est mince comme un rasoir.\u00a0\u00bb  <\/p>\n<p>Ayant remport\u00e9 des victoires en F2 et en F3 lors de ses saisons de d\u00e9but, l\u2019ascension fulgurante de Bortoleto souligne sa d\u00e9termination ind\u00e9fectible et son talent brut. Maintenant, alors qu\u2019il se lance dans son parcours en Formule 1, le jeune pilote reste imperturbable face aux d\u00e9fis qui l\u2019attendent.  <\/p>\n<p>\u00ab\u00a0La pression en F1 est une b\u00eate diff\u00e9rente. Je suis ici pour exceller, pour montrer mes comp\u00e9tences sur la plus grande sc\u00e8ne qui soit,\u00a0\u00bb a affirm\u00e9 Bortoleto. \u00ab\u00a0Obtenir une place en Formule 1 n\u2019\u00e9tait que le d\u00e9but ; mon objectif ultime est de cimenter mon h\u00e9ritage en tant que force redoutable dans le monde du sport automobile.\u00a0\u00bb  <\/p>\n<p>Alors que Gabriel Bortoleto se pr\u00e9pare \u00e0 laisser sa marque en Formule 1, le monde de la course observe avec une respiration retenue, d\u00e9sireux d\u2019assister au prochain chapitre de sa saga captivante. Dans un sport o\u00f9 chaque seconde compte et chaque man\u0153uvre fa\u00e7onne des destins, Bortoleto est pr\u00eat \u00e0 saisir la gloire et \u00e0 graver son nom parmi le panth\u00e9on des l\u00e9gendes de la course.<\/p>\n","protected":false},"excerpt":{"rendered":"Lib\u00e9rer la pression : Le parcours en Formule 1 de la star montante Gabriel Bortoleto Dans le monde&hellip;\n","protected":false},"author":2,"featured_media":172354,"comment_status":"","ping_status":"","sticky":false,"template":"","format":"standard","meta":{"footnotes":""},"categories":[1412],"tags":[1451,1452,1453,1454,1455,1011,27,30735,60],"class_list":{"0":"post-172353","1":"post","2":"type-post","3":"status-publish","4":"format-standard","5":"has-post-thumbnail","7":"category-f1","8":"tag-f1","9":"tag-formula-1","10":"tag-formula1","11":"tag-formule-1","12":"tag-formule1","13":"tag-fr","14":"tag-france","15":"tag-gabriel-bortoletos","16":"tag-sports"},"share_on_mastodon":{"url":"https:\/\/pubeurope.com\/@fr\/114673857598687402","error":""},"_links":{"self":[{"href":"https:\/\/www.europesays.com\/fr\/wp-json\/wp\/v2\/posts\/172353","targetHints":{"allow":["GET"]}}],"collection":[{"href":"https:\/\/www.europesays.com\/fr\/wp-json\/wp\/v2\/posts"}],"about":[{"href":"https:\/\/www.europesays.com\/fr\/wp-json\/wp\/v2\/types\/post"}],"author":[{"embeddable":true,"href":"https:\/\/www.europesays.com\/fr\/wp-json\/wp\/v2\/users\/2"}],"replies":[{"embeddable":true,"href":"https:\/\/www.europesays.com\/fr\/wp-json\/wp\/v2\/comments?post=172353"}],"version-history":[{"count":0,"href":"https:\/\/www.europesays.com\/fr\/wp-json\/wp\/v2\/posts\/172353\/revisions"}],"wp:featuredmedia":[{"embeddable":true,"href":"https:\/\/www.europesays.com\/fr\/wp-json\/wp\/v2\/media\/172354"}],"wp:attachment":[{"href":"https:\/\/www.europesays.com\/fr\/wp-json\/wp\/v2\/media?parent=172353"}],"wp:term":[{"taxonomy":"category","embeddable":true,"href":"https:\/\/www.europesays.com\/fr\/wp-json\/wp\/v2\/categories?post=172353"},{"taxonomy":"post_tag","embeddable":true,"href":"https:\/\/www.europesays.com\/fr\/wp-json\/wp\/v2\/tags?post=172353"}],"curies":[{"name":"wp","href":"https:\/\/api.w.org\/{rel}","templated":true}]}}