{"id":172359,"date":"2025-06-13T03:11:10","date_gmt":"2025-06-13T03:11:10","guid":{"rendered":"https:\/\/www.europesays.com\/fr\/172359\/"},"modified":"2025-06-13T03:11:10","modified_gmt":"2025-06-13T03:11:10","slug":"des-conneries-laura-smet-remet-de-lhuile-sur-le-feu-avec-laeticia-hallyday-et-elle-ne-prend-pas-de-gants","status":"publish","type":"post","link":"https:\/\/www.europesays.com\/fr\/172359\/","title":{"rendered":"\u201cDes conneries !\u201d : Laura Smet remet de l\u2019huile sur le feu avec Laeticia Hallyday et elle ne prend pas de gants"},"content":{"rendered":"<p class=\"p1\">Il aurait c\u00e9l\u00e9br\u00e9 ses 82 ans. Le dimanche 15 juin,<br \/>\nJohnny Hallyday aurait d\u00fb <strong>f\u00eater son anniversaire<\/strong>.<br \/>\n\u00c0 la place, ses proches vont lui rendre hommage. Pascal Obispo va<br \/>\nnotamment d\u00e9voiler le titre <strong>Appelle-moi<br \/>\nJohnny<\/strong>. Un morceau accompagn\u00e9 d\u2019un clip dans lequel<br \/>\n<a href=\"https:\/\/www.closermag.fr\/people\/laura-smet-quitte-sa-vie-paisible-au-cap-ferret-avec-mari-et-enfant-3552058\" target=\"_blank\" rel=\"noopener\"><br \/>\nLaura Smet<\/a> appara\u00eet.<\/p>\n<p class=\"p1\">Trois jours avant la sortie de cette chanson, la<br \/>\nfille du Taulier s\u2019est confi\u00e9e sur <strong>cette<br \/>\nexp\u00e9rience<\/strong> dans les colonnes de Gala. \u201cAvec<br \/>\nce clip en hommage \u00e0 mon p\u00e8re, je me r\u00e9pare\u00a0! Je me sens enfin<br \/>\napais\u00e9e, comme rarement depuis son d\u00e9part\u201d, a-t-elle<br \/>\navou\u00e9.<\/p>\n<p>Laura Smet donne un avis bien tranch\u00e9 sur le<br \/>\nbiopic<\/p>\n<p class=\"p1\">Pour la premi\u00e8re fois depuis <strong>la mort de<br \/>\nJohnny Hallyday<\/strong>, Laura Smet \u201creconna\u00eet son ADN\u201d<br \/>\ndans un texte. \u201cIl s\u2019est pass\u00e9 sept ans depuis son d\u00e9part. Et<br \/>\nje trouve bien qu\u2019il y ait de vrais hommages comme celui-ci\u201d,<br \/>\na-t-elle confi\u00e9.<\/p>\n<p class=\"p1\">Alors que <a href=\"https:\/\/www.telestar.fr\/people\/johnny-hallyday-pour-son-biopic-laeticia-mise-sur-lacteur-en-vogue-du-cinema-francais-1678754\" target=\"_blank\" rel=\"noopener\">le biopic<\/a>, dirig\u00e9 par C\u00e9dric<br \/>\nJimenez est en pr\u00e9paration, la maman de L\u00e9o a <strong>donn\u00e9 son<br \/>\navis<\/strong> sur les projets autour du rockeur. \u201cC\u2019est bien de<br \/>\nn\u2019avoir rien fait dans l\u2019urgence, comme un biopic, parce qu\u2019il faut<br \/>\nrespecter le temps du deuil. Y compris celui des fans\u201d,<br \/>\na-t-elle assur\u00e9. Et d\u2019ajouter \u00e0 propos du projet soutenu par<br \/>\n<strong>Laeticia Hallyday<\/strong> : \u201cJe ne suis pas contre un<br \/>\nbiopic sur mon p\u00e8re, j\u2019en r\u00eaverais m\u00eame, mais je veux que l\u2019on<br \/>\nraconte le vrai Johnny. Et pas des conneries !\u201d<\/p>\n<p>L\u2019actrice a \u00e9t\u00e9 pr\u00e9venue du projet<br \/>\npar Pascal Obispo<\/p>\n<p class=\"p1\">Si Laura Smet ne s\u2019oppose pas au biopic sur Johnny<br \/>\nHallyday, elle n\u2019a pas appr\u00e9ci\u00e9 de <strong>ne pas avoir \u00e9t\u00e9 tenue<br \/>\nau courant<\/strong>. \u201cJe n\u2019ai rien lu, ni vu. Tout ce que je<br \/>\nsais, c\u2019est que Pascal Obispo a eu l\u2019humanit\u00e9 de m\u2019appeler pour me<br \/>\npr\u00e9venir qu\u2019un biopic se pr\u00e9parait\u201d, a-t-elle affirm\u00e9.<\/p>\n<p class=\"p1\">De son c\u00f4t\u00e9, <a href=\"https:\/\/www.closermag.fr\/people\/les-verites-ne-sont-pas-bonnes-a-dire-pascal-obispo-vide-son-sac-sur-le-clan-hallyday-et-cest-pas-joli-joli-3553972\" target=\"_blank\" rel=\"noopener\"><br \/>\nPascal Obispo<\/a> a refus\u00e9 de donner <strong>les droits des<br \/>\nchansons<\/strong>, comme Allumer le feu, sans demande<br \/>\npr\u00e9alable \u00e0 David Hallyday et Laura Smet. \u201cJ\u2019ai dit que<br \/>\nj\u2019accepterais \u00e0 l\u2019unique condition qu\u2019ils valident, alors \u00e7a ne<br \/>\ns\u2019est pas fait\u201d, a-t-il indiqu\u00e9. Et Laura Smet de pr\u00e9ciser :<br \/>\n\u201cCette attitude respectueuse vis-\u00e0-vis de nous, je peux vous<br \/>\ndire que je l\u2019ai constat\u00e9e tr\u00e8s peu de fois. \u00c7a se compte \u00e0 peine<br \/>\nsur les doigts d\u2019une main\u201d. Des <strong>tacles<br \/>\nindirects<\/strong> lanc\u00e9s \u00e0 Laeticia Hallyday.<\/p>\n","protected":false},"excerpt":{"rendered":"Il aurait c\u00e9l\u00e9br\u00e9 ses 82 ans. Le dimanche 15 juin, Johnny Hallyday aurait d\u00fb f\u00eater son anniversaire. \u00c0&hellip;\n","protected":false},"author":2,"featured_media":172360,"comment_status":"","ping_status":"","sticky":false,"template":"","format":"standard","meta":{"footnotes":""},"categories":[1359],"tags":[548,58,59,1011,27,7648,15910,973],"class_list":{"0":"post-172359","1":"post","2":"type-post","3":"status-publish","4":"format-standard","5":"has-post-thumbnail","7":"category-people","8":"tag-article-simple","9":"tag-divertissement","10":"tag-entertainment","11":"tag-fr","12":"tag-france","13":"tag-laeticia-hallyday","14":"tag-laura-smet","15":"tag-people"},"share_on_mastodon":{"url":"https:\/\/pubeurope.com\/@fr\/114673869514386892","error":""},"_links":{"self":[{"href":"https:\/\/www.europesays.com\/fr\/wp-json\/wp\/v2\/posts\/172359","targetHints":{"allow":["GET"]}}],"collection":[{"href":"https:\/\/www.europesays.com\/fr\/wp-json\/wp\/v2\/posts"}],"about":[{"href":"https:\/\/www.europesays.com\/fr\/wp-json\/wp\/v2\/types\/post"}],"author":[{"embeddable":true,"href":"https:\/\/www.europesays.com\/fr\/wp-json\/wp\/v2\/users\/2"}],"replies":[{"embeddable":true,"href":"https:\/\/www.europesays.com\/fr\/wp-json\/wp\/v2\/comments?post=172359"}],"version-history":[{"count":0,"href":"https:\/\/www.europesays.com\/fr\/wp-json\/wp\/v2\/posts\/172359\/revisions"}],"wp:featuredmedia":[{"embeddable":true,"href":"https:\/\/www.europesays.com\/fr\/wp-json\/wp\/v2\/media\/172360"}],"wp:attachment":[{"href":"https:\/\/www.europesays.com\/fr\/wp-json\/wp\/v2\/media?parent=172359"}],"wp:term":[{"taxonomy":"category","embeddable":true,"href":"https:\/\/www.europesays.com\/fr\/wp-json\/wp\/v2\/categories?post=172359"},{"taxonomy":"post_tag","embeddable":true,"href":"https:\/\/www.europesays.com\/fr\/wp-json\/wp\/v2\/tags?post=172359"}],"curies":[{"name":"wp","href":"https:\/\/api.w.org\/{rel}","templated":true}]}}