{"id":172373,"date":"2025-06-13T03:20:15","date_gmt":"2025-06-13T03:20:15","guid":{"rendered":"https:\/\/www.europesays.com\/fr\/172373\/"},"modified":"2025-06-13T03:20:15","modified_gmt":"2025-06-13T03:20:15","slug":"lepisode-4-de-la-saison-5-de-hpi-sur-tf1-va-doublement-jouer-avec-vos-nerfs-voila-pourquoi","status":"publish","type":"post","link":"https:\/\/www.europesays.com\/fr\/172373\/","title":{"rendered":"L\u2019\u00e9pisode 4\u00a0de la saison 5\u00a0de \u00ab\u00a0HPI\u00a0\u00bb sur TF1\u00a0va doublement jouer avec vos nerfs, voil\u00e0 pourquoi"},"content":{"rendered":"<p>        <img decoding=\"async\" loading=\"lazy\" src=\"https:\/\/www.europesays.com\/fr\/wp-content\/uploads\/2025\/06\/15de6eb_upload-1-2khxn727xfq9-95f8d24b364ca7fc3f72c3f9eb7a7314.jpg\"  width=\"728\" height=\"409\" alt=\"Audrey Fleurot incarne Morgane Alvaro dans \u00ab\u00a0HPI\u00a0\u00bb depuis 5\u00a0saisons sur TF1. \"\/>  <\/p>\n<p>TF1<\/p>\n<p>Audrey Fleurot incarne Morgane Alvaro dans \u00ab\u00a0HPI\u00a0\u00bb depuis 5\u00a0saisons sur TF1. <\/p>\n<p class=\"asset asset-text\">S\u00c9RIES T\u00c9L\u00c9 &#8211; Les aventures et les enqu\u00eates de Morgane, Karadec, Gilles, Daphn\u00e9 et compagnie ne sont pas encore finies. Mais pas loin. Les t\u00e9l\u00e9spectateurs le savent, la <a href=\"https:\/\/www.huffingtonpost.fr\/culture\/article\/la-saison-5-de-hpi-arrive-tf1-audrey-fleurot-dit-etre-dans-le-deni-total-sur-la-fin-de-la-serie_250013.html\" rel=\"nofollow noopener\" target=\"_blank\">saison 5\u00a0de la s\u00e9rie HPI\u00a0<\/a>en cours de diffusion<a href=\"https:\/\/www.huffingtonpost.fr\/divertissement\/article\/dans-koh-lanta-le-coup-de-bluff-de-jerome-et-claire-fait-une-nouvelle-victime-collaterale_251183.html\" rel=\"nofollow noopener\" target=\"_blank\"> sur TF1\u00a0<\/a>sera la derni\u00e8re pour la fiction polici\u00e8re avec <a href=\"https:\/\/www.huffingtonpost.fr\/culture\/article\/dans-hpi-sur-tf1-ce-moment-que-les-fans-attendent-depuis-4-ans-est-enfin-arrive_249692.html\" rel=\"nofollow noopener\" target=\"_blank\">Audrey Fleurot et Mehdi Nebbou<\/a>. Ce jeudi 12\u00a0juin, apr\u00e8s une semaine de rel\u00e2che, ils vont d\u00e9couvrir l\u2019\u00e9pisode 4. Et ils n\u2019ont pas fini de se ronger les ongles.<\/p>\n<p class=\"asset asset-text\">Depuis le d\u00e9but de la s\u00e9rie polici\u00e8re, les sc\u00e9naristes savent jongler avec les codes du cliffhanger. Que ce soit \u00e0 la fin d\u2019une saison, comme celle qui voyait Morgane d\u00e9couvrir sa grossesse tout en ignorant l\u2019identit\u00e9 du p\u00e8re. Ou \u00e0 la fin d\u2019un \u00e9pisode, comme celui du 29\u00a0mai qui s\u2019achevait par la mort de Serge, le p\u00e8re de la consultante camp\u00e9 par Patrick Chesnais. Un \u00e9pisode tendu qui venait (aussi) remettre en p\u00e9ril parall\u00e8lement la relation apais\u00e9e entre les deux protagonistes, et la position de Morgane au sein de la brigade. Avec ce 4e \u00e9pisode, TF1\u00a0va jouer \u00e0 nouveau avec nos nerfs, plut\u00f4t deux fois qu\u2019une.<\/p>\n<p class=\"asset asset-text\">Au menu de l\u2019intrigue cette semaine, une nouvelle enqu\u00eate sur une disparition inqui\u00e9tante, que Morgane m\u00e8ne \u00e0 distance depuis un train avec l\u2019aide de Daphn\u00e9 (B\u00e9reng\u00e8re McNeese) et Gilles (Bruno Sanches). Mais si les \u00ab\u00a0d\u00e9mos\u00a0\u00bb de la m\u00e8re de famille au QI de 140 rythment comme d\u2019habitude l\u2019\u00e9pisode, ce n\u2019est pas vraiment cela qui nous tient en haleine.<\/p>\n<p class=\"asset asset-text\">L\u2019\u00e9pisode 4\u00a0vient en effet tirer sur un fil rouge pr\u00e9sent depuis le tout d\u00e9but de la s\u00e9rie, tout en ajoutant de nouveaux \u00e9l\u00e9ments perturbateurs. Il s\u2019ach\u00e8ve de plus sur un (autre) rebondissement de taille. Nous n\u2019en dirons pas plus.<\/p>\n<p class=\"asset asset-text\">\u00ab\u00a0Pas de probl\u00e8me, on saura la suite la semaine prochaine\u00a0\u00bb, se disent probablement certains t\u00e9l\u00e9spectateurs. Erreur. Car cette ann\u00e9e encore, TF1\u00a0a fait le choix de couper la saison en deux parties. Le 4e \u00e9pisode de la saison 5\u00a0diffus\u00e9 ce jeudi 12\u00a0juin est le dernier de la partie 1. En effet, \u00e0 partir du jeudi 19\u00a0juin, TF1\u00a0rediffusera d\u2019anciens \u00e9pisodes de la s\u00e9rie. Pour d\u00e9couvrir la suite des aventures et m\u00e9saventures de Morgane et Karadec, et le d\u00e9nouement de HPI, il va falloir attendre plusieurs mois. On sait, c\u2019est dur.<\/p>\n","protected":false},"excerpt":{"rendered":"TF1 Audrey Fleurot incarne Morgane Alvaro dans \u00ab\u00a0HPI\u00a0\u00bb depuis 5\u00a0saisons sur TF1. S\u00c9RIES T\u00c9L\u00c9 &#8211; Les aventures et&hellip;\n","protected":false},"author":2,"featured_media":172374,"comment_status":"","ping_status":"","sticky":false,"template":"","format":"standard","meta":{"footnotes":""},"categories":[8],"tags":[21259,251,58,59,1011,27,21261,595,199],"class_list":{"0":"post-172373","1":"post","2":"type-post","3":"status-publish","4":"format-standard","5":"has-post-thumbnail","7":"category-divertissement","8":"tag-audrey-fleurot","9":"tag-culture","10":"tag-divertissement","11":"tag-entertainment","12":"tag-fr","13":"tag-france","14":"tag-hpi","15":"tag-serie-tv","16":"tag-tf1"},"share_on_mastodon":{"url":"https:\/\/pubeurope.com\/@fr\/114673904848080636","error":""},"_links":{"self":[{"href":"https:\/\/www.europesays.com\/fr\/wp-json\/wp\/v2\/posts\/172373","targetHints":{"allow":["GET"]}}],"collection":[{"href":"https:\/\/www.europesays.com\/fr\/wp-json\/wp\/v2\/posts"}],"about":[{"href":"https:\/\/www.europesays.com\/fr\/wp-json\/wp\/v2\/types\/post"}],"author":[{"embeddable":true,"href":"https:\/\/www.europesays.com\/fr\/wp-json\/wp\/v2\/users\/2"}],"replies":[{"embeddable":true,"href":"https:\/\/www.europesays.com\/fr\/wp-json\/wp\/v2\/comments?post=172373"}],"version-history":[{"count":0,"href":"https:\/\/www.europesays.com\/fr\/wp-json\/wp\/v2\/posts\/172373\/revisions"}],"wp:featuredmedia":[{"embeddable":true,"href":"https:\/\/www.europesays.com\/fr\/wp-json\/wp\/v2\/media\/172374"}],"wp:attachment":[{"href":"https:\/\/www.europesays.com\/fr\/wp-json\/wp\/v2\/media?parent=172373"}],"wp:term":[{"taxonomy":"category","embeddable":true,"href":"https:\/\/www.europesays.com\/fr\/wp-json\/wp\/v2\/categories?post=172373"},{"taxonomy":"post_tag","embeddable":true,"href":"https:\/\/www.europesays.com\/fr\/wp-json\/wp\/v2\/tags?post=172373"}],"curies":[{"name":"wp","href":"https:\/\/api.w.org\/{rel}","templated":true}]}}