{"id":172379,"date":"2025-06-13T03:23:14","date_gmt":"2025-06-13T03:23:14","guid":{"rendered":"https:\/\/www.europesays.com\/fr\/172379\/"},"modified":"2025-06-13T03:23:14","modified_gmt":"2025-06-13T03:23:14","slug":"aukus-le-pentagone-reexamine-la-cession-de-sous-marins-nucleaires-dattaque-a-laustralie","status":"publish","type":"post","link":"https:\/\/www.europesays.com\/fr\/172379\/","title":{"rendered":"AUKUS : Le Pentagone r\u00e9examine la cession de sous-marins nucl\u00e9aires d&rsquo;attaque \u00e0 l&rsquo;Australie"},"content":{"rendered":"<p><img fetchpriority=\"high\" decoding=\"async\" src=\"https:\/\/www.europesays.com\/fr\/wp-content\/uploads\/2025\/06\/sna-virginia-20220213.jpg\" alt=\"\" width=\"600\" height=\"398\" class=\"alignnone size-full wp-image-65107\"  \/><\/p>\n<p>Annonc\u00e9 le 21 septembre 2021 par l\u2019Australie, le Royaume-Uni et les \u00c9tats-Unis, le pacte AUKUS eut pour cons\u00e9quence l\u2019annulation par Canberra de l\u2019achat de douze sous-marins \u00e0 propulsion diesel-\u00e9lectrique Shortfin Barracuda [ou Attack] aupr\u00e8s du fran\u00e7ais Naval Group. Ce qui engendra une brouille diplomatique avec la France. <\/p>\n<p>En effet, le pacte AUKUS vise \u00e0 doter la marine australienne [Royal Australian Navy, RAN] de huit sous-marins nucl\u00e9aires d\u2019attaque [SNA], dont trois devant \u00eatre fournis par les \u00c9tats-Unis [classe Virginia] entre 2032 et 2038. Quant aux cinq autres, il seront construits dans le cadre d\u2019une \u00e9troite coop\u00e9ration industrielle avec le Royaume-Uni, dans le cadre du programme SSN-AUKUS. \u00c0 noter que la derni\u00e8re Revue strat\u00e9gique de d\u00e9fense britannique pr\u00e9voit d\u2019en acqu\u00e9rir douze exemplaires pour remplacer les sept SNA de type Astute de la Royal Navy. <\/p>\n<p>Seulement, il est tr\u00e8s vite apparu que ce plan serait difficile \u00e0 r\u00e9aliser. Actuellement, en raison de capacit\u00e9s de production sous-dimensionn\u00e9es, d\u2019un manque de main d\u2019\u0153uvre qualifi\u00e9e et de difficult\u00e9s en mati\u00e8re d\u2019approvisionnement, l\u2019industrie navale am\u00e9ricaine ne peut en effet fabriquer qu\u2019un seul SNA de type Virginia par an\u2026 alors qu\u2019il en faudrait au moins deux pour r\u00e9pondre aux besoins de l\u2019US Navy\u2026 ainsi que, d\u00e9sormais, \u00e0 ceux de la RAN. <\/p>\n<p>Or, ayant br\u00fbl\u00e9 ses vaisseaux en annulant le contrat \u00ab\u00a0Shortfin Barracuda\u00a0\u00bb pour se lancer dans le programme AUKUS, l\u2019Australie peut difficilement revenir en arri\u00e8re, alors que les six sous-marins de type Collins de la RAN ne pourront gu\u00e8re \u00eatre prolong\u00e9s au-del\u00e0 de 2040. D\u2019o\u00f9 sa d\u00e9cision d\u2019investir 3 milliards de dollars pour soutenir l\u2019industrie navale am\u00e9ricaine. Une premi\u00e8re tranche, d\u2019un montant de 500 millions, a d\u2019ailleurs \u00e9t\u00e9 d\u00e9bloqu\u00e9e en f\u00e9vrier dernier. <\/p>\n<p>Pour autant, cela risque d\u2019\u00eatre insuffisant. Sous-secr\u00e9taire am\u00e9ricain \u00e0 la D\u00e9fense charg\u00e9 de la politique, Elbridge Colby a en effet pr\u00e9venu, lors de son audition de confirmation au S\u00e9nat, en mars : m\u00eame avec la subvention accord\u00e9e par Canberra, il sera \u00ab\u00a0tr\u00e8s compliqu\u00e9\u00a0\u00bb de livrer les trois SNA promis \u00e0 la marine australienne. <\/p>\n<p>Le service de recherche du Congr\u00e8s n\u2019a pas dit autre chose, dans un r\u00e9cent rapport. Et m\u00eame si les Virginia \u00e9taient construits dans les d\u00e9lais, a-t-il soulign\u00e9, les \u00c9tats-Unis pourraient d\u00e9cider de les livrer \u00e0 l\u2019US Navy plut\u00f4t qu\u2019\u00e0 la RAN. \u00c0 moins de les baser en Australie\u2026 mais sous un  contr\u00f4le op\u00e9rationnel am\u00e9ricain. <\/p>\n<p>En effet, dans le cas d\u2019une confrontation avec la Chine, au niveau de la premi\u00e8re cha\u00eene d\u2019\u00eeles [de Ta\u00efwan \u00e0 Born\u00e9o en passant par le Japon et les Philippines], les SNA de l\u2019US Navy seront au c\u0153ur de la strat\u00e9gie militaire am\u00e9ricaine. <\/p>\n<p>C\u2019est dans ce contexte que, le 11 juin, le Pentagone a confirm\u00e9 une information du Financial Times, selon laquelle il \u00e9tait en train de \u00ab\u00a0r\u00e9examiner\u00a0\u00bb  le pacte AUKUS et ses implications sur la flotte de SNA de l\u2019US Navy. <\/p>\n<p>\u00ab\u00a0Le d\u00e9partement de la D\u00e9fense examine le pacte AUKUS afin de garantir que cette initiative de l\u2019administration pr\u00e9c\u00e9dente soit bien align\u00e9e sur le programme \u2018America First\u2019 du pr\u00e9sident\u00a0\u00bb Trump, a fait savoir un porte-parole du Pentagone, via un communiqu\u00e9. Sans donner plus de d\u00e9tails, il a soulign\u00e9 qu\u2019il s\u2019agissait de r\u00e9pondre \u00e0 des pr\u00e9occupations sur l\u2019\u00e9tat de pr\u00e9paration des forces ainsi que sur les capacit\u00e9s de l\u2019industrie de d\u00e9fense am\u00e9ricaine\u00a0\u00bb. <\/p>\n<p>\u00ab\u00a0Cet examen garantira que l\u2019initiative r\u00e9pond aux crit\u00e8res de bon sens d\u2019America First\u00a0\u00bb, a insist\u00e9 le porte-parole. Cela signifie que \u00ab\u00a0le niveau de pr\u00e9paration de nos forces doit \u00eatre maximal, que nos alli\u00e9s s\u2019engagent pleinement \u00e0 contribuer \u00e0 la d\u00e9fense collective et que l\u2019industrie r\u00e9ponde \u00e0 nos besoins\u00a0\u00bb, a-t-il ajout\u00e9. <\/p>\n<p>L\u2019Australie et le Royaume-Uni ont \u00e9t\u00e9 pr\u00e9venus de cet examen. <\/p>\n<p>Un porte-parole du minist\u00e8re australien de la D\u00e9fense a fait valoir que le pacte AUKUS, qui ne concerne pas seulement les sous-marins mais aussi le partage d\u2019autres technologies [missiles, intelligence artificielle, etc.], doit \u00ab\u00a0permettre de d\u00e9velopper les industries de d\u00e9fense am\u00e9ricaine et australienne\u00a0\u00bb et de cr\u00e9er des \u00ab\u00a0milliers de nouveaux emplois dans le secteur manufacturier\u00a0\u00bb. <\/p>\n<p>De son c\u00f4t\u00e9, un porte-parole du gouvernement britannique a estim\u00e9 qu\u2019il est \u00ab\u00a0compr\u00e9hensible qu\u2019une administration nouvellement \u00e9lue souhaite revoir son approche dans un partenariat de cette ampleur\u00a0\u00bb. Toutefois, a-t-il ajout\u00e9, \u00ab\u00a0AUKUS est un partenariat historique de s\u00e9curit\u00e9 et de d\u00e9fense entre deux de nos plus proches amis et il est l\u2019un des plus importants sur le plan strat\u00e9gique depuis des d\u00e9cennies\u00a0\u00bb. <\/p>\n","protected":false},"excerpt":{"rendered":"Annonc\u00e9 le 21 septembre 2021 par l\u2019Australie, le Royaume-Uni et les \u00c9tats-Unis, le pacte AUKUS eut pour cons\u00e9quence&hellip;\n","protected":false},"author":2,"featured_media":172380,"comment_status":"","ping_status":"","sticky":false,"template":"","format":"standard","meta":{"footnotes":""},"categories":[5],"tags":[11,5035,73,1011,27,14,12,1068,30740,473,30741,30742,29524,30743,30744,28],"class_list":{"0":"post-172379","1":"post","2":"type-post","3":"status-publish","4":"format-standard","5":"has-post-thumbnail","7":"category-international","8":"tag-actualites","9":"tag-australie","10":"tag-etats-unis","11":"tag-fr","12":"tag-france","13":"tag-international","14":"tag-news","15":"tag-pentagone","16":"tag-royal-australian-navy","17":"tag-royaume-uni","18":"tag-sna","19":"tag-sous-marin-nuclaire-dattaque","20":"tag-ssn-aukus","21":"tag-us-navy","22":"tag-virginia","23":"tag-world"},"share_on_mastodon":{"url":"https:\/\/pubeurope.com\/@fr\/114673916587357386","error":""},"_links":{"self":[{"href":"https:\/\/www.europesays.com\/fr\/wp-json\/wp\/v2\/posts\/172379","targetHints":{"allow":["GET"]}}],"collection":[{"href":"https:\/\/www.europesays.com\/fr\/wp-json\/wp\/v2\/posts"}],"about":[{"href":"https:\/\/www.europesays.com\/fr\/wp-json\/wp\/v2\/types\/post"}],"author":[{"embeddable":true,"href":"https:\/\/www.europesays.com\/fr\/wp-json\/wp\/v2\/users\/2"}],"replies":[{"embeddable":true,"href":"https:\/\/www.europesays.com\/fr\/wp-json\/wp\/v2\/comments?post=172379"}],"version-history":[{"count":0,"href":"https:\/\/www.europesays.com\/fr\/wp-json\/wp\/v2\/posts\/172379\/revisions"}],"wp:featuredmedia":[{"embeddable":true,"href":"https:\/\/www.europesays.com\/fr\/wp-json\/wp\/v2\/media\/172380"}],"wp:attachment":[{"href":"https:\/\/www.europesays.com\/fr\/wp-json\/wp\/v2\/media?parent=172379"}],"wp:term":[{"taxonomy":"category","embeddable":true,"href":"https:\/\/www.europesays.com\/fr\/wp-json\/wp\/v2\/categories?post=172379"},{"taxonomy":"post_tag","embeddable":true,"href":"https:\/\/www.europesays.com\/fr\/wp-json\/wp\/v2\/tags?post=172379"}],"curies":[{"name":"wp","href":"https:\/\/api.w.org\/{rel}","templated":true}]}}