{"id":172383,"date":"2025-06-13T03:25:20","date_gmt":"2025-06-13T03:25:20","guid":{"rendered":"https:\/\/www.europesays.com\/fr\/172383\/"},"modified":"2025-06-13T03:25:20","modified_gmt":"2025-06-13T03:25:20","slug":"apres-le-pic-de-chaleur-de-violents-orages-vont-balayer-la-manche","status":"publish","type":"post","link":"https:\/\/www.europesays.com\/fr\/172383\/","title":{"rendered":"Apr\u00e8s le pic de chaleur, de violents orages vont balayer la Manche"},"content":{"rendered":"<p>            Par<br \/>\n        <strong><br \/>\n            <a href=\"https:\/\/actu.fr\/auteur\/sebastien-lucot\" title=\"Consulter tous les articles de Sebastien Lucot\" target=\"_blank\" rel=\"noopener\">Sebastien Lucot<\/a><br \/>\n        <\/strong><\/p>\n<p>        Publi\u00e9 le<\/p>\n<p>            12 juin 2025 \u00e0 18h00        <\/p>\n<p>Quelques jours de chaleur, puis s\u2019en va. Mercredi 11\u00a0juin 2025, le thermom\u00e8tre a fr\u00f4l\u00e9 la barre des 30\u00a0\u00b0C dans le <a href=\"https:\/\/actu.fr\/tag\/sud-manche\" target=\"_blank\" rel=\"noopener\">Sud-Manche<\/a>. Puis, apr\u00e8s des orages \u00e9pars ce jeudi matin, suivie d\u2019une lourdeur palpable en journ\u00e9e,<b> ce temps estival va voler en \u00e9clats en fin d\u2019apr\u00e8s-midi, vendredi, avec la mise en place d\u2019une puissante d\u00e9gradation orageuse.<\/b><\/p>\n<p>D\u00e8s le milieu d\u2019apr\u00e8s-midi<\/p>\n<p class=\" wall-content\">En marge d\u2019une petite d\u00e9pression circulant au large de l\u2019<a href=\"https:\/\/actu.fr\/tag\/irlande\" target=\"_blank\" rel=\"noopener\">Irlande <\/a>et dans un flux de sud-ouest dynamique en altitude, <b>l\u2019atmosph\u00e8re va devenir fortement instable d\u00e8s le milieu d\u2019apr\u00e8s-midi sur le Sud-Manche.<\/b> Prenant naissance aux confins de la Bretagne, de la <a href=\"https:\/\/actu.fr\/normandie\/\" target=\"_blank\" rel=\"noopener\">Normandie<\/a> et des Pays de la Loire, <b>des orages vont progressivement remonter vers l\u2019ex Basse-Normandie, puis la Haute-Normandie en cours de nuit. <\/b>En d\u00e9but de soir\u00e9e, lors de leur passage sur l\u2019Est du d\u00e9partement de la <a href=\"https:\/\/actu.fr\/normandie\/manche_50\" target=\"_blank\" rel=\"noopener\">Manche<\/a> et progressant vers le Calvados,<b> plusieurs d\u2019entre eux pourront \u00e9voluer en supercellule, un type particulier d\u2019orage qui est associ\u00e9 avec des ph\u00e9nom\u00e8nes violents, comme de violentes rafales de vent et de la gr\u00eale.<\/b><\/p>\n<p class=\" wall-content\">\u00ab<b>\u2009La prudence sera d\u2019actualit\u00e9 \u00e0 compter de vendredi apr\u00e8s-midi\u2009<\/b>: des orages potentiellement forts sont attendus des Pays de la Loire \u00e0 la Normandie, au bassin parisien et aux Hauts-de-France. Ces orages pourront engendrer des chutes de gr\u00eale, de fortes rafales et d\u2019intenses pluies\u2009\u00bb, informaient, ce jeudi dans le milieu d\u2019apr\u00e8s-midi, les services de <a href=\"https:\/\/actu.fr\/tag\/meteo-france\" target=\"_blank\" rel=\"noopener\">M\u00e9t\u00e9o-France<\/a>.<\/p>\n<p>    <img   decoding=\"async\" loading=\"lazy\" class=\"size-large\" src=\"https:\/\/www.europesays.com\/fr\/wp-content\/uploads\/2025\/06\/e176a676da4863676a676da485a76av-960x640.jpg\" alt=\"Des chutes de gr\u00eale sont probables sous les orages les plus forts.\" width=\"960\" height=\"640\"\/><br \/>\n    Des chutes de gr\u00eale sont probables sous les orages les plus forts. \u00a9M\u00e9t\u00e9o France\u00ab\u2009Une probable \u00e9volution vers le niveau orange\u2009\u00bb<\/p>\n<p class=\" wall-content\">D\u2019apr\u00e8s les param\u00e8tres atmosph\u00e9riques issus des derni\u00e8res sorties des mod\u00e8les m\u00e9t\u00e9orologiques ce jeudi en fin de journ\u00e9e, <b>la taille des gr\u00ealons sous ces orages supercellulaires pourrait atteindre 5 centim\u00e8tres<\/b>, notamment sur le Calvados. \u00ab\u2009Pour l\u2019instant, des incertitudes existent sur le d\u00e9tail du ciblage g\u00e9ographique, et de la chronologie\u2009\u00bb, pr\u00e9cise M\u00e9t\u00e9o France dans son bulletin d\u2019information.<\/p>\n<p class=\" wall-content\"><b>Plac\u00e9s en vigilance jaune pour les orages ce jeudi soir, les cinq d\u00e9partements normands pourraient observer \u00ab\u2009une probable \u00e9volution vers le niveau orange<\/b>\u2009\u00bb vendredi, dans la matin\u00e9e.<\/p>\n<p>Vid\u00e9os : en ce moment sur Actu<\/p>\n<p class=\" wall-content\">D\u2019intenses pr\u00e9cipitations, pouvant d\u00e9verser <b>50 litres d\u2019eau par m\u00e8tre carr\u00e9<\/b>, mais aussi <b>des bourrasques de l\u2019ordre de 100\u00a0km\/h,<\/b> sont pr\u00e9vues. <b>Le tout coupl\u00e9 \u00e0 une activit\u00e9 \u00e9lectrique marqu\u00e9e.<\/b><\/p>\n<p>Un temps plus calme et plus frais pour le week-end<\/p>\n<p class=\" wall-content\">Cette salve orageuse, <b>probablement la plus forte depuis le d\u00e9but de l\u2019ann\u00e9e pour la Normandie<\/b>, s\u2019\u00e9vacuera vers les \u00eeles Britanniques en cours de nuit. <b>Un temps plus calme et plus frais reviendra pour le week-end, avant une nouvelle hausse significative du mercure par paliers, tout au long de la semaine prochaine.<\/b><\/p>\n<p class=\" wall-content\">Suivez toute l\u2019actualit\u00e9 de vos villes et m\u00e9dias favoris en vous inscrivant \u00e0 <a href=\"https:\/\/moncompte.actu.fr\" title=\"D\u00e9couvez Mon Actu\" rel=\"nofollow noopener\" data-trk=\"{&quot;cta&quot;:{&quot;action&quot;:&quot;https:\\\/\\\/moncompte.actu.fr&quot;,&quot;category&quot;:&quot;mon compte&quot;,&quot;from&quot;:&quot;article footer&quot;,&quot;name&quot;:&quot;Mon actu&quot;,&quot;type&quot;:&quot;cta&quot;}}\" target=\"_blank\">Mon Actu<\/a>.<\/p>\n","protected":false},"excerpt":{"rendered":"Par Sebastien Lucot Publi\u00e9 le 12 juin 2025 \u00e0 18h00 Quelques jours de chaleur, puis s\u2019en va. Mercredi&hellip;\n","protected":false},"author":2,"featured_media":172384,"comment_status":"","ping_status":"","sticky":false,"template":"","format":"standard","meta":{"footnotes":""},"categories":[2],"tags":[11,3168,1011,27,2487,2357,12,4594],"class_list":{"0":"post-172383","1":"post","2":"type-post","3":"status-publish","4":"format-standard","5":"has-post-thumbnail","7":"category-actualites","8":"tag-actualites","9":"tag-cotentin","10":"tag-fr","11":"tag-france","12":"tag-meteo","13":"tag-meteo-france","14":"tag-news","15":"tag-orages"},"share_on_mastodon":{"url":"https:\/\/pubeurope.com\/@fr\/114673924559880130","error":""},"_links":{"self":[{"href":"https:\/\/www.europesays.com\/fr\/wp-json\/wp\/v2\/posts\/172383","targetHints":{"allow":["GET"]}}],"collection":[{"href":"https:\/\/www.europesays.com\/fr\/wp-json\/wp\/v2\/posts"}],"about":[{"href":"https:\/\/www.europesays.com\/fr\/wp-json\/wp\/v2\/types\/post"}],"author":[{"embeddable":true,"href":"https:\/\/www.europesays.com\/fr\/wp-json\/wp\/v2\/users\/2"}],"replies":[{"embeddable":true,"href":"https:\/\/www.europesays.com\/fr\/wp-json\/wp\/v2\/comments?post=172383"}],"version-history":[{"count":0,"href":"https:\/\/www.europesays.com\/fr\/wp-json\/wp\/v2\/posts\/172383\/revisions"}],"wp:featuredmedia":[{"embeddable":true,"href":"https:\/\/www.europesays.com\/fr\/wp-json\/wp\/v2\/media\/172384"}],"wp:attachment":[{"href":"https:\/\/www.europesays.com\/fr\/wp-json\/wp\/v2\/media?parent=172383"}],"wp:term":[{"taxonomy":"category","embeddable":true,"href":"https:\/\/www.europesays.com\/fr\/wp-json\/wp\/v2\/categories?post=172383"},{"taxonomy":"post_tag","embeddable":true,"href":"https:\/\/www.europesays.com\/fr\/wp-json\/wp\/v2\/tags?post=172383"}],"curies":[{"name":"wp","href":"https:\/\/api.w.org\/{rel}","templated":true}]}}