{"id":172389,"date":"2025-06-13T03:28:16","date_gmt":"2025-06-13T03:28:16","guid":{"rendered":"https:\/\/www.europesays.com\/fr\/172389\/"},"modified":"2025-06-13T03:28:16","modified_gmt":"2025-06-13T03:28:16","slug":"edito-le-ps-en-congres-a-nancy-pour-retrouver-sa-boussole","status":"publish","type":"post","link":"https:\/\/www.europesays.com\/fr\/172389\/","title":{"rendered":"\u00c9dito. Le PS en congr\u00e8s \u00e0 Nancy pour retrouver sa boussole"},"content":{"rendered":"<p>Le PS ne suscite plus vraiment l\u2019adh\u00e9sion. Pas plus, d\u2019ailleurs, qu\u2019il ne provoque de r\u00e9probation. Non, il est simplement l\u00e0. Pos\u00e9 dans la vie politique fran\u00e7aise. Lisse comme une statue de marbre, il a plus de souvenirs que de projets. Incapable de se r\u00e9inventer, il reconduit. \u00c0 l\u2019image de son Premier secr\u00e9taire, <a href=\"https:\/\/www.republicain-lorrain.fr\/p\/olivier-faure\" target=\"_blank\" rel=\"noopener\">Olivier Faure<\/a>, qui ne m\u00e9rite ni lauriers ni avanies. Bref, alors que commence leur 81 e congr\u00e8s, \u00e0 Nancy, les socialistes fran\u00e7ais sont toujours en une position d\u2019attente. Un \u00ab\u00a0en m\u00eame temps\u00a0\u00bb \u00e9mollient qui les p\u00e9trifie. Pas facile de trouver son chemin sans boussole ni ligne directrice. Le c\u0153ur bat toujours \u00e0 gauche, la t\u00eate musarde au centre et les gambettes, elles, n\u2019avancent pas, en attendant le r\u00e9sultat des d\u00e9lib\u00e9rations sibyllines entre l\u2019id\u00e9al et le pragmatisme.<\/p>\n<p>Coinc\u00e9 sur sa gauche par des Insoumis qui l\u2019insupportent, le PS est barr\u00e9 \u00e0 sa droite par une macronie avide de le gober tout cru. Alors son cap politique change sans cesse, au gr\u00e9 de la houle. Et les socialistes de regarder, avec une pointe de jalousie, leurs coll\u00e8gues et adversaires de LR. Ah, Les R\u00e9publicains\u00a0! Ils allaient aussi mal que l\u2019on peut aller apr\u00e8s une pr\u00e9sidentielle catastrophique, des l\u00e9gislatives fam\u00e9liques et des d\u00e9fections \u00e0 tous les \u00e9tages. Mais les voil\u00e0 requinqu\u00e9s, au centre du jeu, gonfl\u00e9s \u00e0 bloc comme une grenouille qui se r\u00eave taureau. Comment ont-ils r\u00e9ussi ce tour de force\u00a0? En revenant sans complexe \u00e0 leur fonds de commerce. La s\u00e9curit\u00e9, la s\u00e9curit\u00e9 et la s\u00e9curit\u00e9. Simple, efficace, un chou\u00efa d\u00e9magogique mais compr\u00e9hensible par tous. Durant cette parenth\u00e8se nanc\u00e9ienne, les socialistes, eux aussi, devront chercher &#8211; et retrouver\u00a0? &#8211; leur vertu cardinale. Celle qui permet l\u2019identification imm\u00e9diate, l\u2019approbation \u00e9ventuelle et la possibilit\u00e9 d\u2019un avenir. Les municipales approchent et la pr\u00e9sidentielle aussi\u00a0: le Parti socialiste n\u2019a plus le luxe de se noyer, comme souvent, dans ses propres courants.<\/p>\n","protected":false},"excerpt":{"rendered":"Le PS ne suscite plus vraiment l\u2019adh\u00e9sion. Pas plus, d\u2019ailleurs, qu\u2019il ne provoque de r\u00e9probation. Non, il est&hellip;\n","protected":false},"author":2,"featured_media":172390,"comment_status":"","ping_status":"","sticky":false,"template":"","format":"standard","meta":{"footnotes":""},"categories":[9635],"tags":[1111,11,5598,2518,1777,674,1011,27,329,775,6212,6213,5599,1702,12,3541,316,3456,25],"class_list":{"0":"post-172389","1":"post","2":"type-post","3":"status-publish","4":"format-standard","5":"has-post-thumbnail","7":"category-nancy","8":"tag-actu","9":"tag-actualites","10":"tag-edition-metz-et-agglomeration","11":"tag-edito","12":"tag-eu","13":"tag-europe","14":"tag-fr","15":"tag-france","16":"tag-france-monde","17":"tag-grand-est","18":"tag-metz","19":"tag-metz-ville-57b","20":"tag-moselle","21":"tag-nancy","22":"tag-news","23":"tag-parti-socialiste","24":"tag-politique","25":"tag-region-lorraine","26":"tag-republique-francaise"},"share_on_mastodon":{"url":"https:\/\/pubeurope.com\/@fr\/114673936297231570","error":""},"_links":{"self":[{"href":"https:\/\/www.europesays.com\/fr\/wp-json\/wp\/v2\/posts\/172389","targetHints":{"allow":["GET"]}}],"collection":[{"href":"https:\/\/www.europesays.com\/fr\/wp-json\/wp\/v2\/posts"}],"about":[{"href":"https:\/\/www.europesays.com\/fr\/wp-json\/wp\/v2\/types\/post"}],"author":[{"embeddable":true,"href":"https:\/\/www.europesays.com\/fr\/wp-json\/wp\/v2\/users\/2"}],"replies":[{"embeddable":true,"href":"https:\/\/www.europesays.com\/fr\/wp-json\/wp\/v2\/comments?post=172389"}],"version-history":[{"count":0,"href":"https:\/\/www.europesays.com\/fr\/wp-json\/wp\/v2\/posts\/172389\/revisions"}],"wp:featuredmedia":[{"embeddable":true,"href":"https:\/\/www.europesays.com\/fr\/wp-json\/wp\/v2\/media\/172390"}],"wp:attachment":[{"href":"https:\/\/www.europesays.com\/fr\/wp-json\/wp\/v2\/media?parent=172389"}],"wp:term":[{"taxonomy":"category","embeddable":true,"href":"https:\/\/www.europesays.com\/fr\/wp-json\/wp\/v2\/categories?post=172389"},{"taxonomy":"post_tag","embeddable":true,"href":"https:\/\/www.europesays.com\/fr\/wp-json\/wp\/v2\/tags?post=172389"}],"curies":[{"name":"wp","href":"https:\/\/api.w.org\/{rel}","templated":true}]}}